{"id":219235,"date":"2026-01-07T15:34:07","date_gmt":"2026-01-07T15:34:07","guid":{"rendered":"https:\/\/www.europesays.com\/pt\/219235\/"},"modified":"2026-01-07T15:34:07","modified_gmt":"2026-01-07T15:34:07","slug":"taxa-de-desemprego-geral-atinge-minimo-desde-2002-mas-desemprego-jovem-aumenta","status":"publish","type":"post","link":"https:\/\/www.europesays.com\/pt\/219235\/","title":{"rendered":"Taxa de desemprego geral atinge m\u00ednimo desde 2002, mas desemprego jovem aumenta"},"content":{"rendered":"<p>&#13;<br \/>\n\u00a0&#13;\n<\/p>\n<p>A taxa de desemprego em Portugal desceu para 5,7% em novembro de 2025, o valor mais baixo desde h\u00e1 23 anos (5,6%) segundo as estimativas mensais divulgadas pelo Instituto Nacional de Estat\u00edstica (INE). Os dados confirmam um desempenho hist\u00f3rico do mercado de trabalho, com m\u00e1ximos simult\u00e2neos na popula\u00e7\u00e3o empregada e na taxa de emprego.<\/p>\n<p>&#13;<br \/>\n\u00a0 <br \/>&#13;<br \/>\nDe acordo com o INE, a popula\u00e7\u00e3o desempregada diminuiu para 318,8 mil pessoas em novembro, menos 9,0 mil do que no m\u00eas anterior, o que corresponde a uma redu\u00e7\u00e3o de 2,7%. Em termos hom\u00f3logos, a descida \u00e9 ainda mais expressiva: menos 41,1 mil desempregados face a novembro de 2024, uma quebra de 11,4%.&#13;\n<\/p>\n<p>&#13;<br \/>\n\u00a0 <br \/>&#13;<br \/>\nA taxa de emprego fixou-se em 65,8%, o n\u00edvel mais elevado desde o in\u00edcio da s\u00e9rie estat\u00edstica, em 1998, segundo o relat\u00f3rio. Tamb\u00e9m a popula\u00e7\u00e3o empregada atingiu um novo m\u00e1ximo, refletindo a continuidade da tend\u00eancia positiva observada ao longo do ano.&#13;\n<\/p>\n<p>&#13;<br \/>\n<br \/>&#13;<br \/>\nApesar da melhoria generalizada, persistem diferen\u00e7as nos grupos et\u00e1rios. Entre os jovens dos 16 aos 24 anos, a taxa de desemprego manteve-se elevada, fixando-se em 19,3%. Ao contr\u00e1rio da tend\u00eancia global de descida, o desemprego jovem aumentou 0,3 pontos percentuais em novembro.&#13;\n<\/p>\n<p>&#13;<br \/>\n<br \/>&#13;<br \/>\nExiste ainda clivagem na an\u00e1lise entre homens e mulheres. A taxa de desemprego feminina situou-se em 6,4%, superando a masculina em 1,4 pontos percentuais. J\u00e1 a taxa de desemprego dos homens desceu para 5,0%, o valor mais baixo registado na \u00faltima d\u00e9cada.&#13;\n<\/p>\n<p>&#13;<br \/>\n<br \/>&#13;<br \/>\nEm contraste, a taxa de desemprego da popula\u00e7\u00e3o adulta, entre os 25 e os 74 anos, foi de apenas 4,7%, o valor mais baixo desde maio de 2002, confirmando um mercado de trabalho particularmente favor\u00e1vel para os trabalhadores em idade ativa consolidada.&#13;\n<\/p>\n<p>&#13;<br \/>\n<br \/>&#13;<br \/>\nO conceito de desempregado abrange indiv\u00edduos entre os 16 e os 74 anos que n\u00e3o tinham trabalho remunerado, procuraram emprego ativamente e estavam dispon\u00edveis para trabalhar.&#13;\n<\/p>\n<p>&#13;<br \/>\n<br \/>&#13;<br \/>\nOutro indicador relevante \u00e9 a subutiliza\u00e7\u00e3o do trabalho, que caiu para 9,8%, o valor mais baixo desde fevereiro de 2011. Este indicador inclui, al\u00e9m dos desempregados, outros grupos como os inativos dispon\u00edveis que n\u00e3o procuram emprego, oferecendo uma vis\u00e3o mais ampla do funcionamento do mercado laboral.&#13;\n<\/p>\n<p>\nOs resultados de novembro refor\u00e7am a trajet\u00f3ria de melhoria sustentada do mercado laboral portugu\u00eas, embora evidenciem desafios persistentes na integra\u00e7\u00e3o dos jovens e na redu\u00e7\u00e3o das desigualdades de g\u00e9nero.<\/p>\n<p>&#13;<br \/>\n\u00a0&#13;<\/p>\n","protected":false},"excerpt":{"rendered":"&#13; \u00a0&#13; A taxa de desemprego em Portugal desceu para 5,7% em novembro de 2025, o valor mais&hellip;\n","protected":false},"author":2,"featured_media":219236,"comment_status":"","ping_status":"","sticky":false,"template":"","format":"standard","meta":{"footnotes":""},"categories":[83],"tags":[88,89,90,13,32,33,420,421],"class_list":{"0":"post-219235","1":"post","2":"type-post","3":"status-publish","4":"format-standard","5":"has-post-thumbnail","7":"category-empresas","8":"tag-business","9":"tag-economy","10":"tag-empresas","11":"tag-noticias","12":"tag-portugal","13":"tag-pt","14":"tag-rtp","15":"tag-rtp-noticias"},"share_on_mastodon":{"url":"https:\/\/pubeurope.com\/@pt\/115854551570728126","error":""},"_links":{"self":[{"href":"https:\/\/www.europesays.com\/pt\/wp-json\/wp\/v2\/posts\/219235","targetHints":{"allow":["GET"]}}],"collection":[{"href":"https:\/\/www.europesays.com\/pt\/wp-json\/wp\/v2\/posts"}],"about":[{"href":"https:\/\/www.europesays.com\/pt\/wp-json\/wp\/v2\/types\/post"}],"author":[{"embeddable":true,"href":"https:\/\/www.europesays.com\/pt\/wp-json\/wp\/v2\/users\/2"}],"replies":[{"embeddable":true,"href":"https:\/\/www.europesays.com\/pt\/wp-json\/wp\/v2\/comments?post=219235"}],"version-history":[{"count":0,"href":"https:\/\/www.europesays.com\/pt\/wp-json\/wp\/v2\/posts\/219235\/revisions"}],"wp:featuredmedia":[{"embeddable":true,"href":"https:\/\/www.europesays.com\/pt\/wp-json\/wp\/v2\/media\/219236"}],"wp:attachment":[{"href":"https:\/\/www.europesays.com\/pt\/wp-json\/wp\/v2\/media?parent=219235"}],"wp:term":[{"taxonomy":"category","embeddable":true,"href":"https:\/\/www.europesays.com\/pt\/wp-json\/wp\/v2\/categories?post=219235"},{"taxonomy":"post_tag","embeddable":true,"href":"https:\/\/www.europesays.com\/pt\/wp-json\/wp\/v2\/tags?post=219235"}],"curies":[{"name":"wp","href":"https:\/\/api.w.org\/{rel}","templated":true}]}}