{"id":219238,"date":"2026-01-07T15:36:09","date_gmt":"2026-01-07T15:36:09","guid":{"rendered":"https:\/\/www.europesays.com\/pt\/219238\/"},"modified":"2026-01-07T15:36:09","modified_gmt":"2026-01-07T15:36:09","slug":"nao-vou-pedir-desculpa-justica-dos-estados-unidos-acredita-que-suspeito-de-matar-fisico-portugues-planeou-ataque-durante-meses","status":"publish","type":"post","link":"https:\/\/www.europesays.com\/pt\/219238\/","title":{"rendered":"\u201cN\u00e3o vou pedir desculpa\u201d: justi\u00e7a dos Estados Unidos acredita que suspeito de matar f\u00edsico portugu\u00eas planeou ataque durante meses"},"content":{"rendered":"<p>O portugu\u00eas suspeito de matar dois estudantes da Universidade de Brown e um compatriota professor do MIT planeava o ataque h\u00e1 pelo menos seis semestres, segundo dados divulgados esta ter\u00e7a-feira pelo Departamento de Justi\u00e7a dos Estados Unidos.<\/p>\n<p>Cl\u00e1udio Neves Valente, de 48 anos, antigo aluno da Brown e cidad\u00e3o portugu\u00eas, foi encontrado morto num armaz\u00e9m em New Hampshire depois de ter matado dois estudantes e ferido outras nove pessoas num edif\u00edcio de Engenharia, em 13 de dezembro.<\/p>\n<p>Dois dias depois, matou o professor do Instituto de Tecnologia de Massachusetts (MIT) Nuno Loureiro na sua casa em Brookline, sub\u00farbio de Boston.<\/p>\n<p>As autoridades do Departamento de Justi\u00e7a adiantaram esta ter\u00e7a-feira que, durante a busca no armaz\u00e9m onde o corpo de Neves Valente foi encontrado, o FBI (pol\u00edcia federal) recuperou um dispositivo eletr\u00f3nico que continha uma s\u00e9rie de v\u00eddeos curtos gravados por Neves Valente ap\u00f3s os tiroteios.<\/p>\n<p>Nas grava\u00e7\u00f5es, o atirador admite em portugu\u00eas que estava a \u201cplanear o ataque \u00e0 Universidade de Brown h\u00e1 muito tempo\u201d, segundo um comunicado de imprensa da Justi\u00e7a norte-americana.<\/p>\n<p>Neves n\u00e3o apresentou uma raz\u00e3o para ter atacado Brown ou o professor do MIT, com quem estudou em Portugal h\u00e1 d\u00e9cadas.<\/p>\n<p>Segundo as autoridades norte-americanas, o portugu\u00eas disse que n\u00e3o sentia que tivesse nada por que pedir desculpa e que queria \u201csair por conta pr\u00f3pria\u201d.<\/p>\n<p>Nos v\u00eddeos, queixou-se ainda de ter ferido o olho durante os disparos.<\/p>\n<p>\u201cN\u00e3o vou pedir desculpa porque, durante toda a minha vida, ningu\u00e9m pediu desculpas sinceras comigo\u201d, frisou, segundo a Justi\u00e7a norte-americana.<\/p>\n<p>Valente foi monitor do Instituto Superior T\u00e9cnico (IST), em Lisboa, onde foi colega de curso de Loureiro, tendo a institui\u00e7\u00e3o rescindido o contrato no ano em que foi estudar para os Estados Unidos.<\/p>\n<p>Em fevereiro de 2000, o T\u00e9cnico rescindiu o contrato que tinha com Cl\u00e1udio Neves Valente como monitor, conforme consta num despacho publicado em mar\u00e7o desse ano no Di\u00e1rio da Rep\u00fablica.<\/p>\n<p>Suspeito e v\u00edtima foram colegas de curso no IST, indicou a institui\u00e7\u00e3o, que confirmou em dezembro ter sido contactada pelas autoridades norte-americanas na sequ\u00eancia das investiga\u00e7\u00f5es do homic\u00eddio.<\/p>\n","protected":false},"excerpt":{"rendered":"O portugu\u00eas suspeito de matar dois estudantes da Universidade de Brown e um compatriota professor do MIT planeava&hellip;\n","protected":false},"author":2,"featured_media":202994,"comment_status":"","ping_status":"","sticky":false,"template":"","format":"standard","meta":{"footnotes":""},"categories":[10],"tags":[27,28,15,16,14,25,26,21,22,12,13,19,20,32,23,24,33,17,18,29,30,31],"class_list":{"0":"post-219238","1":"post","2":"type-post","3":"status-publish","4":"format-standard","5":"has-post-thumbnail","7":"category-portugal","8":"tag-breaking-news","9":"tag-breakingnews","10":"tag-featured-news","11":"tag-featurednews","12":"tag-headlines","13":"tag-latest-news","14":"tag-latestnews","15":"tag-main-news","16":"tag-mainnews","17":"tag-news","18":"tag-noticias","19":"tag-noticias-principais","20":"tag-noticiasprincipais","21":"tag-portugal","22":"tag-principais-noticias","23":"tag-principaisnoticias","24":"tag-pt","25":"tag-top-stories","26":"tag-topstories","27":"tag-ultimas","28":"tag-ultimas-noticias","29":"tag-ultimasnoticias"},"share_on_mastodon":{"url":"https:\/\/pubeurope.com\/@pt\/115854559527764923","error":""},"_links":{"self":[{"href":"https:\/\/www.europesays.com\/pt\/wp-json\/wp\/v2\/posts\/219238","targetHints":{"allow":["GET"]}}],"collection":[{"href":"https:\/\/www.europesays.com\/pt\/wp-json\/wp\/v2\/posts"}],"about":[{"href":"https:\/\/www.europesays.com\/pt\/wp-json\/wp\/v2\/types\/post"}],"author":[{"embeddable":true,"href":"https:\/\/www.europesays.com\/pt\/wp-json\/wp\/v2\/users\/2"}],"replies":[{"embeddable":true,"href":"https:\/\/www.europesays.com\/pt\/wp-json\/wp\/v2\/comments?post=219238"}],"version-history":[{"count":0,"href":"https:\/\/www.europesays.com\/pt\/wp-json\/wp\/v2\/posts\/219238\/revisions"}],"wp:featuredmedia":[{"embeddable":true,"href":"https:\/\/www.europesays.com\/pt\/wp-json\/wp\/v2\/media\/202994"}],"wp:attachment":[{"href":"https:\/\/www.europesays.com\/pt\/wp-json\/wp\/v2\/media?parent=219238"}],"wp:term":[{"taxonomy":"category","embeddable":true,"href":"https:\/\/www.europesays.com\/pt\/wp-json\/wp\/v2\/categories?post=219238"},{"taxonomy":"post_tag","embeddable":true,"href":"https:\/\/www.europesays.com\/pt\/wp-json\/wp\/v2\/tags?post=219238"}],"curies":[{"name":"wp","href":"https:\/\/api.w.org\/{rel}","templated":true}]}}