{"id":219269,"date":"2026-01-07T15:59:07","date_gmt":"2026-01-07T15:59:07","guid":{"rendered":"https:\/\/www.europesays.com\/pt\/219269\/"},"modified":"2026-01-07T15:59:07","modified_gmt":"2026-01-07T15:59:07","slug":"prefeitura-de-maceio-prefeitura-intensifica-vacinacao-para","status":"publish","type":"post","link":"https:\/\/www.europesays.com\/pt\/219269\/","title":{"rendered":"Prefeitura de Macei\u00f3 | Prefeitura intensifica vacina\u00e7\u00e3o para\u2026"},"content":{"rendered":"<p>Com o intuito de fortalecer e proteger a sa\u00fade dos trabalhadores no per\u00edodo da alta temporada, que traz uma grande demanda de turistas para a capital alagoana, a Coordena\u00e7\u00e3o T\u00e9cnica de Imuniza\u00e7\u00e3o de Macei\u00f3 intensificou o esquema vacinal para trabalhadores do setor hoteleiro e restaurantes.\u00a0<\/p>\n<p class=\"text-justify\">A iniciativa pretende prevenir a circula\u00e7\u00e3o de doen\u00e7as imunopreven\u00edveis e resgatar pessoas que estejam com doses pendentes no cart\u00e3o de vacina\u00e7\u00e3o, de modo a imunizar quem atua na \u00e1rea hoteleira e proteger o turista que visita Macei\u00f3.<\/p>\n<p class=\"text-justify\">Segundo Eunice Amorim, coordenadora t\u00e9cnica de Imuniza\u00e7\u00e3o, essa a\u00e7\u00e3o in loco \u00e9 fundamental. \u201cEsses trabalhadores mant\u00eam contato direto e frequente com turistas e visitantes de diversas regi\u00f5es do pa\u00eds e do mundo, por isso \u00e9 importante que estejam protegidos. Durante a a\u00e7\u00e3o, est\u00e3o sendo oferecidas vacinas contra a Covid-19, Influenza, Febre Amarela, Sarampo, T\u00e9tano e Hepatite B, conforme a situa\u00e7\u00e3o vacinal de cada trabalhador\u201d, destacou.<\/p>\n<p class=\"text-justify\">A Secretaria de Sa\u00fade de Macei\u00f3 (SMS) salienta que, ao longo de todo o ano, os profissionais da rede hoteleira tamb\u00e9m podem procurar uma Unidade de Sa\u00fade ou ponto fixo de vacina\u00e7\u00e3o mais pr\u00f3ximo para dar continuidade a atualiza\u00e7\u00e3o do esquema vacinal.<\/p>\n<p><a href=\"https:\/\/maceio.al.gov.br\/secretarias-e-orgaos\/sms\" rel=\"nofollow noopener\" target=\"_blank\">SMS<\/a>Secretaria Municipal de Sa\u00fade<\/p>\n<p>Rua Dias Cabral, 569 &#8211; Centro<br \/>CEP 57020-250 \/\/ Telefone: 82 3312-5400<br \/>Hor\u00e1rio de atendimento: segunda a sexta, de 8h \u00e0s 14h.<\/p>\n","protected":false},"excerpt":{"rendered":"Com o intuito de fortalecer e proteger a sa\u00fade dos trabalhadores no per\u00edodo da alta temporada, que traz&hellip;\n","protected":false},"author":2,"featured_media":219270,"comment_status":"","ping_status":"","sticky":false,"template":"","format":"standard","meta":{"footnotes":""},"categories":[86],"tags":[116,3130,32,33,117,4779,2820],"class_list":{"0":"post-219269","1":"post","2":"type-post","3":"status-publish","4":"format-standard","5":"has-post-thumbnail","7":"category-saude","8":"tag-health","9":"tag-imunizacao","10":"tag-portugal","11":"tag-pt","12":"tag-saude","13":"tag-saude-de-maceio","14":"tag-vacinacao"},"share_on_mastodon":{"url":"https:\/\/pubeurope.com\/@pt\/115854649844359371","error":""},"_links":{"self":[{"href":"https:\/\/www.europesays.com\/pt\/wp-json\/wp\/v2\/posts\/219269","targetHints":{"allow":["GET"]}}],"collection":[{"href":"https:\/\/www.europesays.com\/pt\/wp-json\/wp\/v2\/posts"}],"about":[{"href":"https:\/\/www.europesays.com\/pt\/wp-json\/wp\/v2\/types\/post"}],"author":[{"embeddable":true,"href":"https:\/\/www.europesays.com\/pt\/wp-json\/wp\/v2\/users\/2"}],"replies":[{"embeddable":true,"href":"https:\/\/www.europesays.com\/pt\/wp-json\/wp\/v2\/comments?post=219269"}],"version-history":[{"count":0,"href":"https:\/\/www.europesays.com\/pt\/wp-json\/wp\/v2\/posts\/219269\/revisions"}],"wp:featuredmedia":[{"embeddable":true,"href":"https:\/\/www.europesays.com\/pt\/wp-json\/wp\/v2\/media\/219270"}],"wp:attachment":[{"href":"https:\/\/www.europesays.com\/pt\/wp-json\/wp\/v2\/media?parent=219269"}],"wp:term":[{"taxonomy":"category","embeddable":true,"href":"https:\/\/www.europesays.com\/pt\/wp-json\/wp\/v2\/categories?post=219269"},{"taxonomy":"post_tag","embeddable":true,"href":"https:\/\/www.europesays.com\/pt\/wp-json\/wp\/v2\/tags?post=219269"}],"curies":[{"name":"wp","href":"https:\/\/api.w.org\/{rel}","templated":true}]}}