{"id":219275,"date":"2026-01-07T16:02:11","date_gmt":"2026-01-07T16:02:11","guid":{"rendered":"https:\/\/www.europesays.com\/pt\/219275\/"},"modified":"2026-01-07T16:02:11","modified_gmt":"2026-01-07T16:02:11","slug":"ex-ceo-do-eurobic-apontado-para-liderar-o-banco-montepio-banca-financas","status":"publish","type":"post","link":"https:\/\/www.europesays.com\/pt\/219275\/","title":{"rendered":"Ex-CEO do Eurobic apontado para liderar o Banco Montepio &#8211; Banca &#038; Finan\u00e7as"},"content":{"rendered":"<p class=\"\">&#13;<br \/>\n        O Banco Montepio dever\u00e1 mudar de lideran\u00e7a em breve. Virg\u00edlio Lima, reeleito presidente da Associa\u00e7\u00e3o Mutualista, tem mantido o tabu sobre o cargo da institui\u00e7\u00e3o, mas <b>Pedro Leit\u00e3o dever\u00e1 estar de sa\u00edda para dar lugar a Jos\u00e9 Azevedo Pereira<\/b>, <a href=\"https:\/\/eco.sapo.pt\/2026\/01\/07\/jose-azevedo-pereira-vai-ser-o-proximo-ceo-do-banco-montepio\/\" target=\"_blank\" rel=\"tag nofollow noopener\">avan\u00e7a o ECO<\/a>.&#13;\n    <\/p>\n<p class=\"\">&#13;<br \/>\n        <b>Azevedo Pereira foi diretor-geral da Autoridade Tribut\u00e1ria entre 2007 e 2012 e substituiu Teixeira dos Santos como CEO do Eurobic<\/b> em 2020. Com a venda do Eurobic ao Abanca, no ver\u00e3o de 2024, Jos\u00e9 Azevedo Pereira acabou por deixar a lideran\u00e7a do banco, devendo agora rumar ao Banco Montepio.&#13;\n    <\/p>\n<p class=\"\">&#13;<br \/>\n        O novo CEO, que ainda tem de ser aprovado pelo Banco de Portugal, s\u00f3 <b>dever\u00e1 ser confirmado em abril, ap\u00f3s a apresenta\u00e7\u00e3o das contas anuais do Banco Montepio<\/b> e com a realiza\u00e7\u00e3o de uma assembleia geral para eleger os novos \u00f3rg\u00e3os sociais da institui\u00e7\u00e3o financeira.&#13;\n    <\/p>\n","protected":false},"excerpt":{"rendered":"&#13; O Banco Montepio dever\u00e1 mudar de lideran\u00e7a em breve. Virg\u00edlio Lima, reeleito presidente da Associa\u00e7\u00e3o Mutualista, tem&hellip;\n","protected":false},"author":2,"featured_media":219276,"comment_status":"","ping_status":"","sticky":false,"template":"","format":"standard","meta":{"footnotes":""},"categories":[83],"tags":[88,89,90,32,33],"class_list":{"0":"post-219275","1":"post","2":"type-post","3":"status-publish","4":"format-standard","5":"has-post-thumbnail","7":"category-empresas","8":"tag-business","9":"tag-economy","10":"tag-empresas","11":"tag-portugal","12":"tag-pt"},"share_on_mastodon":{"url":"https:\/\/pubeurope.com\/@pt\/115854661942012532","error":""},"_links":{"self":[{"href":"https:\/\/www.europesays.com\/pt\/wp-json\/wp\/v2\/posts\/219275","targetHints":{"allow":["GET"]}}],"collection":[{"href":"https:\/\/www.europesays.com\/pt\/wp-json\/wp\/v2\/posts"}],"about":[{"href":"https:\/\/www.europesays.com\/pt\/wp-json\/wp\/v2\/types\/post"}],"author":[{"embeddable":true,"href":"https:\/\/www.europesays.com\/pt\/wp-json\/wp\/v2\/users\/2"}],"replies":[{"embeddable":true,"href":"https:\/\/www.europesays.com\/pt\/wp-json\/wp\/v2\/comments?post=219275"}],"version-history":[{"count":0,"href":"https:\/\/www.europesays.com\/pt\/wp-json\/wp\/v2\/posts\/219275\/revisions"}],"wp:featuredmedia":[{"embeddable":true,"href":"https:\/\/www.europesays.com\/pt\/wp-json\/wp\/v2\/media\/219276"}],"wp:attachment":[{"href":"https:\/\/www.europesays.com\/pt\/wp-json\/wp\/v2\/media?parent=219275"}],"wp:term":[{"taxonomy":"category","embeddable":true,"href":"https:\/\/www.europesays.com\/pt\/wp-json\/wp\/v2\/categories?post=219275"},{"taxonomy":"post_tag","embeddable":true,"href":"https:\/\/www.europesays.com\/pt\/wp-json\/wp\/v2\/tags?post=219275"}],"curies":[{"name":"wp","href":"https:\/\/api.w.org\/{rel}","templated":true}]}}