{"id":219279,"date":"2026-01-07T16:05:08","date_gmt":"2026-01-07T16:05:08","guid":{"rendered":"https:\/\/www.europesays.com\/pt\/219279\/"},"modified":"2026-01-07T16:05:08","modified_gmt":"2026-01-07T16:05:08","slug":"tres-horas-a-espera-do-inem-presidente-responsabiliza-hospitais-por-reterem-macas-saude","status":"publish","type":"post","link":"https:\/\/www.europesays.com\/pt\/219279\/","title":{"rendered":"Tr\u00eas horas \u00e0 espera do INEM: presidente responsabiliza hospitais por reterem macas | Sa\u00fade"},"content":{"rendered":"<p>O presidente do INEM recusa que tenha havido falhas do instituto e do novo modelo de prioridades para accionamento de meios, implementado no in\u00edcio do ano, no caso do homem que morreu depois de ter esperado <a href=\"http:\/\/publico.pt\/2026\/01\/07\/sociedade\/noticia\/seixal-homem-morreu-quase-tres-horas-espera-inem-bombeiros-criticam-sistema-triagem-2160319?ref=sociedade&amp;cx=page__content\" rel=\"nofollow noopener\" target=\"_blank\">tr\u00eas horas por socorro<\/a>. Lu\u00eds Cabral atribui responsabilidades aos hospitais da Margem Sul do Tejo pela reten\u00e7\u00e3o das macas das ambul\u00e2ncias. Segundo o dirigente, a triagem e o accionamento funcionaram, mas n\u00e3o havia meios dispon\u00edveis.<\/p>\n<p>Na passada ter\u00e7a-feira, um homem de 78 anos ligou para o INEM, \u00e0s 11h23, depois de ter ca\u00eddo em casa, no Seixal. A situa\u00e7\u00e3o foi classificada como prioridade tr\u00eas (urgente), que prev\u00ea o accionamento de meios at\u00e9 60 minutos, mas a viatura m\u00e9dica s\u00f3 foi enviada quase tr\u00eas horas depois, \u00e0s 14h09, quando a v\u00edtima j\u00e1 se encontrava em paragem cardiorrespirat\u00f3ria. O socorro j\u00e1 n\u00e3o foi a tempo de evitar o desfecho fatal.<\/p>\n<p>A Inspec\u00e7\u00e3o- Geral das Actividades em Sa\u00fade (IGAS) j\u00e1 abriu um inqu\u00e9rito ao caso para &#8220;investigar a qualidade do servi\u00e7o na perspectiva da prontid\u00e3o, designadamente por parte do INEM&#8221;.<\/p>\n<p>\u201cFizemos uma tentativa de activa\u00e7\u00e3o ao fim de 15 minutos, mas infelizmente por falta de meios dispon\u00edveis, n\u00e3o foi poss\u00edvel darmos esta resposta\u201d, afirmou Lu\u00eds Cabral, em declara\u00e7\u00f5es aos jornalistas na sede do INEM, em Lisboa.<\/p>\n<p>O presidente do instituto, que tomou posse em Novembro, garante que tem os meios suficientes para as necessidades, tendo havido um refor\u00e7o de seis ambul\u00e2ncias na Margem Sul para o acr\u00e9scimo da procura neste Inverno. As centrais do INEM recebem em m\u00e9dia 4500 chamadas por dia, mas desde a \u00e9poca festiva a m\u00e9dia de atendimentos por dia est\u00e1 nos 5500, adiantou Lu\u00eds Cabral. Ainda assim, assegurou, o INEM tem conseguido responder, mas &#8220;os meios s\u00e3o finitos&#8221; e n\u00e3o podem ficar retidos nos hospitais \u00e0 espera que sejam devolvidas as macas em que os doentes foram transportados.<\/p>\n<p>\u201cInfelizmente, e como tem sido not\u00edcia em todos os \u00f3rg\u00e3os de comunica\u00e7\u00e3o social do pa\u00eds, h\u00e1 uma limita\u00e7\u00e3o muito significativa de ambul\u00e2ncias, principalmente na margem sul, por via da reten\u00e7\u00e3o dessas ambul\u00e2ncias nas unidades de sa\u00fade\u201d, afirmou. Sublinhando que &#8220;se todos os meios que o INEM tem \u00e0 sua disposi\u00e7\u00e3o fossem capazes de chegar aos hospitais, entregar os doentes e ficarem imediatamente dispon\u00edveis, n\u00e3o haveria qualquer limita\u00e7\u00e3o&#8221;.<\/p>\n<p>O INEM abriu uma auditoria ao caso, estando a tentar perceber quantas ambul\u00e2ncias o CODU tentou accionar, quer junto dos bombeiros quer do pr\u00f3prio INEM, para responder ao pedido de socorro e as raz\u00f5es para a sua indisponibilidade.<\/p>\n<p>Lu\u00eds Cabral rejeita qualquer liga\u00e7\u00e3o entre o atraso no socorro e o novo modelo de prioridades implementado no dia 2 de Janeiro nos centros de orienta\u00e7\u00e3o de doentes urgentes do INEM, alegando que a prioridade que foi definida para o doente foi \u201cexactamente a mesma prioridade que teria sido definida no sistema de prioridades anterior, ou seja, a prioridade urgente\u201d. O dirigente acrescentou que os fluxogramas que est\u00e3o a ser usados s\u00e3o os mesmos e os t\u00e9cnicos que est\u00e3o a atender as chamadas e a definir o desfecho das situa\u00e7\u00f5es tamb\u00e9m s\u00e3o os mesmos. E explicou que os accionamentos dos meios s\u00e3o feitos &#8220;sempre que \u00e9 poss\u00edvel e de imediato&#8221;, n\u00e3o ficando as ocorr\u00eancias retidas \u00e0 espera que sejam atingidos os tempos- alvo de resposta.<\/p>\n<p>O presidente do Sindicato dos T\u00e9cnicos de Emerg\u00eancia Pr\u00e9-Hospitalar, Rui L\u00e1zaro, admitiu esta quarta-feira que o novo sistema possa ter contribu\u00eddo para o desfecho fatal.<\/p>\n<p>&#8220;Provavelmente contribuiu porque, consoante a prioridade que lhe foi atribu\u00edda, poderia ser enviado o meio at\u00e9 60 minutos. Por isso, at\u00e9 a\u00ed n\u00e3o me espanta que n\u00e3o tenha havido procura de meios para serem enviados&#8221;, afirmou o presidente do STEPH, Rui L\u00e1zaro.<\/p>\n<p>Sindicato fala em v\u00e1rias den\u00fancias de atrasos<\/p>\n<p>O dirigente sindical disse ainda que &#8220;se o novo sistema n\u00e3o tivesse sido implementado, assim que a ocorr\u00eancia foi criada, j\u00e1 se procuraria uma ambul\u00e2ncia para ser enviada&#8221;.<\/p>\n<p>Rui L\u00e1zaro adiantou que esta situa\u00e7\u00e3o vem &#8220;confirmar o risco de deixar as pessoas \u00e0 espera&#8221; e confirma que desde que o novo sistema de triagem do INEM come\u00e7ou a funcionar, o sindicato tem recebido diariamente den\u00fancias de situa\u00e7\u00f5es cujo tempo previsto nas prioridades foi ultrapassado sem que tivesse sido enviada qualquer ambul\u00e2ncia.<\/p>\n<p>Na sexta-feira, o INEM anunciou o in\u00edcio de um novo sistema de atendimento das chamadas recebidas nos CODU (Centro de Orienta\u00e7\u00e3o de Doentes Urgentes), que prev\u00ea cinco n\u00edveis de prioridade (emergente, muito urgente, urgente, pouco urgente e n\u00e3o urgente), \u00e0 semelhan\u00e7a da triagem usada nos hospitais.<\/p>\n<p>A classifica\u00e7\u00e3o resulta da avalia\u00e7\u00e3o cl\u00ednica que \u00e9 realizada pelos profissionais do CODU, com base na informa\u00e7\u00e3o recolhida durante a chamada.<\/p>\n<p>A prioridade emergente, para situa\u00e7\u00f5es de risco de vida iminente, implica uma resposta imediata, com o envio de meios de suporte b\u00e1sico de vida, articulados com suporte imediato ou avan\u00e7ado de vida. Para os casos muito urgentes, o novo sistema prev\u00ea a chegada do primeiro meio de socorro ao local at\u00e9 18 minutos e nas situa\u00e7\u00f5es urgentes, com risco de agravamento cl\u00ednico, o tempo de resposta previsto \u00e9 at\u00e9 60 minutos. J\u00e1 os pouco urgentes prev\u00eaem a chegada ao local de meios em 120 minutos. Os casos triados como n\u00e3o urgentes, s\u00e3o classificados como situa\u00e7\u00f5es que n\u00e3o implicam o envio de meios de emerg\u00eancia, sendo a chamada transferida de imediato para a linha SNS 24, onde \u00e9 garantido aconselhamento e encaminhamento adequados.<\/p>\n<p>No final da chamada, o cidad\u00e3o passa a ser informado sobre a prioridade atribu\u00edda, o tempo de resposta estimado e o encaminhamento definido, explicou o INEM em comunicado, acrescentando que se trata de uma aposta na \u201ctranspar\u00eancia e na gest\u00e3o das expectativas de quem recorre ao 112\u201d. Caso a v\u00edtima apresente uma altera\u00e7\u00e3o dos sinais relatados ou o aparecimento de um novo sintoma, ser\u00e1 aconselhada a ligar de novo para o 112.<\/p>\n<p>Nas declara\u00e7\u00f5es aos jornalistas a prop\u00f3sito do caso do Seixal, o presidente do INEM afirmou que o novo modelo est\u00e1 a ser monitorizado para que os resultados possam ser comparados a n\u00edvel internacional.<\/p>\n","protected":false},"excerpt":{"rendered":"O presidente do INEM recusa que tenha havido falhas do instituto e do novo modelo de prioridades para&hellip;\n","protected":false},"author":2,"featured_media":219280,"comment_status":"","ping_status":"","sticky":false,"template":"","format":"standard","meta":{"footnotes":""},"categories":[8],"tags":[627,27,28,15,16,14,2648,7923,25,26,21,22,12,13,19,20,32,23,24,33,117,850,58,17,18,29,30,31],"class_list":{"0":"post-219279","1":"post","2":"type-post","3":"status-publish","4":"format-standard","5":"has-post-thumbnail","7":"category-principais-noticias","8":"tag-bombeiros","9":"tag-breaking-news","10":"tag-breakingnews","11":"tag-featured-news","12":"tag-featurednews","13":"tag-headlines","14":"tag-hospitais","15":"tag-inem","16":"tag-latest-news","17":"tag-latestnews","18":"tag-main-news","19":"tag-mainnews","20":"tag-news","21":"tag-noticias","22":"tag-noticias-principais","23":"tag-noticiasprincipais","24":"tag-portugal","25":"tag-principais-noticias","26":"tag-principaisnoticias","27":"tag-pt","28":"tag-saude","29":"tag-servico-nacional-de-saude","30":"tag-sociedade","31":"tag-top-stories","32":"tag-topstories","33":"tag-ultimas","34":"tag-ultimas-noticias","35":"tag-ultimasnoticias"},"share_on_mastodon":{"url":"https:\/\/pubeurope.com\/@pt\/115854673666491797","error":""},"_links":{"self":[{"href":"https:\/\/www.europesays.com\/pt\/wp-json\/wp\/v2\/posts\/219279","targetHints":{"allow":["GET"]}}],"collection":[{"href":"https:\/\/www.europesays.com\/pt\/wp-json\/wp\/v2\/posts"}],"about":[{"href":"https:\/\/www.europesays.com\/pt\/wp-json\/wp\/v2\/types\/post"}],"author":[{"embeddable":true,"href":"https:\/\/www.europesays.com\/pt\/wp-json\/wp\/v2\/users\/2"}],"replies":[{"embeddable":true,"href":"https:\/\/www.europesays.com\/pt\/wp-json\/wp\/v2\/comments?post=219279"}],"version-history":[{"count":0,"href":"https:\/\/www.europesays.com\/pt\/wp-json\/wp\/v2\/posts\/219279\/revisions"}],"wp:featuredmedia":[{"embeddable":true,"href":"https:\/\/www.europesays.com\/pt\/wp-json\/wp\/v2\/media\/219280"}],"wp:attachment":[{"href":"https:\/\/www.europesays.com\/pt\/wp-json\/wp\/v2\/media?parent=219279"}],"wp:term":[{"taxonomy":"category","embeddable":true,"href":"https:\/\/www.europesays.com\/pt\/wp-json\/wp\/v2\/categories?post=219279"},{"taxonomy":"post_tag","embeddable":true,"href":"https:\/\/www.europesays.com\/pt\/wp-json\/wp\/v2\/tags?post=219279"}],"curies":[{"name":"wp","href":"https:\/\/api.w.org\/{rel}","templated":true}]}}