{"id":219281,"date":"2026-01-07T16:06:08","date_gmt":"2026-01-07T16:06:08","guid":{"rendered":"https:\/\/www.europesays.com\/pt\/219281\/"},"modified":"2026-01-07T16:06:08","modified_gmt":"2026-01-07T16:06:08","slug":"em-clima-tropical-maisa-posa-de-biquini-e-curte-praia-com-ex-de-marquezine","status":"publish","type":"post","link":"https:\/\/www.europesays.com\/pt\/219281\/","title":{"rendered":"Em clima tropical, Ma\u00edsa posa de biqu\u00edni e curte praia com ex de Marquezine"},"content":{"rendered":"<p class=\"texto\"><strong><a href=\"https:\/\/www.correiobraziliense.com.br\/busca\/ma%C3%ADsa\/page\/1\/\" target=\"_blank\" rel=\"nofollow noopener\">Ma\u00edsa Silva<\/a><\/strong> escolheu o litoral pernambucano para aproveitar um per\u00edodo de folga e dividiu com os seguidores alguns momentos da viagem.<\/p>\n<p class=\"texto\">Nesta ter\u00e7a-feira (6), a atriz publicou registros feitos em Carneiros, mostrando dias de f\u00e9rias ao lado de amigos em meio ao cen\u00e1rio de praia e ver\u00e3o.<\/p>\n<p data-start=\"289\" data-end=\"610\">As fotos mostram Ma\u00edsa curtindo o clima descontra\u00eddo do local, usando um biqu\u00edni com estampa de zebra e aproveitando a companhia do grupo.<\/p>\n<p data-start=\"289\" data-end=\"610\">Entre os presentes est\u00e1 o ator e ex-namorado de Bruna Marquezine, Jo\u00e3o Guilherme. Na legenda da publica\u00e7\u00e3o, a artista escreveu: &#8220;O tempo voa por aqui&#8221;.<\/p>\n<p data-start=\"612\" data-end=\"867\">A postagem gerou forte engajamento e rendeu uma enxurrada de coment\u00e1rios dos f\u00e3s.<\/p>\n<p data-start=\"612\" data-end=\"867\">&#8220;Cada dia mais gata&#8221;, escreveu um seguidor. &#8220;Lindaaaaaa, e n\u00e3o falo apenas de beleza&#8221;, disse outro. &#8220;Vc \u00e9 a amiga que todos sonham em ter&#8221;, comentou um terceiro.<\/p>\n<p data-start=\"869\" data-end=\"1165\" data-is-last-node=\"\" data-is-only-node=\"\">A viagem acontece pouco tempo depois de <strong><a href=\"https:\/\/www.instagram.com\/maisa\/?hl=pt-br\" target=\"_blank\" rel=\"nofollow noopener\">Ma\u00edsa <\/a><\/strong>e Jo\u00e3o Guilherme terem passado juntos o R\u00e9veillon em Pernambuco.<\/p>\n<p data-start=\"869\" data-end=\"1165\" data-is-last-node=\"\" data-is-only-node=\"\">Na ocasi\u00e3o, eles participaram de uma festa na praia de Maraca\u00edpe e compartilharam diversos registros nas redes sociais, aproveitando o clima de ver\u00e3o e a paisagem do litoral nordestino.<\/p>\n<p class=\"texto\">\u00a0<\/p>\n<p class=\"texto\">\u00a0<\/p>\n<p class=\"texto\">\u00a0<\/p>\n<p class=\"texto\">\u00a0<\/p>\n<p class=\"texto\">\u00a0<\/p>\n<p class=\"texto\">\u00a0<\/p>\n<p class=\"texto\">\u00a0<\/p>\n<p class=\"texto\">\u00a0<\/p>\n<p class=\"texto\">\u00a0<\/p>\n<p class=\"texto\">\u00a0<\/p>\n<p class=\"texto\">\u00a0<\/p>\n<p class=\"texto\">\u00a0<\/p>\n<p class=\"texto\">\u00a0<\/p>\n<p class=\"texto\">\u00a0<\/p>\n<p class=\"texto\">\u00a0<\/p>\n<p class=\"texto\">\n<ul>\n<li><a href=\"https:\/\/wa.me\/?text=Em+clima+tropical%2C+Ma%C3%ADsa+posa+de+biqu%C3%ADni+e+curte+praia+com+ex+de+Marquezine%20https:\/\/www.correiobraziliense.com.br\/colunistas\/mariana-morais\/2026\/01\/7327794-em-clima-tropical-maisa-posa-de-biquini-e-curte-praia-com-ex-de-marquezine.html\" target=\"_blank\" title=\"Whatsapp\" aria-label=\"WhatsApp\" rel=\"nofollow noopener\"><\/a><\/li>\n<li><a href=\"https:\/\/www.facebook.com\/sharer.php?u=https:\/\/www.correiobraziliense.com.br%2Fcolunistas%2Fmariana-morais%2F2026%2F01%2F7327794-em-clima-tropical-maisa-posa-de-biquini-e-curte-praia-com-ex-de-marquezine.html&amp;text=Em+clima+tropical%2C+Ma%C3%ADsa+posa+de+biqu%C3%ADni+e+curte+praia+com+ex+de+Marquezine\" target=\"_blank\" title=\"Facebook\" aria-label=\"Facebook\" rel=\"nofollow noopener\"><\/a><\/li>\n<li><a href=\"https:\/\/twitter.com\/intent\/tweet?url=https:\/\/www.correiobraziliense.com.br%2Fcolunistas%2Fmariana-morais%2F2026%2F01%2F7327794-em-clima-tropical-maisa-posa-de-biquini-e-curte-praia-com-ex-de-marquezine.html&amp;text=Em+clima+tropical%2C+Ma%C3%ADsa+posa+de+biqu%C3%ADni+e+curte+praia+com+ex+de+Marquezine\" target=\"_blank\" title=\"Twitter\" aria-label=\"Twitter\" rel=\"nofollow noopener\"><\/a><\/li>\n<li><a href=\"https:\/\/profile.google.com\/cp\/CgovbS8wNzZ0dms1\" title=\"Google Discover\" target=\"_blank\" aria-label=\"Google Discover\" rel=\"nofollow noopener\"><img decoding=\"async\" src=\"https:\/\/www.europesays.com\/pt\/wp-content\/uploads\/2025\/12\/google-discover-icon.png\" style=\"height: 25px; margin: 0 !important; margin-left: 3px;\" alt=\"Google Discover Icon\"\/><\/a><\/li>\n<\/ul>\n<p>                          <script async src=\"https:\/\/platform.twitter.com\/widgets.js\" charset=\"utf-8\"><\/script><script async src=\"\/\/www.instagram.com\/embed.js\"><\/script><\/p>\n","protected":false},"excerpt":{"rendered":"Ma\u00edsa Silva escolheu o litoral pernambucano para aproveitar um per\u00edodo de folga e dividiu com os seguidores alguns&hellip;\n","protected":false},"author":2,"featured_media":219282,"comment_status":"","ping_status":"","sticky":false,"template":"","format":"standard","meta":{"footnotes":""},"categories":[145],"tags":[211,210,114,115,32,33,11519],"class_list":{"0":"post-219281","1":"post","2":"type-post","3":"status-publish","4":"format-standard","5":"has-post-thumbnail","7":"category-celebridades","8":"tag-celebridades","9":"tag-celebrities","10":"tag-entertainment","11":"tag-entretenimento","12":"tag-portugal","13":"tag-pt","14":"tag-silva"},"share_on_mastodon":{"url":"https:\/\/pubeurope.com\/@pt\/115854677273188117","error":""},"_links":{"self":[{"href":"https:\/\/www.europesays.com\/pt\/wp-json\/wp\/v2\/posts\/219281","targetHints":{"allow":["GET"]}}],"collection":[{"href":"https:\/\/www.europesays.com\/pt\/wp-json\/wp\/v2\/posts"}],"about":[{"href":"https:\/\/www.europesays.com\/pt\/wp-json\/wp\/v2\/types\/post"}],"author":[{"embeddable":true,"href":"https:\/\/www.europesays.com\/pt\/wp-json\/wp\/v2\/users\/2"}],"replies":[{"embeddable":true,"href":"https:\/\/www.europesays.com\/pt\/wp-json\/wp\/v2\/comments?post=219281"}],"version-history":[{"count":0,"href":"https:\/\/www.europesays.com\/pt\/wp-json\/wp\/v2\/posts\/219281\/revisions"}],"wp:featuredmedia":[{"embeddable":true,"href":"https:\/\/www.europesays.com\/pt\/wp-json\/wp\/v2\/media\/219282"}],"wp:attachment":[{"href":"https:\/\/www.europesays.com\/pt\/wp-json\/wp\/v2\/media?parent=219281"}],"wp:term":[{"taxonomy":"category","embeddable":true,"href":"https:\/\/www.europesays.com\/pt\/wp-json\/wp\/v2\/categories?post=219281"},{"taxonomy":"post_tag","embeddable":true,"href":"https:\/\/www.europesays.com\/pt\/wp-json\/wp\/v2\/tags?post=219281"}],"curies":[{"name":"wp","href":"https:\/\/api.w.org\/{rel}","templated":true}]}}