{"id":219287,"date":"2026-01-07T16:11:49","date_gmt":"2026-01-07T16:11:49","guid":{"rendered":"https:\/\/www.europesays.com\/pt\/219287\/"},"modified":"2026-01-07T16:11:49","modified_gmt":"2026-01-07T16:11:49","slug":"batalha-atras-de-batalha-melhor-filme-nos-critics-choice-awards-rtp","status":"publish","type":"post","link":"https:\/\/www.europesays.com\/pt\/219287\/","title":{"rendered":"&quot;Batalha Atr\u00e1s de Batalha&quot; melhor filme nos Critics Choice Awards &#8211; RTP"},"content":{"rendered":"<ol>\n<li><a href=\"https:\/\/news.google.com\/rss\/articles\/CBMirAFBVV95cUxPRkY4UUI5clVpT3BrZXJLU3pHaDRpdm5TeEZNMndCdlNBQkJnajlRelB0aURPMFZMNFhsd3Y1UlhUN0lkTG83Y0Q4NVM4T2IxOFUyZjhQX1ZTQnJrclh6MWdoWDFIS3ZEUnpYNkRjbDF6QzJjcktFaS1qb25mbnVLYUREc3paeDJBSWJabzhHaE9hc1lTRDV3RnBVbEZfaG1ManFKR0lOQXYyVC1I?oc=5\" target=\"_blank\" rel=\"nofollow noopener\">&#8220;Batalha Atr\u00e1s de Batalha&#8221; melhor filme nos Critics Choice Awards<\/a>&nbsp;&nbsp;RTP<\/li>\n<li><a href=\"https:\/\/news.google.com\/rss\/articles\/CBMi3AJBVV95cUxPbFNRUW8zLWk1TkY2ZHpiTGw2SGg1QlBxck40MGZHOFNGa1R5TWdZa3p6NFhkeGduTFp4eFBPcEg3aTJOekd4UE4yeGlLaXdja3Z4UGtYX0tibW9TSmROR0FIX0czcEpHcDR5QWd3VEhTMDFDOWVTaFo5STB6M1BvbmlMMVVjU1dTbU1hMkNRbTJLd1hoZmtPWkRVbmRNREdIc1IwaWs2Yl9iUmRKV3NxNzJaNkRMM0lmWkVaZUo3UXlGa1NrbjNXcEI3QlhaOWlpdjdTeHg3Vm05MXlRVUNFR1Vla3BDZ05ZUERybURoYTluSER4RWNCSzhQMU9XVXgxc0tCYklOZjh6X3haN2o1VlZRUE92UGszWm9ybnlPYkpqZTNBQzl2VV9tazV5aEcybG9DT1ZpUVdka24wbk9CZjBLTWJGQk5lUWpjWEkybmdZRnVLRG5MVEdFS2c?oc=5\" target=\"_blank\" rel=\"nofollow noopener\">&#8220;Uma Batalha Ap\u00f3s a Outra&#8221; lidera com 14 indica\u00e7\u00f5es no Columbus Film Critics Association Awards 2025! &#8220;Vivo ou Morto: Um Mist\u00e9rio Knives Out&#8221; chama aten\u00e7\u00e3o indicado em Filme e Dire\u00e7\u00e3o!<\/a>&nbsp;&nbsp;Term\u00f4metro Oscar 2026<\/li>\n<li><a href=\"https:\/\/news.google.com\/rss\/articles\/CBMizgFBVV95cUxONUwtTTNjc2xIU3JYS09GOTIzanZvNWQ4VE5XTVJTc2lKTmppVUUzb01aM2FoQ1ludXpCT2MyZy1NcXpKdGpPYVZ1UGJmLVIxN2M0aWd1a0R1Y0trdjg2Nl9nS2o0SVZnUGNtN1cwQm5pTmVDODRndmdXN1pFWmt5X3FSVTU3ZWhnUkNKcDI3aWRxOHZqRzJzcl8tNEZ5cm9weDN3eENua3dORUg2endMT0ktaXhvTDhad2t0SGkwNC1NOU5ENDVJc2tUa2tCQQ?oc=5\" target=\"_blank\" rel=\"nofollow noopener\">Amaury Jr &#8211; Critics Choice: favoritos surgem e a corrida para o Oscar se reorganiza<\/a>&nbsp;&nbsp;UOL<\/li>\n<li><a href=\"https:\/\/news.google.com\/rss\/articles\/CBMicEFVX3lxTE5UUTNNaFBEQWo1bVJwMkVuSVBfOThhYlpfd19QZUR5c01DdVFGcjh1dHFBbGdJYUVWTGJiRHdsM2RGclB4QVFpUlc4TVpvU0lMTmdabm9fMnJhQ2RZNVc0dEh3MlZheVdQWmpycEpHRmU?oc=5\" target=\"_blank\" rel=\"nofollow noopener\">Via Streaming- Dica da Semana: \u201cUma Batalha Ap\u00f3s a Outra\u201d ABC do ABC<\/a>&nbsp;&nbsp;Portal ABC do ABC<\/li>\n<li><a href=\"https:\/\/news.google.com\/rss\/articles\/CBMimAFBVV95cUxNdjRrSTBwTjEtUWZkNjg1dDBzTTdUcGNTd0UyOFpHd1psSVgzc09ZZTVxVVVqNTk2a2I2eUdwVEF2Q2xMY3A4UnMwc3hlR3VTSG95b1pxel9wWWo1RG41M1ZGRHhpOFlKLW1ZeUZvSHh6RU9iVEFpTGRwWjNhQk10cUd4YXlnMXVzVnotRFViZWRRa0N1Z2NRLQ?oc=5\" target=\"_blank\" rel=\"nofollow noopener\">Zach Cregger, de A Hora do Mal, exalta Uma Batalha Ap\u00f3s a Outra: &#8220;\u00c9 insano&#8221;<\/a>&nbsp;&nbsp;ovicio.com.br<\/li>\n<\/ol>\n","protected":false},"excerpt":{"rendered":"&#8220;Batalha Atr\u00e1s de Batalha&#8221; melhor filme nos Critics Choice Awards&nbsp;&nbsp;RTP &#8220;Uma Batalha Ap\u00f3s a Outra&#8221; lidera com 14&hellip;\n","protected":false},"author":2,"featured_media":219288,"comment_status":"","ping_status":"","sticky":false,"template":"","format":"standard","meta":{"footnotes":""},"categories":[140],"tags":[114,115,147,148,146,13,32,33,420,421],"class_list":{"0":"post-219287","1":"post","2":"type-post","3":"status-publish","4":"format-standard","5":"has-post-thumbnail","7":"category-filmes","8":"tag-entertainment","9":"tag-entretenimento","10":"tag-film","11":"tag-filmes","12":"tag-movies","13":"tag-noticias","14":"tag-portugal","15":"tag-pt","16":"tag-rtp","17":"tag-rtp-noticias"},"share_on_mastodon":{"url":"https:\/\/pubeurope.com\/@pt\/115854700959857482","error":""},"_links":{"self":[{"href":"https:\/\/www.europesays.com\/pt\/wp-json\/wp\/v2\/posts\/219287","targetHints":{"allow":["GET"]}}],"collection":[{"href":"https:\/\/www.europesays.com\/pt\/wp-json\/wp\/v2\/posts"}],"about":[{"href":"https:\/\/www.europesays.com\/pt\/wp-json\/wp\/v2\/types\/post"}],"author":[{"embeddable":true,"href":"https:\/\/www.europesays.com\/pt\/wp-json\/wp\/v2\/users\/2"}],"replies":[{"embeddable":true,"href":"https:\/\/www.europesays.com\/pt\/wp-json\/wp\/v2\/comments?post=219287"}],"version-history":[{"count":0,"href":"https:\/\/www.europesays.com\/pt\/wp-json\/wp\/v2\/posts\/219287\/revisions"}],"wp:featuredmedia":[{"embeddable":true,"href":"https:\/\/www.europesays.com\/pt\/wp-json\/wp\/v2\/media\/219288"}],"wp:attachment":[{"href":"https:\/\/www.europesays.com\/pt\/wp-json\/wp\/v2\/media?parent=219287"}],"wp:term":[{"taxonomy":"category","embeddable":true,"href":"https:\/\/www.europesays.com\/pt\/wp-json\/wp\/v2\/categories?post=219287"},{"taxonomy":"post_tag","embeddable":true,"href":"https:\/\/www.europesays.com\/pt\/wp-json\/wp\/v2\/tags?post=219287"}],"curies":[{"name":"wp","href":"https:\/\/api.w.org\/{rel}","templated":true}]}}