{"id":219321,"date":"2026-01-07T16:31:07","date_gmt":"2026-01-07T16:31:07","guid":{"rendered":"https:\/\/www.europesays.com\/pt\/219321\/"},"modified":"2026-01-07T16:31:07","modified_gmt":"2026-01-07T16:31:07","slug":"nuno-morais-sarmento-demitiu-se-da-presidencia-da-flad-economia","status":"publish","type":"post","link":"https:\/\/www.europesays.com\/pt\/219321\/","title":{"rendered":"Nuno Morais Sarmento demitiu-se da presid\u00eancia da FLAD &#8211; Economia"},"content":{"rendered":"<p class=\"\">&#13;<br \/>\n        O presidente da Funda\u00e7\u00e3o Luso-Americana para o Desenvolvimento (FLAD), Nuno Morais Sarmento, apresentou a demiss\u00e3o, que foi aceite, na passada segunda-feira, invocando falta de condi\u00e7\u00f5es pessoais e de sa\u00fade, anunciou hoje a organiza\u00e7\u00e3o.&#13;\n    <\/p>\n<p class=\"\">&#13;<br \/>\n        Num comunicado hoje divulgado, a FLAD refere que, num ano em que ser\u00e3o comemorados os 250 anos da independ\u00eancia dos Estados Unidos, e &#8220;face \u00e0 exig\u00eancia do cargo&#8221;, Morais Sarmento &#8220;entendeu n\u00e3o poder, neste momento, garantir as condi\u00e7\u00f5es pessoais e de sa\u00fade necess\u00e1rias&#8221;.&#13;\n    <\/p>\n<p class=\"\">&#13;<br \/>\n        &#8220;Por este motivo, o presidente da FLAD pediu para cessar as atuais fun\u00e7\u00f5es&#8221;, indica a mesma nota.&#13;\n    <\/p>\n<p class=\"\">&#13;<br \/>\n        Morais Sarmento, que esteve 16 meses \u00e0 frente do conselho de administra\u00e7\u00e3o da FLAD, &#8220;procedeu a uma vasta reorganiza\u00e7\u00e3o interna, procurando por um lado transformar a FLAD numa casa aberta e mais pr\u00f3xima dos cidad\u00e3os, e por outro preparando-a para os novos tempos e os avan\u00e7os tecnol\u00f3gicos, em particular os desafios colocados pela intelig\u00eancia artificial&#8221;, segundo a organiza\u00e7\u00e3o.&#13;\n    <\/p>\n<p class=\"\">&#13;<br \/>\n        No ano passado, acrescenta o comunicado, Morais Sarmento &#8220;conduziu as comemora\u00e7\u00f5es dos 40 anos da FLAD que terminaram com um espet\u00e1culo memor\u00e1vel no Carnegie Hall em Nova Iorque, juntando de forma in\u00e9dita uma grande parte da comunidade lusodescendente&#8221;.&#13;\n    <\/p>\n<p class=\"\">&#13;<br \/>\n        A FLAD refere ainda que os pr\u00f3ximos anos, em particular 2026, ser\u00e3o &#8220;de grande exig\u00eancia&#8221;, obrigando a um &#8220;elevado n\u00famero de viagens&#8221; longas.&#13;\n    <\/p>\n<p class=\"\">&#13;<br \/>\n        Morais Sarmento, antigo ministro de Estado e da Presid\u00eancia nos Governos de Jos\u00e9 Manuel Dur\u00e3o Barroso e Santana Lopes, entre 2002 e 2005, teve nos \u00faltimos anos um cancro no p\u00e2ncreas, que obrigou a prolongadas hospitaliza\u00e7\u00f5es e v\u00e1rias cirurgias.&#13;\n    <\/p>\n","protected":false},"excerpt":{"rendered":"&#13; O presidente da Funda\u00e7\u00e3o Luso-Americana para o Desenvolvimento (FLAD), Nuno Morais Sarmento, apresentou a demiss\u00e3o, que foi&hellip;\n","protected":false},"author":2,"featured_media":219322,"comment_status":"","ping_status":"","sticky":false,"template":"","format":"standard","meta":{"footnotes":""},"categories":[50],"tags":[27,28,15,16,14,25,26,21,22,62,12,13,19,20,23,24,17,18,29,30,31,63,64,65],"class_list":{"0":"post-219321","1":"post","2":"type-post","3":"status-publish","4":"format-standard","5":"has-post-thumbnail","7":"category-mundo","8":"tag-breaking-news","9":"tag-breakingnews","10":"tag-featured-news","11":"tag-featurednews","12":"tag-headlines","13":"tag-latest-news","14":"tag-latestnews","15":"tag-main-news","16":"tag-mainnews","17":"tag-mundo","18":"tag-news","19":"tag-noticias","20":"tag-noticias-principais","21":"tag-noticiasprincipais","22":"tag-principais-noticias","23":"tag-principaisnoticias","24":"tag-top-stories","25":"tag-topstories","26":"tag-ultimas","27":"tag-ultimas-noticias","28":"tag-ultimasnoticias","29":"tag-world","30":"tag-world-news","31":"tag-worldnews"},"share_on_mastodon":{"url":"https:\/\/pubeurope.com\/@pt\/115854775574648698","error":""},"_links":{"self":[{"href":"https:\/\/www.europesays.com\/pt\/wp-json\/wp\/v2\/posts\/219321","targetHints":{"allow":["GET"]}}],"collection":[{"href":"https:\/\/www.europesays.com\/pt\/wp-json\/wp\/v2\/posts"}],"about":[{"href":"https:\/\/www.europesays.com\/pt\/wp-json\/wp\/v2\/types\/post"}],"author":[{"embeddable":true,"href":"https:\/\/www.europesays.com\/pt\/wp-json\/wp\/v2\/users\/2"}],"replies":[{"embeddable":true,"href":"https:\/\/www.europesays.com\/pt\/wp-json\/wp\/v2\/comments?post=219321"}],"version-history":[{"count":0,"href":"https:\/\/www.europesays.com\/pt\/wp-json\/wp\/v2\/posts\/219321\/revisions"}],"wp:featuredmedia":[{"embeddable":true,"href":"https:\/\/www.europesays.com\/pt\/wp-json\/wp\/v2\/media\/219322"}],"wp:attachment":[{"href":"https:\/\/www.europesays.com\/pt\/wp-json\/wp\/v2\/media?parent=219321"}],"wp:term":[{"taxonomy":"category","embeddable":true,"href":"https:\/\/www.europesays.com\/pt\/wp-json\/wp\/v2\/categories?post=219321"},{"taxonomy":"post_tag","embeddable":true,"href":"https:\/\/www.europesays.com\/pt\/wp-json\/wp\/v2\/tags?post=219321"}],"curies":[{"name":"wp","href":"https:\/\/api.w.org\/{rel}","templated":true}]}}