{"id":219349,"date":"2026-01-07T16:57:55","date_gmt":"2026-01-07T16:57:55","guid":{"rendered":"https:\/\/www.europesays.com\/pt\/219349\/"},"modified":"2026-01-07T16:57:55","modified_gmt":"2026-01-07T16:57:55","slug":"indonesia-pode-confiscar-mais-5-mi-hectares-de-plantacoes-de-oleo-de-palma-em-2026","status":"publish","type":"post","link":"https:\/\/www.europesays.com\/pt\/219349\/","title":{"rendered":"Indon\u00e9sia Pode Confiscar Mais 5 Mi Hectares de Planta\u00e7\u00f5es de \u00d3leo de Palma em 2026"},"content":{"rendered":"<p>\t\t\t\t\t\t\t&#13;<br \/>\n\t\t<img width=\"678\" height=\"429\" src=\"https:\/\/www.europesays.com\/pt\/wp-content\/uploads\/2026\/01\/2026-01-07T111757Z_1_LYNXMPEM060J1_RTROPTP_4_INDONESIA-PALMOIL-PLANTATION-768x486.jpg\" class=\"attachment-medium_large size-medium_large wp-post-image\" alt=\"\" decoding=\"async\" fetchpriority=\"high\"\/>\t\t<\/p>\n<p>Reuters <\/p>\n<p>&#13;<br \/>\n\t\t\tPlanta\u00e7\u00e3o de palma na Indon\u00e9sia&#13;<\/p>\n<p>Acessibilidade<\/p>\n<p>&#13;<br \/>\n\t\t\tL&#13;<br \/>\n\t\t\tL&#13;<br \/>\n\t\t\tA-&#13;<br \/>\n\t\t\tA+&#13;<br \/>\n\t\t\t&#13;<br \/>\n\t\t\t\u25d0&#13;<br \/>\n\t\t\t&#13;\n\t\t<\/p>\n<p>O presidente da Indon\u00e9sia, Prabowo Subianto, disse nesta quarta-feira (7) que o pa\u00eds pode confiscar mais 4 milh\u00f5es a 5 milh\u00f5es de hectares de planta\u00e7\u00f5es de \u00f3leo de palma este ano.<\/p>\n<p>No ano passado, a for\u00e7a-tarefa do governo, composta por militares, policiais e promotores p\u00fablicos, confiscou 4,1 milh\u00f5es de hectares que estariam operando ilegalmente em \u00e1reas florestais, tendo como alvo grandes empresas de \u00f3leo de palma e pequenos agricultores.<\/p>\n<p>Leia tamb\u00e9m<\/p>\n<p>\u201cN\u00f3s controlamos e tomamos 4 milh\u00f5es de hectares de planta\u00e7\u00f5es de \u00f3leo de palma que violaram as lei\u201d, disse Prabowo em uma cerim\u00f4nia de colheita de arroz com agricultores. \u201cEm 2026, talvez apreendamos mais 4 ou 5 milh\u00f5es\u201d.<\/p>\n<p>A Indon\u00e9sia, o maior produtor mundial de \u00f3leo de palma, tem um total de 16,8 milh\u00f5es de hectares de planta\u00e7\u00f5es de \u00f3leo de palma.<\/p>\n<p>Escolhas do editor<\/p>\n<p>Lan\u00e7ada no in\u00edcio de 2025, a campanha apoiada pelos militares irritou o setor de \u00f3leo de palma, com analistas prevendo que, em combina\u00e7\u00e3o com os ambiciosos planos de biodiesel da Indon\u00e9sia, as apreens\u00f5es poderiam pressionar ainda mais os pre\u00e7os globais, interrompendo a produ\u00e7\u00e3o.<\/p>\n<p>Aproximadamente 1,7 milh\u00e3o de hectares das planta\u00e7\u00f5es confiscadas foram transferidos para a empresa estatal Agrinas Palma Nusantara, transformando-a de uma empresa de servi\u00e7os de infraestrutura na maior empresa de \u00f3leo de palma do mundo em termos de \u00e1rea.<\/p>\n<p>No m\u00eas passado, o procurador-geral Sanitiar Burhanuddin disse que o governo poderia cobrar US$ 6,5 bilh\u00f5es em multas das empresas de \u00f3leo de palma envolvidas na apreens\u00e3o do ano passado.<\/p>\n<p>&#13;<br \/>\n  &#13;<\/p>\n<p>Siga o canal da <a href=\"https:\/\/whatsapp.com\/channel\/0029Va9gQKwBFLgM96cJnu0u\" target=\"_blank\" rel=\"noopener noreferrer nofollow\" title=\"Grupo da Forbes no WhatsApp\">Forbes<\/a> no WhatsApp e receba as principais not\u00edcias de empreendedorismo, carreira, tecnologia, agro e lifestyle.<\/p>\n","protected":false},"excerpt":{"rendered":"&#13; Reuters &#13; Planta\u00e7\u00e3o de palma na Indon\u00e9sia&#13; Acessibilidade &#13; L&#13; L&#13; A-&#13; A+&#13; &#13; \u25d0&#13; &#13; O&hellip;\n","protected":false},"author":2,"featured_media":219350,"comment_status":"","ping_status":"","sticky":false,"template":"","format":"standard","meta":{"footnotes":""},"categories":[84],"tags":[109,107,108,32,33,105,103,104,106,110],"class_list":{"0":"post-219349","1":"post","2":"type-post","3":"status-publish","4":"format-standard","5":"has-post-thumbnail","7":"category-ciencia-e-tecnologia","8":"tag-ciencia","9":"tag-ciencia-e-tecnologia","10":"tag-cienciaetecnologia","11":"tag-portugal","12":"tag-pt","13":"tag-science","14":"tag-science-and-technology","15":"tag-scienceandtechnology","16":"tag-technology","17":"tag-tecnologia"},"share_on_mastodon":{"url":"https:\/\/pubeurope.com\/@pt\/115854881938592838","error":""},"_links":{"self":[{"href":"https:\/\/www.europesays.com\/pt\/wp-json\/wp\/v2\/posts\/219349","targetHints":{"allow":["GET"]}}],"collection":[{"href":"https:\/\/www.europesays.com\/pt\/wp-json\/wp\/v2\/posts"}],"about":[{"href":"https:\/\/www.europesays.com\/pt\/wp-json\/wp\/v2\/types\/post"}],"author":[{"embeddable":true,"href":"https:\/\/www.europesays.com\/pt\/wp-json\/wp\/v2\/users\/2"}],"replies":[{"embeddable":true,"href":"https:\/\/www.europesays.com\/pt\/wp-json\/wp\/v2\/comments?post=219349"}],"version-history":[{"count":0,"href":"https:\/\/www.europesays.com\/pt\/wp-json\/wp\/v2\/posts\/219349\/revisions"}],"wp:featuredmedia":[{"embeddable":true,"href":"https:\/\/www.europesays.com\/pt\/wp-json\/wp\/v2\/media\/219350"}],"wp:attachment":[{"href":"https:\/\/www.europesays.com\/pt\/wp-json\/wp\/v2\/media?parent=219349"}],"wp:term":[{"taxonomy":"category","embeddable":true,"href":"https:\/\/www.europesays.com\/pt\/wp-json\/wp\/v2\/categories?post=219349"},{"taxonomy":"post_tag","embeddable":true,"href":"https:\/\/www.europesays.com\/pt\/wp-json\/wp\/v2\/tags?post=219349"}],"curies":[{"name":"wp","href":"https:\/\/api.w.org\/{rel}","templated":true}]}}