{"id":219351,"date":"2026-01-07T16:58:08","date_gmt":"2026-01-07T16:58:08","guid":{"rendered":"https:\/\/www.europesays.com\/pt\/219351\/"},"modified":"2026-01-07T16:58:08","modified_gmt":"2026-01-07T16:58:08","slug":"reducao-do-desconto-de-isp-rende-200-milhoes-de-euros-financas-publicas","status":"publish","type":"post","link":"https:\/\/www.europesays.com\/pt\/219351\/","title":{"rendered":"Redu\u00e7\u00e3o do desconto de ISP rende 200 milh\u00f5es de euros &#8211; Finan\u00e7as P\u00fablicas"},"content":{"rendered":"<p class=\"\">&#13;<br \/>\n        O ministro das Finan\u00e7as, Joaquim Miranda Sarmento, disse que<b> a redu\u00e7\u00e3o parcial dos descontos sobre o ISP em dezembro vai render aos cofres do Estado 200 milh\u00f5es de euros<\/b>.\u00a0&#13;\n    <\/p>\n<p class=\"\">&#13;<br \/>\n        &#8220;A revers\u00e3o do desconto em ISP decidida no in\u00edcio de dezembro representa cerca de 200 milh\u00f5es de euros em receita&#8221;, afirmou o ministro no Parlamento nesta quarta-feira, 7 de janeiro, onde esteve a ser ouvido numa audi\u00e7\u00e3o regimental na comiss\u00e3o de Or\u00e7amento, Finan\u00e7as e Administra\u00e7\u00e3o P\u00fablica.\u00a0&#13;\n    <\/p>\n<p class=\"\">&#13;<br \/>\n        <b>A receita prevista com o fim do imposto estava por anunciar pelo Governo<\/b>, que dizia que dependeria do momento e da forma a faz\u00ea-lo, com <a href=\"https:\/\/www.jornaldenegocios.pt\/economia\/financas-publicas\/orcamento-do-estado\/detalhe\/eliminar-totalidade-do-desconto-no-isp-da-mais-de-mil-milhoes-de-receita-extra-cfp\" target=\"_self\" rel=\"tag nofollow noopener\">as estimativas a chegarem aos mil milh\u00f5es<\/a>, caso as Finan\u00e7as optassem por eliminar a totalidade dos descontos a partir de 1 de janeiro deste ano.\u00a0&#13;\n    <\/p>\n<p class=\"\">&#13;<br \/>\n        No entanto, n\u00e3o foi isso que aconteceu. <a href=\"https:\/\/www.jornaldenegocios.pt\/empresas\/energia\/detalhe\/governo-avanca-ja-com-reducao-do-desconto-no-isp\" target=\"_self\" rel=\"tag nofollow noopener\">Em dezembro<\/a>, o Governo decidiu avan\u00e7ar com a &#8220;atualiza\u00e7\u00e3o das taxas unit\u00e1rias do ISP\u00a0sobre a gasolina e o gas\u00f3leo, promovendo a indispens\u00e1vel revers\u00e3o gradual das medidas tempor\u00e1rias adotadas em sede do ISP&#8221; .\u00a0&#13;\n    <\/p>\n<p class=\"\">&#13;<br \/>\n        A<a href=\"https:\/\/www.jornaldenegocios.pt\/economia\/detalhe\/miranda-sarmento-nao-temos-prazo-para-fim-de-descontos-no-isp\" target=\"_self\" rel=\"tag nofollow noopener\">\u00a0revers\u00e3o gradual j\u00e1 estava prevista<\/a>, com o executivo a garantir que o fim dos descontos, em vigor desde a escalada de pre\u00e7os energ\u00e9ticos ap\u00f3s a invas\u00e3o da R\u00fassia \u00e0 Ucr\u00e2nia, em 2022, seria feita de forma a acompanhar as redu\u00e7\u00f5es no pre\u00e7o do petr\u00f3leo, para que fam\u00edlias e empresas n\u00e3o sentissem o fim do desconto nos pre\u00e7os de gas\u00f3leo e gasolina.\u00a0&#13;\n    <\/p>\n<p class=\"\">&#13;<br \/>\n        Em dezembro, <b>o executivo justificou a decis\u00e3o de eliminar parte do desconto com as press\u00f5es de Bruxelas<\/b>, que h\u00e1 mais de um ano andava a pressionar para o fim do desconto, que devia ter sido tempor\u00e1rio e aplicado apenas durante o pico dos pre\u00e7os energ\u00e9ticos.\u00a0&#13;\n    <\/p>\n","protected":false},"excerpt":{"rendered":"&#13; O ministro das Finan\u00e7as, Joaquim Miranda Sarmento, disse que a redu\u00e7\u00e3o parcial dos descontos sobre o ISP&hellip;\n","protected":false},"author":2,"featured_media":219352,"comment_status":"","ping_status":"","sticky":false,"template":"","format":"standard","meta":{"footnotes":""},"categories":[83],"tags":[1835,88,89,90,857,858,23550,32,33,839,840],"class_list":{"0":"post-219351","1":"post","2":"type-post","3":"status-publish","4":"format-standard","5":"has-post-thumbnail","7":"category-empresas","8":"tag-bruxelas","9":"tag-business","10":"tag-economy","11":"tag-empresas","12":"tag-gasoleo","13":"tag-gasolina","14":"tag-joaquim-miranda-sarmento","15":"tag-portugal","16":"tag-pt","17":"tag-russia","18":"tag-ucrania"},"share_on_mastodon":{"url":"https:\/\/pubeurope.com\/@pt\/115854882005046205","error":""},"_links":{"self":[{"href":"https:\/\/www.europesays.com\/pt\/wp-json\/wp\/v2\/posts\/219351","targetHints":{"allow":["GET"]}}],"collection":[{"href":"https:\/\/www.europesays.com\/pt\/wp-json\/wp\/v2\/posts"}],"about":[{"href":"https:\/\/www.europesays.com\/pt\/wp-json\/wp\/v2\/types\/post"}],"author":[{"embeddable":true,"href":"https:\/\/www.europesays.com\/pt\/wp-json\/wp\/v2\/users\/2"}],"replies":[{"embeddable":true,"href":"https:\/\/www.europesays.com\/pt\/wp-json\/wp\/v2\/comments?post=219351"}],"version-history":[{"count":0,"href":"https:\/\/www.europesays.com\/pt\/wp-json\/wp\/v2\/posts\/219351\/revisions"}],"wp:featuredmedia":[{"embeddable":true,"href":"https:\/\/www.europesays.com\/pt\/wp-json\/wp\/v2\/media\/219352"}],"wp:attachment":[{"href":"https:\/\/www.europesays.com\/pt\/wp-json\/wp\/v2\/media?parent=219351"}],"wp:term":[{"taxonomy":"category","embeddable":true,"href":"https:\/\/www.europesays.com\/pt\/wp-json\/wp\/v2\/categories?post=219351"},{"taxonomy":"post_tag","embeddable":true,"href":"https:\/\/www.europesays.com\/pt\/wp-json\/wp\/v2\/tags?post=219351"}],"curies":[{"name":"wp","href":"https:\/\/api.w.org\/{rel}","templated":true}]}}