{"id":219357,"date":"2026-01-07T17:02:14","date_gmt":"2026-01-07T17:02:14","guid":{"rendered":"https:\/\/www.europesays.com\/pt\/219357\/"},"modified":"2026-01-07T17:02:14","modified_gmt":"2026-01-07T17:02:14","slug":"maisa-silva-posta-foto-de-biquini-e-impressiona-seguidores","status":"publish","type":"post","link":"https:\/\/www.europesays.com\/pt\/219357\/","title":{"rendered":"Maisa Silva posta foto de biqu\u00edni e impressiona seguidores"},"content":{"rendered":"<p data-start=\"156\" data-end=\"442\"><a href=\"https:\/\/natelinha.uol.com.br\/famosos\/tudo-sobre\/maisa-silva\" rel=\"nofollow noopener\" target=\"_blank\">Maisa Silva<\/a> publicou um \u00e1lbum de fotos em seu perfil no Instagram durante viagem \u00e0 Praia dos Carneiros, em Pernambuco, onde passa os primeiros dias do ano. A artista viajou acompanhada de amigos, entre eles <a href=\"https:\/\/natelinha.uol.com.br\/famosos\/tudo-sobre\/joao-guilherme\" rel=\"nofollow noopener\" target=\"_blank\">Jo\u00e3o Guilherme<\/a>, seu melhor amigo e filho do cantor <a href=\"https:\/\/natelinha.uol.com.br\/famosos\/tudo-sobre\/leonardo\" rel=\"nofollow noopener\" target=\"_blank\">Leonardo<\/a>.<\/p>\n<p data-start=\"444\" data-end=\"740\">Na legenda da publica\u00e7\u00e3o, Maisa escreveu \u201cO tempo voa por aqui\u201d. As imagens mostram a atriz em momentos na praia, com registros no mar, na areia e em \u00e1reas abertas do local onde est\u00e1 hospedada. A sequ\u00eancia de fotos foi divulgada em um \u00fanico \u00e1lbum e rapidamente gerou repercuss\u00e3o entre seguidores.<\/p>\n<p data-start=\"444\" data-end=\"740\">+\u00a0<a href=\"https:\/\/natelinha.uol.com.br\/famosos\/2025\/12\/28\/anitta-e-maisa-se-encontram-apos-show-da-cantora-em-evento-em-recife-235824.php\" target=\"_blank\" rel=\"noopener noreferrer nofollow\">Anitta e Maisa se encontram ap\u00f3s show da cantora em evento em Recife<\/a><\/p>\n<p data-start=\"742\" data-end=\"1021\">Entre os fatos mais comentados da postagem est\u00e1 o biqu\u00edni usado pela apresentadora em parte dos registros. A pe\u00e7a tem modelagem cavada, conhecida como asa-delta, e estampa animal print, associada a padr\u00f5es como o de zebra. O modelo chamou aten\u00e7\u00e3o nos coment\u00e1rios feitos na publica\u00e7\u00e3o.<\/p>\n<p>Coment\u00e1rios nas fotos de Maisa<\/p>\n<p data-start=\"1023\" data-end=\"1301\">A repercuss\u00e3o se concentrou principalmente nas respostas ao \u00e1lbum. Seguidores deixaram mensagens como \u201cPerfei\u00e7\u00e3o absoluta\u201d, \u201cMusa do ver\u00e3o\u201d e \u201cVoc\u00ea est\u00e1 incr\u00edvel, adorei o biqu\u00edni ousado\u201d. As manifesta\u00e7\u00f5es apareceram ao longo da sequ\u00eancia de fotos, sem resposta direta da atriz.<\/p>\n<p data-start=\"1023\" data-end=\"1301\">+\u00a0<a href=\"https:\/\/natelinha.uol.com.br\/televisao\/2025\/11\/17\/natelinha-talk-ex-diretor-revela-como-maisa-virou-maquina-de-audiencia-no-sbt-234054.php\" target=\"_blank\" rel=\"noopener noreferrer nofollow\">NaTelinha Talk: Ex-diretor revela como Maisa virou m\u00e1quina de audi\u00eancia no SBT<\/a><\/p>\n<p data-start=\"1303\" data-end=\"1532\">A publica\u00e7\u00e3o tamb\u00e9m recebeu coment\u00e1rios de outras figuras p\u00fablicas. Entre eles, Mari Gonzalez escreveu \u201cNossa!\u201d, enquanto Gabi Sayuri comentou \u201cMusa do ver\u00e3o\u201d.<\/p>\n<p data-start=\"1303\" data-end=\"1532\">Veja as fotos:<\/p>\n<blockquote class=\"instagram-media\" data-instgrm-captioned=\"\" data-instgrm-version=\"7\" style=\"width:100%;\"><p>\n\t\t\t\t\t\t\t\t\t<a href=\"https:\/\/www.instagram.com\/p\/DTL07hDkYIe\/\" rel=\"nofollow noopener\" target=\"_blank\">\n\t\t\t\t\t\t\t\t<\/p><\/blockquote>\n<p>                    <script async src=\"\/\/www.instagram.com\/embed.js\"><\/script><\/p>\n","protected":false},"excerpt":{"rendered":"Maisa Silva publicou um \u00e1lbum de fotos em seu perfil no Instagram durante viagem \u00e0 Praia dos Carneiros,&hellip;\n","protected":false},"author":2,"featured_media":219358,"comment_status":"","ping_status":"","sticky":false,"template":"","format":"standard","meta":{"footnotes":""},"categories":[145],"tags":[211,210,114,115,3886,32,33],"class_list":{"0":"post-219357","1":"post","2":"type-post","3":"status-publish","4":"format-standard","5":"has-post-thumbnail","7":"category-celebridades","8":"tag-celebridades","9":"tag-celebrities","10":"tag-entertainment","11":"tag-entretenimento","12":"tag-maisa-silva","13":"tag-portugal","14":"tag-pt"},"share_on_mastodon":{"url":"https:\/\/pubeurope.com\/@pt\/115854897458012333","error":""},"_links":{"self":[{"href":"https:\/\/www.europesays.com\/pt\/wp-json\/wp\/v2\/posts\/219357","targetHints":{"allow":["GET"]}}],"collection":[{"href":"https:\/\/www.europesays.com\/pt\/wp-json\/wp\/v2\/posts"}],"about":[{"href":"https:\/\/www.europesays.com\/pt\/wp-json\/wp\/v2\/types\/post"}],"author":[{"embeddable":true,"href":"https:\/\/www.europesays.com\/pt\/wp-json\/wp\/v2\/users\/2"}],"replies":[{"embeddable":true,"href":"https:\/\/www.europesays.com\/pt\/wp-json\/wp\/v2\/comments?post=219357"}],"version-history":[{"count":0,"href":"https:\/\/www.europesays.com\/pt\/wp-json\/wp\/v2\/posts\/219357\/revisions"}],"wp:featuredmedia":[{"embeddable":true,"href":"https:\/\/www.europesays.com\/pt\/wp-json\/wp\/v2\/media\/219358"}],"wp:attachment":[{"href":"https:\/\/www.europesays.com\/pt\/wp-json\/wp\/v2\/media?parent=219357"}],"wp:term":[{"taxonomy":"category","embeddable":true,"href":"https:\/\/www.europesays.com\/pt\/wp-json\/wp\/v2\/categories?post=219357"},{"taxonomy":"post_tag","embeddable":true,"href":"https:\/\/www.europesays.com\/pt\/wp-json\/wp\/v2\/tags?post=219357"}],"curies":[{"name":"wp","href":"https:\/\/api.w.org\/{rel}","templated":true}]}}