{"id":219365,"date":"2026-01-07T17:09:14","date_gmt":"2026-01-07T17:09:14","guid":{"rendered":"https:\/\/www.europesays.com\/pt\/219365\/"},"modified":"2026-01-07T17:09:14","modified_gmt":"2026-01-07T17:09:14","slug":"aos-24-anos-homem-com-demencia-morre-apenas-dois-anos-apos-o-diagnostico","status":"publish","type":"post","link":"https:\/\/www.europesays.com\/pt\/219365\/","title":{"rendered":"Aos 24 anos, homem com dem\u00eancia morre apenas dois anos ap\u00f3s o diagn\u00f3stico"},"content":{"rendered":"\n<p class=\" content-text__container theme-color-primary-first-letter\" data-track-category=\"Link no Texto\" data-track-links=\"\"> O ingl\u00eas Andre Yarham, de 24 anos, morreu ap\u00f3s dois anos do diagn\u00f3stico de <a class=\"\" href=\"https:\/\/oglobo.globo.com\/tudo-sobre\/assunto\/demencia-frontotemporal\/\" rel=\"nofollow noopener\" target=\"_blank\">dem\u00eancia frontotemporal<\/a>. De acordo com especialistas, o c\u00e9rebro do jovem era equivalente ao de uma pessoa com 70 anos convivendo com a condi\u00e7\u00e3o m\u00e9dica. <\/p>\n<ul class=\"content-unordered-list\">\n<li><strong>Longevidade: <\/strong><a class=\"\" href=\"https:\/\/oglobo.globo.com\/saude\/noticia\/2026\/01\/07\/o-segredo-dos-supercentenarios-brasileiros-de-acordo-com-novo-estudo.ghtml\" rel=\"nofollow noopener\" target=\"_blank\">o segredo dos supercenten\u00e1rios brasileiros, de acordo com novo estudo<\/a><\/li>\n<li><strong>Entrevista:<\/strong> <a class=\"\" href=\"https:\/\/oglobo.globo.com\/saude\/noticia\/2026\/01\/07\/as-quedas-sao-as-minhas-grandes-preocupacoes-neste-momento-diz-o-cirurgiao-de-bolsonaro.ghtml\" rel=\"nofollow noopener\" target=\"_blank\">\u2018As quedas s\u00e3o as minhas grandes preocupa\u00e7\u00f5es neste momento\u2019, diz o cirurgi\u00e3o de Bolsonaro<\/a><\/li>\n<\/ul>\n<p class=\" content-text__container \" data-track-category=\"Link no Texto\" data-track-links=\"\"> A detec\u00e7\u00e3o da doen\u00e7a ocorreu quando Andre tinha apenas 23 anos. Familiares perceberam que ele passou a falar e mover seu corpo de uma forma muito lenta. Depois de diversos exames, os m\u00e9dicos observaram que ele sofria de uma muta\u00e7\u00e3o proteica que possibilitava o surgimento da dem\u00eancia frontotemporal. <\/p>\n<p class=\" content-text__container \" data-track-category=\"Link no Texto\" data-track-links=\"\"> O jovem, que vivia em Norfolk, na Inglaterra, foi considerado a pessoa mais jovem da Gr\u00e3-Bretanha (isto \u00e9, dentre a Inglaterra, a Esc\u00f3cia e o Pa\u00eds de Gales) a ter um diagn\u00f3stico de dem\u00eancia. <\/p>\n<p class=\" content-text__container \" data-track-category=\"Link no Texto\" data-track-links=\"\"> Segundo a m\u00e3e de Andre, Sam Fairbairn, de 49 anos, os primeiros sintomas apareceram quando ele tinha 22 anos. Em alguns momentos ele desfocava e n\u00e3o prestava aten\u00e7\u00e3o quando algu\u00e9m falava com ele. <\/p>\n<p class=\" content-text__container \" data-track-category=\"Link no Texto\" data-track-links=\"\"> Depois do diagn\u00f3stico, ele passou a depender mais e mais de sua m\u00e3e para atividades como tomar banho preparar sua comida e bebida e escolher suas roupas. De acordo com uma avalia\u00e7\u00e3o de resson\u00e2ncia magn\u00e9tica, o c\u00e9rebro dele correspondia ao de uma pessoa com 70 anos convivendo com a doen\u00e7a. <\/p>\n<p class=\" content-text__container \" data-track-category=\"Link no Texto\" data-track-links=\"\"> &#8220;Andre recebeu o diagn\u00f3stico oficial pouco antes de completar 23 anos. Nesse per\u00edodo, ele perdeu completamente a fala. Ele s\u00f3 emitia ru\u00eddos. Nos \u00faltimos seis meses, come\u00e7amos a observar um decl\u00ednio acelerado. Ele estava se movimentando cada vez menos. Andr\u00e9 estava com dificuldades para se alimentar sozinho, pegar uma x\u00edcara, e estava ficando muito inst\u00e1vel. Tivemos que tomar a dif\u00edcil decis\u00e3o de intern\u00e1-lo em uma casa de repouso, para onde ele foi levado no in\u00edcio de setembro&#8221;, conta a m\u00e3e do jovem. <\/p>\n<p class=\" content-text__container \" data-track-category=\"Link no Texto\" data-track-links=\"\"> Sam decidiu doar o c\u00e9rebro do filho para que novas pesquisas possam ser feitas em prol de aumentar a expectativa de vida de pessoas com dem\u00eancia frontotemporal. <\/p>\n<p class=\" content-text__container \" data-track-category=\"Link no Texto\" data-track-links=\"\"> &#8220;Se no futuro Andre tiver conseguido ajudar pelo menos mais uma fam\u00edlia a ter mais alguns preciosos anos com um ente querido, isso significaria o mundo para n\u00f3s&#8221;, afirma. <\/p>\n","protected":false},"excerpt":{"rendered":"O ingl\u00eas Andre Yarham, de 24 anos, morreu ap\u00f3s dois anos do diagn\u00f3stico de dem\u00eancia frontotemporal. De acordo&hellip;\n","protected":false},"author":2,"featured_media":219366,"comment_status":"","ping_status":"","sticky":false,"template":"","format":"standard","meta":{"footnotes":""},"categories":[86],"tags":[5673,116,32,33,117],"class_list":{"0":"post-219365","1":"post","2":"type-post","3":"status-publish","4":"format-standard","5":"has-post-thumbnail","7":"category-saude","8":"tag-demencia-frontotemporal","9":"tag-health","10":"tag-portugal","11":"tag-pt","12":"tag-saude"},"share_on_mastodon":{"url":"https:\/\/pubeurope.com\/@pt\/115854925037119909","error":""},"_links":{"self":[{"href":"https:\/\/www.europesays.com\/pt\/wp-json\/wp\/v2\/posts\/219365","targetHints":{"allow":["GET"]}}],"collection":[{"href":"https:\/\/www.europesays.com\/pt\/wp-json\/wp\/v2\/posts"}],"about":[{"href":"https:\/\/www.europesays.com\/pt\/wp-json\/wp\/v2\/types\/post"}],"author":[{"embeddable":true,"href":"https:\/\/www.europesays.com\/pt\/wp-json\/wp\/v2\/users\/2"}],"replies":[{"embeddable":true,"href":"https:\/\/www.europesays.com\/pt\/wp-json\/wp\/v2\/comments?post=219365"}],"version-history":[{"count":0,"href":"https:\/\/www.europesays.com\/pt\/wp-json\/wp\/v2\/posts\/219365\/revisions"}],"wp:featuredmedia":[{"embeddable":true,"href":"https:\/\/www.europesays.com\/pt\/wp-json\/wp\/v2\/media\/219366"}],"wp:attachment":[{"href":"https:\/\/www.europesays.com\/pt\/wp-json\/wp\/v2\/media?parent=219365"}],"wp:term":[{"taxonomy":"category","embeddable":true,"href":"https:\/\/www.europesays.com\/pt\/wp-json\/wp\/v2\/categories?post=219365"},{"taxonomy":"post_tag","embeddable":true,"href":"https:\/\/www.europesays.com\/pt\/wp-json\/wp\/v2\/tags?post=219365"}],"curies":[{"name":"wp","href":"https:\/\/api.w.org\/{rel}","templated":true}]}}