{"id":219369,"date":"2026-01-07T17:17:09","date_gmt":"2026-01-07T17:17:09","guid":{"rendered":"https:\/\/www.europesays.com\/pt\/219369\/"},"modified":"2026-01-07T17:17:09","modified_gmt":"2026-01-07T17:17:09","slug":"eua-identificaram-o-proximo-alvo-a-abater-na-venezuela","status":"publish","type":"post","link":"https:\/\/www.europesays.com\/pt\/219369\/","title":{"rendered":"EUA identificaram o pr\u00f3ximo alvo a abater na Venezuela"},"content":{"rendered":"<p>\t                Homem leal a Nicol\u00e1s Maduro pode ser um empecilho nas inten\u00e7\u00f5es da administra\u00e7\u00e3o Trump junto do governo de Delcy Rodr\u00edguez<\/p>\n<p style=\"margin-bottom:11px\">Nicol\u00e1s Maduro j\u00e1 est\u00e1 fora de jogo, mas os Estados Unidos querem garantir o dom\u00ednio total do que se passa na Venezuela, tendo planos para atacar outros alvos caso o seu des\u00edgnio n\u00e3o seja cumprido.<\/p>\n<p>De acordo com a ag\u00eancia <a href=\"https:\/\/www.reuters.com\/world\/americas\/post-maduro-venezuela-us-eyes-security-chief-potential-target-sources-say-2026-01-06\/\" target=\"_blank\" rel=\"nofollow noopener\">Reuters<\/a>, a administra\u00e7\u00e3o Trump est\u00e1 a seguir de perto os passos do ministro do Interior de Nicol\u00e1s Maduro, pretendendo perceber se um dos governantes mais extremistas do governo venezuelano est\u00e1 disposto a seguir a linha da agora presidente Delcy Rodr\u00edguez, que j\u00e1 admitiu uma colabora\u00e7\u00e3o com os Estados Unidos.<\/p>\n<p>Querem os norte-americanos que Diosdado Cabello n\u00e3o interfira, mas antes ajude, a que as suas inten\u00e7\u00f5es sejam cumpridas.<\/p>\n<p>O que a administra\u00e7\u00e3o Trump teme \u00e9 o poder do ministro do Interior junto das for\u00e7as de seguran\u00e7a, j\u00e1 que \u00e9 sob a sua al\u00e7ada que est\u00e3o todas as suas pol\u00edcias.<\/p>\n<p>Para j\u00e1, os Estados Unidos n\u00e3o pediram a remo\u00e7\u00e3o de Diosdado Cabello do cargo, mas existe uma preocupa\u00e7\u00e3o com o que podem ser as inten\u00e7\u00f5es de um dos homens mais pr\u00f3ximos do c\u00edrculo de Nicol\u00e1s Maduro, at\u00e9 porque o ministro do Interior tem um hist\u00f3rico de repress\u00e3o e uma rivalidade com Delcy Rodr\u00edguez.<\/p>\n<p>Para evitar qualquer percal\u00e7o, a administra\u00e7\u00e3o Trump pretende for\u00e7ar a coopera\u00e7\u00e3o do ministro, mantendo como reserva uma solu\u00e7\u00e3o em que Diosdado Cabello \u00e9 afastado do poder, podendo mesmo ser exilado.<\/p>\n<p>De acordo com a ag\u00eancia Reuters, Diosdado Cabello j\u00e1 est\u00e1 a par da situa\u00e7\u00e3o, uma vez que intermedi\u00e1rios lhe comunicaram a vis\u00e3o dos Estados Unidos, que o amea\u00e7aram com um destino semelhante ao de Nicol\u00e1s Maduro, capturado no passado s\u00e1bado em plena cidade de Caracas e levado para Nova Iorque para ser julgado por narcoterrorismo.<\/p>\n<p>Entre um julgamento semelhante ou at\u00e9 perigo de vida, o destino de Diosdado Cabello foi tra\u00e7ado pelos Estados Unidos, que preferem a alternativa inicial, que passa pela coopera\u00e7\u00e3o do ministro venezuelano com o atual governo.<\/p>\n","protected":false},"excerpt":{"rendered":"Homem leal a Nicol\u00e1s Maduro pode ser um empecilho nas inten\u00e7\u00f5es da administra\u00e7\u00e3o Trump junto do governo de&hellip;\n","protected":false},"author":2,"featured_media":219370,"comment_status":"","ping_status":"","sticky":false,"template":"","format":"standard","meta":{"footnotes":""},"categories":[50],"tags":[609,836,611,27,28,607,608,333,832,604,135,42556,610,476,413,15,16,301,830,14,603,25,26,570,21,22,831,833,62,834,12,3025,13,19,20,835,602,52,32,23,24,17,18,29,30,31,3023,63,64,65],"class_list":{"0":"post-219369","1":"post","2":"type-post","3":"status-publish","4":"format-standard","5":"has-post-thumbnail","7":"category-mundo","8":"tag-alerta","9":"tag-analise","10":"tag-ao-minuto","11":"tag-breaking-news","12":"tag-breakingnews","13":"tag-cnn","14":"tag-cnn-portugal","15":"tag-comentadores","16":"tag-costa","17":"tag-crime","18":"tag-desporto","19":"tag-diosdado-cabello","20":"tag-direto","21":"tag-economia","22":"tag-eua","23":"tag-featured-news","24":"tag-featurednews","25":"tag-governo","26":"tag-guerra","27":"tag-headlines","28":"tag-justica","29":"tag-latest-news","30":"tag-latestnews","31":"tag-live","32":"tag-main-news","33":"tag-mainnews","34":"tag-mais-vistas","35":"tag-marcelo","36":"tag-mundo","37":"tag-negocios","38":"tag-news","39":"tag-nicolas-maduro","40":"tag-noticias","41":"tag-noticias-principais","42":"tag-noticiasprincipais","43":"tag-opiniao","44":"tag-pais","45":"tag-politica","46":"tag-portugal","47":"tag-principais-noticias","48":"tag-principaisnoticias","49":"tag-top-stories","50":"tag-topstories","51":"tag-ultimas","52":"tag-ultimas-noticias","53":"tag-ultimasnoticias","54":"tag-venezuela","55":"tag-world","56":"tag-world-news","57":"tag-worldnews"},"share_on_mastodon":{"url":"","error":"Validation failed: Text character limit of 500 exceeded"},"_links":{"self":[{"href":"https:\/\/www.europesays.com\/pt\/wp-json\/wp\/v2\/posts\/219369","targetHints":{"allow":["GET"]}}],"collection":[{"href":"https:\/\/www.europesays.com\/pt\/wp-json\/wp\/v2\/posts"}],"about":[{"href":"https:\/\/www.europesays.com\/pt\/wp-json\/wp\/v2\/types\/post"}],"author":[{"embeddable":true,"href":"https:\/\/www.europesays.com\/pt\/wp-json\/wp\/v2\/users\/2"}],"replies":[{"embeddable":true,"href":"https:\/\/www.europesays.com\/pt\/wp-json\/wp\/v2\/comments?post=219369"}],"version-history":[{"count":0,"href":"https:\/\/www.europesays.com\/pt\/wp-json\/wp\/v2\/posts\/219369\/revisions"}],"wp:featuredmedia":[{"embeddable":true,"href":"https:\/\/www.europesays.com\/pt\/wp-json\/wp\/v2\/media\/219370"}],"wp:attachment":[{"href":"https:\/\/www.europesays.com\/pt\/wp-json\/wp\/v2\/media?parent=219369"}],"wp:term":[{"taxonomy":"category","embeddable":true,"href":"https:\/\/www.europesays.com\/pt\/wp-json\/wp\/v2\/categories?post=219369"},{"taxonomy":"post_tag","embeddable":true,"href":"https:\/\/www.europesays.com\/pt\/wp-json\/wp\/v2\/tags?post=219369"}],"curies":[{"name":"wp","href":"https:\/\/api.w.org\/{rel}","templated":true}]}}