{"id":219386,"date":"2026-01-07T17:32:07","date_gmt":"2026-01-07T17:32:07","guid":{"rendered":"https:\/\/www.europesays.com\/pt\/219386\/"},"modified":"2026-01-07T17:32:07","modified_gmt":"2026-01-07T17:32:07","slug":"empresa-sicasal-declarada-insolvente","status":"publish","type":"post","link":"https:\/\/www.europesays.com\/pt\/219386\/","title":{"rendered":"Empresa Sicasal declarada insolvente"},"content":{"rendered":"<p>&#13;<br \/>\nA Sicasal, ind\u00fastria de carnes localizada no concelho de Mafra, foi declarada insolvente, a pedido do Banco Comercial Portugu\u00eas, de acordo com o an\u00fancio da declara\u00e7\u00e3o de insolv\u00eancia do Tribunal da Comarca Lisboa Oeste hoje publicado.&#13;\n<\/p>\n<p>&#13;<br \/>\nA insolv\u00eancia foi requerida pelo Banco Comercial Portugu\u00eas (BCP), um dos maiores credores.&#13;\n<\/p>\n<p>&#13;<br \/>\nO tribunal da Comarca de Lisboa Oeste, com sede em Sintra, nomeou Jorge Calvete como administrador de insolv\u00eancia e marcou para 4 de mar\u00e7o a assembleia de credores.&#13;\n<\/p>\n<p>&#13;<br \/>\nContactado pela ag\u00eancia Lusa, o administrador de insolv\u00eancia disse que a &#8220;produ\u00e7\u00e3o da Sicasal est\u00e1 parada, mas h\u00e1 a inten\u00e7\u00e3o de apresentar um plano de recupera\u00e7\u00e3o para a reativar e h\u00e1 todo o interesse em n\u00e3o encerrar a unidade&#8221;.&#13;\n<\/p>\n<p>&#13;<br \/>\nJorge Calvete confirmou que existem &#8220;v\u00e1rios investidores interessados&#8221; na empresa.&#13;\n<\/p>\n<p>&#13;<br \/>\n\u00c0 Lusa, o Instituto da Seguran\u00e7a Social esclareceu que a empresa tinha 315 trabalhadores no final de 2024 e chegou ao fim de 2025 com 260.&#13;<\/p>\n","protected":false},"excerpt":{"rendered":"&#13; A Sicasal, ind\u00fastria de carnes localizada no concelho de Mafra, foi declarada insolvente, a pedido do Banco&hellip;\n","protected":false},"author":2,"featured_media":219387,"comment_status":"","ping_status":"","sticky":false,"template":"","format":"standard","meta":{"footnotes":""},"categories":[10],"tags":[27,28,42562,15,16,14,25,26,2498,21,22,12,13,19,20,32,23,24,33,17,18,29,30,31],"class_list":{"0":"post-219386","1":"post","2":"type-post","3":"status-publish","4":"format-standard","5":"has-post-thumbnail","7":"category-portugal","8":"tag-breaking-news","9":"tag-breakingnews","10":"tag-coca","11":"tag-featured-news","12":"tag-featurednews","13":"tag-headlines","14":"tag-latest-news","15":"tag-latestnews","16":"tag-mafra","17":"tag-main-news","18":"tag-mainnews","19":"tag-news","20":"tag-noticias","21":"tag-noticias-principais","22":"tag-noticiasprincipais","23":"tag-portugal","24":"tag-principais-noticias","25":"tag-principaisnoticias","26":"tag-pt","27":"tag-top-stories","28":"tag-topstories","29":"tag-ultimas","30":"tag-ultimas-noticias","31":"tag-ultimasnoticias"},"share_on_mastodon":{"url":"https:\/\/pubeurope.com\/@pt\/115855015557509641","error":""},"_links":{"self":[{"href":"https:\/\/www.europesays.com\/pt\/wp-json\/wp\/v2\/posts\/219386","targetHints":{"allow":["GET"]}}],"collection":[{"href":"https:\/\/www.europesays.com\/pt\/wp-json\/wp\/v2\/posts"}],"about":[{"href":"https:\/\/www.europesays.com\/pt\/wp-json\/wp\/v2\/types\/post"}],"author":[{"embeddable":true,"href":"https:\/\/www.europesays.com\/pt\/wp-json\/wp\/v2\/users\/2"}],"replies":[{"embeddable":true,"href":"https:\/\/www.europesays.com\/pt\/wp-json\/wp\/v2\/comments?post=219386"}],"version-history":[{"count":0,"href":"https:\/\/www.europesays.com\/pt\/wp-json\/wp\/v2\/posts\/219386\/revisions"}],"wp:featuredmedia":[{"embeddable":true,"href":"https:\/\/www.europesays.com\/pt\/wp-json\/wp\/v2\/media\/219387"}],"wp:attachment":[{"href":"https:\/\/www.europesays.com\/pt\/wp-json\/wp\/v2\/media?parent=219386"}],"wp:term":[{"taxonomy":"category","embeddable":true,"href":"https:\/\/www.europesays.com\/pt\/wp-json\/wp\/v2\/categories?post=219386"},{"taxonomy":"post_tag","embeddable":true,"href":"https:\/\/www.europesays.com\/pt\/wp-json\/wp\/v2\/tags?post=219386"}],"curies":[{"name":"wp","href":"https:\/\/api.w.org\/{rel}","templated":true}]}}