{"id":219392,"date":"2026-01-07T17:37:27","date_gmt":"2026-01-07T17:37:27","guid":{"rendered":"https:\/\/www.europesays.com\/pt\/219392\/"},"modified":"2026-01-07T17:37:27","modified_gmt":"2026-01-07T17:37:27","slug":"claudio-ramos-partilha-aviso-marcante-para-o-ano-de-2026-estas-sao-as-fotografias-do-alerta-primeira-companhia","status":"publish","type":"post","link":"https:\/\/www.europesays.com\/pt\/219392\/","title":{"rendered":"Cl\u00e1udio Ramos partilha aviso marcante para o ano de 2026. Estas s\u00e3o as fotografias do \u201calerta\u201d &#8211; Primeira Companhia"},"content":{"rendered":"<p>\n                    Cl\u00e1udio Ramos escreveu um sentido desabafo nas redes sociais sobre um &#8220;trauma&#8221; que viveu h\u00e1 uns anos e muitos podem identificar-se.\n                <\/p>\n<p style=\"margin-bottom:11px\">Num momento de nostalgia e reflex\u00e3o, <strong>Cl\u00e1udio Ramos surpreendeu os seguidores com um desabafo sincero<\/strong> sobre a passagem do tempo. Atrav\u00e9s de um carrossel de 20 fotografias do seu dia a dia, publicado no Instagram,<strong> o apresentador voltou atr\u00e1s 26 anos e recordou um epis\u00f3dio que o marcou profundamente.<\/strong><\/p>\n<p>O tema central da publica\u00e7\u00e3o foi o medo coletivo que abalou o mundo na viragem do mil\u00e9nio. <strong>Cl\u00e1udio Ramos n\u00e3o escondeu o &#8220;trauma&#8221; que viveu com a chegada do ano 2000,<\/strong> quando todos temiam o fim do mundo. Na legenda emotiva, o apresentador escreveu:<\/p>\n<p>\u00abParecendo que n\u00e3o estamos em 2026, at\u00e9 parece que foi ontem que andava eu a tremer com a chegada do ano 2000, na minha cabe\u00e7a, ia dar-se o fim do mundo. Imaginem voc\u00eas! Entretanto o mundo n\u00e3o acabou, mas n\u00e3o podemos dizer que a coisa v\u00e1 no bom sentido, mas tamb\u00e9m n\u00e3o estou aqui para agoirar, Deus me livre!\u00bb<\/p>\n<p><strong>Percorra agora a galeria de fotos que prepar\u00e1mos para si.<\/strong><\/p>\n","protected":false},"excerpt":{"rendered":"Cl\u00e1udio Ramos escreveu um sentido desabafo nas redes sociais sobre um &#8220;trauma&#8221; que viveu h\u00e1 uns anos e&hellip;\n","protected":false},"author":2,"featured_media":219393,"comment_status":"","ping_status":"","sticky":false,"template":"","format":"standard","meta":{"footnotes":""},"categories":[142],"tags":[23580,41536,329,114,115,18705,32,33,151,41535],"class_list":{"0":"post-219392","1":"post","2":"type-post","3":"status-publish","4":"format-standard","5":"has-post-thumbnail","7":"category-tv","8":"tag-aviso","9":"tag-bastidores-da-recruta","10":"tag-claudio-ramos","11":"tag-entertainment","12":"tag-entretenimento","13":"tag-entrevistas-concorrentes-tvi","14":"tag-portugal","15":"tag-pt","16":"tag-tv","17":"tag-vida-fora-da-base"},"share_on_mastodon":{"url":"https:\/\/pubeurope.com\/@pt\/115855035373643282","error":""},"_links":{"self":[{"href":"https:\/\/www.europesays.com\/pt\/wp-json\/wp\/v2\/posts\/219392","targetHints":{"allow":["GET"]}}],"collection":[{"href":"https:\/\/www.europesays.com\/pt\/wp-json\/wp\/v2\/posts"}],"about":[{"href":"https:\/\/www.europesays.com\/pt\/wp-json\/wp\/v2\/types\/post"}],"author":[{"embeddable":true,"href":"https:\/\/www.europesays.com\/pt\/wp-json\/wp\/v2\/users\/2"}],"replies":[{"embeddable":true,"href":"https:\/\/www.europesays.com\/pt\/wp-json\/wp\/v2\/comments?post=219392"}],"version-history":[{"count":0,"href":"https:\/\/www.europesays.com\/pt\/wp-json\/wp\/v2\/posts\/219392\/revisions"}],"wp:featuredmedia":[{"embeddable":true,"href":"https:\/\/www.europesays.com\/pt\/wp-json\/wp\/v2\/media\/219393"}],"wp:attachment":[{"href":"https:\/\/www.europesays.com\/pt\/wp-json\/wp\/v2\/media?parent=219392"}],"wp:term":[{"taxonomy":"category","embeddable":true,"href":"https:\/\/www.europesays.com\/pt\/wp-json\/wp\/v2\/categories?post=219392"},{"taxonomy":"post_tag","embeddable":true,"href":"https:\/\/www.europesays.com\/pt\/wp-json\/wp\/v2\/tags?post=219392"}],"curies":[{"name":"wp","href":"https:\/\/api.w.org\/{rel}","templated":true}]}}