{"id":219413,"date":"2026-01-07T17:55:09","date_gmt":"2026-01-07T17:55:09","guid":{"rendered":"https:\/\/www.europesays.com\/pt\/219413\/"},"modified":"2026-01-07T17:55:09","modified_gmt":"2026-01-07T17:55:09","slug":"fc-porto-oskar-pietuszewski-junta-se-esta-tarde-ao-estagio-no-algarve","status":"publish","type":"post","link":"https:\/\/www.europesays.com\/pt\/219413\/","title":{"rendered":"FC Porto: Oskar Pietuszewski junta-se esta tarde ao est\u00e1gio no Algarve"},"content":{"rendered":"<p>Oskar Pietuszewski, o mais recente refor\u00e7o do FC Porto, vai estar \u00e0s ordens de Francesco Farioli j\u00e1 esta quarta-feira.<\/p>\n<p>O extremo polaco de 17 anos tem voo marcado para as 14h30, segundo apurou o <strong>Maisfutebol<\/strong>, e ap\u00f3s uma viagem de cerca de uma hora entre o Porto e Faro vai juntar-se durante a tarde \u00e0 comitiva portista, que at\u00e9 sexta-feira cumpre um est\u00e1gio de cinco dias\u00a0na Quinta do Lago (Almancil), no Algarve.<\/p>\n<p>Pietuszewski foi anunciado esta quarta-feira como refor\u00e7o dos drag\u00f5es, assinando um contrato at\u00e9 5 de janeiro de 2029, o m\u00e1ximo permitido (tr\u00eas anos) a um jogador menor de idade.<\/p>\n<p>O FC Porto paga pela contrata\u00e7\u00e3o da promessa polaca um valor global de 10 milh\u00f5es ao Jagiellonia Bialystok, que reserva 10 por cento das mais valias de uma futura venda.<\/p>\n","protected":false},"excerpt":{"rendered":"Oskar Pietuszewski, o mais recente refor\u00e7o do FC Porto, vai estar \u00e0s ordens de Francesco Farioli j\u00e1 esta&hellip;\n","protected":false},"author":2,"featured_media":219414,"comment_status":"","ping_status":"","sticky":false,"template":"","format":"standard","meta":{"footnotes":""},"categories":[87],"tags":[135,3528,282,46,42,40370,32,33,47,2551,134,35],"class_list":{"0":"post-219413","1":"post","2":"type-post","3":"status-publish","4":"format-standard","5":"has-post-thumbnail","7":"category-desporto","8":"tag-desporto","9":"tag-estagio","10":"tag-fc-porto","11":"tag-maisfutebol","12":"tag-mercado","13":"tag-oskar-pietuszewski","14":"tag-portugal","15":"tag-pt","16":"tag-pura-paixao","17":"tag-reforco","18":"tag-sports","19":"tag-transferencias"},"share_on_mastodon":{"url":"https:\/\/pubeurope.com\/@pt\/115855105969770337","error":""},"_links":{"self":[{"href":"https:\/\/www.europesays.com\/pt\/wp-json\/wp\/v2\/posts\/219413","targetHints":{"allow":["GET"]}}],"collection":[{"href":"https:\/\/www.europesays.com\/pt\/wp-json\/wp\/v2\/posts"}],"about":[{"href":"https:\/\/www.europesays.com\/pt\/wp-json\/wp\/v2\/types\/post"}],"author":[{"embeddable":true,"href":"https:\/\/www.europesays.com\/pt\/wp-json\/wp\/v2\/users\/2"}],"replies":[{"embeddable":true,"href":"https:\/\/www.europesays.com\/pt\/wp-json\/wp\/v2\/comments?post=219413"}],"version-history":[{"count":0,"href":"https:\/\/www.europesays.com\/pt\/wp-json\/wp\/v2\/posts\/219413\/revisions"}],"wp:featuredmedia":[{"embeddable":true,"href":"https:\/\/www.europesays.com\/pt\/wp-json\/wp\/v2\/media\/219414"}],"wp:attachment":[{"href":"https:\/\/www.europesays.com\/pt\/wp-json\/wp\/v2\/media?parent=219413"}],"wp:term":[{"taxonomy":"category","embeddable":true,"href":"https:\/\/www.europesays.com\/pt\/wp-json\/wp\/v2\/categories?post=219413"},{"taxonomy":"post_tag","embeddable":true,"href":"https:\/\/www.europesays.com\/pt\/wp-json\/wp\/v2\/tags?post=219413"}],"curies":[{"name":"wp","href":"https:\/\/api.w.org\/{rel}","templated":true}]}}