{"id":219423,"date":"2026-01-07T18:02:12","date_gmt":"2026-01-07T18:02:12","guid":{"rendered":"https:\/\/www.europesays.com\/pt\/219423\/"},"modified":"2026-01-07T18:02:12","modified_gmt":"2026-01-07T18:02:12","slug":"atencao-ao-tempo-depressao-goretti-traz-chuva-e-neve","status":"publish","type":"post","link":"https:\/\/www.europesays.com\/pt\/219423\/","title":{"rendered":"Aten\u00e7\u00e3o ao tempo: depress\u00e3o Goretti traz chuva e neve"},"content":{"rendered":"<p>A depress\u00e3o Goretti vai alterar o estado do tempo, trazendo chuva e neve a Portugal continental na quinta e na sexta-feira.<\/p>\n<p style=\"text-align: justify;\">Segundo o Instituto Portugu\u00eas do Mar e da Atmosfera (IPMA), a depress\u00e3o em causa tem \u00abuma superf\u00edcie frontal fria associada de atividade fraca a moderada\u00bb que trar\u00e1, na quinta-feira, chuva, em geral fraca, no Norte e Centro, \u00abque ser\u00e1 temporariamente moderada no Minho e Douro Litoral a partir do final da tarde\u00bb.<\/p>\n<p style=\"text-align: justify;\">No mesmo dia, prev\u00ea-se a possibilidade de queda de neve nos pontos mais altos da Serra da Estrela a partir da tarde, com vento fraco a moderado \u00absoprando por vezes forte na faixa costeira a norte do Cabo Carvoeiro e nas terras altas a partir da tarde\u00bb.<\/p>\n<p>Na sexta-feira, poder\u00e3o ocorrer aguaceiros fracos, que ser\u00e3o de neve acima de 1.000\/1.200 metros de altitude. J\u00e1 o vento ser\u00e1 \u00abdo quadrante oeste, soprando por vezes forte nas terras altas, com rajadas at\u00e9 75 quil\u00f3metros\/hora\u00bb.<\/p>\n<p>Em termos de agita\u00e7\u00e3o mar\u00edtima, na sexta-feira e no s\u00e1bado, no litoral norte e centro est\u00e3o previstas ondas de noroeste com tr\u00eas a quatro metros.<\/p>\n","protected":false},"excerpt":{"rendered":"A depress\u00e3o Goretti vai alterar o estado do tempo, trazendo chuva e neve a Portugal continental na quinta&hellip;\n","protected":false},"author":2,"featured_media":131744,"comment_status":"","ping_status":"","sticky":false,"template":"","format":"standard","meta":{"footnotes":""},"categories":[8],"tags":[27,28,15,16,14,25,26,21,22,12,13,19,20,32,23,24,33,17,18,29,30,31],"class_list":{"0":"post-219423","1":"post","2":"type-post","3":"status-publish","4":"format-standard","5":"has-post-thumbnail","7":"category-principais-noticias","8":"tag-breaking-news","9":"tag-breakingnews","10":"tag-featured-news","11":"tag-featurednews","12":"tag-headlines","13":"tag-latest-news","14":"tag-latestnews","15":"tag-main-news","16":"tag-mainnews","17":"tag-news","18":"tag-noticias","19":"tag-noticias-principais","20":"tag-noticiasprincipais","21":"tag-portugal","22":"tag-principais-noticias","23":"tag-principaisnoticias","24":"tag-pt","25":"tag-top-stories","26":"tag-topstories","27":"tag-ultimas","28":"tag-ultimas-noticias","29":"tag-ultimasnoticias"},"share_on_mastodon":{"url":"https:\/\/pubeurope.com\/@pt\/115855133544566098","error":""},"_links":{"self":[{"href":"https:\/\/www.europesays.com\/pt\/wp-json\/wp\/v2\/posts\/219423","targetHints":{"allow":["GET"]}}],"collection":[{"href":"https:\/\/www.europesays.com\/pt\/wp-json\/wp\/v2\/posts"}],"about":[{"href":"https:\/\/www.europesays.com\/pt\/wp-json\/wp\/v2\/types\/post"}],"author":[{"embeddable":true,"href":"https:\/\/www.europesays.com\/pt\/wp-json\/wp\/v2\/users\/2"}],"replies":[{"embeddable":true,"href":"https:\/\/www.europesays.com\/pt\/wp-json\/wp\/v2\/comments?post=219423"}],"version-history":[{"count":0,"href":"https:\/\/www.europesays.com\/pt\/wp-json\/wp\/v2\/posts\/219423\/revisions"}],"wp:featuredmedia":[{"embeddable":true,"href":"https:\/\/www.europesays.com\/pt\/wp-json\/wp\/v2\/media\/131744"}],"wp:attachment":[{"href":"https:\/\/www.europesays.com\/pt\/wp-json\/wp\/v2\/media?parent=219423"}],"wp:term":[{"taxonomy":"category","embeddable":true,"href":"https:\/\/www.europesays.com\/pt\/wp-json\/wp\/v2\/categories?post=219423"},{"taxonomy":"post_tag","embeddable":true,"href":"https:\/\/www.europesays.com\/pt\/wp-json\/wp\/v2\/tags?post=219423"}],"curies":[{"name":"wp","href":"https:\/\/api.w.org\/{rel}","templated":true}]}}