{"id":219433,"date":"2026-01-07T18:12:54","date_gmt":"2026-01-07T18:12:54","guid":{"rendered":"https:\/\/www.europesays.com\/pt\/219433\/"},"modified":"2026-01-07T18:12:54","modified_gmt":"2026-01-07T18:12:54","slug":"mario-nogueira-olhos-bem-abertos-para-defender-uma-educacao-de-qualidade-para-todos","status":"publish","type":"post","link":"https:\/\/www.europesays.com\/pt\/219433\/","title":{"rendered":"M\u00e1rio Nogueira: Olhos bem abertos para defender uma Educa\u00e7\u00e3o de qualidade para todos"},"content":{"rendered":"<p>\tVis\u00e3o | M\u00e1rio Nogueira: Olhos bem abertos para defender uma Educa\u00e7\u00e3o de qualidade para todos<\/p>\n<p>&#13;<br \/>\n&#13;<br \/>\n&#13;<br \/>\n&#13;<br \/>\n&#13;<br \/>\n&#13;<\/p>\n<p>    Mais Not\u00edcias<\/p>\n<p>        <a href=\"https:\/\/visao.pt\/visaosaude\/2025-08-04-so-ver-uma-pessoa-doente-ja-faz-disparar-o-sistema-imunitario\/?utm_source=Vis\u00e3o&amp;utm_medium=Gaveta_Multimarca&amp;utm_campaign=Gavetas_Artigos_22\" target=\"_blank\" rel=\"nofollow noopener\"><br \/>\n            <img decoding=\"async\" class=\"attachment-Horizontal size-Horizontal wp-post-image\" alt=\"S\u00f3 ver uma pessoa doente j\u00e1 faz disparar o sistema imunit\u00e1rio\" loading=\"lazy\" responsive-image=\"1\" bad-src=\"https:\/\/www.europesays.com\/pt\/wp-content\/uploads\/2025\/11\/ja-lhe-aconteceu-ficar-doente-logo-nas-ferias-nao-e-coincidencia-2_visao-saude.jpeg\" src=\"https:\/\/www.europesays.com\/pt\/wp-content\/uploads\/2025\/11\/ja-lhe-aconteceu-ficar-doente-logo-nas-ferias-nao-e-coincidencia-2_visao-saude.jpeg\"\/><br \/>\n        <\/a><\/p>\n<p>        <a href=\"https:\/\/visao.pt\/visaosaude\/2025-08-04-so-ver-uma-pessoa-doente-ja-faz-disparar-o-sistema-imunitario\/?utm_source=Vis\u00e3o&amp;utm_medium=Gaveta_Multimarca&amp;utm_campaign=Gavetas_Artigos_22\" target=\"_blank\" class=\"article-block-title\" rel=\"nofollow noopener\"><br \/>\n            S\u00f3 ver uma pessoa doente j\u00e1 faz disparar o sistema imunit\u00e1rio<br \/>\n        <\/a><\/p>\n<p>        <a href=\"https:\/\/visao.pt\/visaojunior\/revista\/2025-05-24-antonio-casalinho-ninguem-o-para\/?utm_source=Vis\u00e3o&amp;utm_medium=Gaveta_Multimarca&amp;utm_campaign=Gavetas_Artigos_22\" target=\"_blank\" rel=\"nofollow noopener\"><br \/>\n            <img decoding=\"async\" class=\"attachment-Horizontal size-Horizontal wp-post-image\" alt=\"Ant\u00f3nio Casalinho: ningu\u00e9m o p\u00e1ra\" loading=\"lazy\" responsive-image=\"1\" bad-src=\"https:\/\/www.europesays.com\/pt\/wp-content\/uploads\/2025\/12\/250526_GB_00623_visao-junior.jpg\" src=\"https:\/\/www.europesays.com\/pt\/wp-content\/uploads\/2025\/12\/250526_GB_00623_visao-junior.jpg\"\/><br \/>\n        <\/a><\/p>\n<p>        <a href=\"https:\/\/visao.pt\/visaojunior\/revista\/2025-05-24-antonio-casalinho-ninguem-o-para\/?utm_source=Vis\u00e3o&amp;utm_medium=Gaveta_Multimarca&amp;utm_campaign=Gavetas_Artigos_22\" target=\"_blank\" class=\"article-block-title\" rel=\"nofollow noopener\"><br \/>\n            Ant\u00f3nio Casalinho: ningu\u00e9m o p\u00e1ra<br \/>\n        <\/a><\/p>\n<p>        <a href=\"https:\/\/activa.pt\/moda\/2014-05-13-os-5-tipos-de-carteiras-que-todas-as-mulheres-devem-ter-2\/?utm_source=Vis\u00e3o&amp;utm_medium=Gaveta_Multimarca&amp;utm_campaign=Gavetas_Artigos_22\" target=\"_blank\" rel=\"nofollow noopener\"><br \/>\n            <img decoding=\"async\" class=\"attachment-Horizontal size-Horizontal wp-post-image\" alt=\"Os 5 tipos de carteiras que todas as mulheres devem ter\" loading=\"lazy\" responsive-image=\"1\" bad-src=\"https:\/\/www.europesays.com\/pt\/wp-content\/uploads\/2026\/01\/2270063kayture.jpg\" src=\"https:\/\/www.europesays.com\/pt\/wp-content\/uploads\/2026\/01\/2270063kayture.jpg\"\/><br \/>\n        <\/a><\/p>\n<p>        <a href=\"https:\/\/activa.pt\/moda\/2014-05-13-os-5-tipos-de-carteiras-que-todas-as-mulheres-devem-ter-2\/?utm_source=Vis\u00e3o&amp;utm_medium=Gaveta_Multimarca&amp;utm_campaign=Gavetas_Artigos_22\" target=\"_blank\" class=\"article-block-title\" rel=\"nofollow noopener\"><br \/>\n            Os 5 tipos de carteiras que todas as mulheres devem ter<br \/>\n        <\/a><\/p>\n<p>        <a href=\"https:\/\/caras.pt\/famosos\/2025-07-16-lady-kitty-spencer-regressa-a-roma-para-o-desfile-de-alta-costura-de-dolce-gabbana\/?utm_source=Vis\u00e3o&amp;utm_medium=Gaveta_Multimarca&amp;utm_campaign=Gavetas_Artigos_22\" target=\"_blank\" rel=\"nofollow noopener\"><br \/>\n            <img decoding=\"async\" class=\"attachment-Horizontal size-Horizontal wp-post-image\" alt=\"Lady Kitty Spencer regressa a Roma para o desfile de alta-costura de Dolce &amp; Gabbana\" loading=\"lazy\" responsive-image=\"1\" bad-src=\"https:\/\/www.europesays.com\/pt\/wp-content\/uploads\/2025\/09\/250716_1-1_wm.jpg\" src=\"https:\/\/www.europesays.com\/pt\/wp-content\/uploads\/2025\/09\/250716_1-1_wm.jpg\"\/><br \/>\n        <\/a><\/p>\n<p>        <a href=\"https:\/\/caras.pt\/famosos\/2025-07-16-lady-kitty-spencer-regressa-a-roma-para-o-desfile-de-alta-costura-de-dolce-gabbana\/?utm_source=Vis\u00e3o&amp;utm_medium=Gaveta_Multimarca&amp;utm_campaign=Gavetas_Artigos_22\" target=\"_blank\" class=\"article-block-title\" rel=\"nofollow noopener\"><br \/>\n            Lady Kitty Spencer regressa a Roma para o desfile de alta-costura de Dolce &amp; Gabbana<br \/>\n        <\/a><\/p>\n<p>        <a href=\"https:\/\/holofote.pt\/televisao\/2017-07-04-hoje-em-amor-maior-francisca-droga-manel-veja-todas-as-fotos\/?utm_source=Vis\u00e3o&amp;utm_medium=Gaveta_Multimarca&amp;utm_campaign=Gavetas_Artigos_22\" target=\"_blank\" rel=\"nofollow noopener\"><br \/>\n            <img decoding=\"async\" class=\"attachment-Horizontal size-Horizontal wp-post-image\" alt=\"Hoje em Amor Maior', Francisca droga Manel (veja todas as fotos!)\" loading=\"lazy\" responsive-image=\"1\" bad-src=\"https:\/\/www.europesays.com\/pt\/wp-content\/uploads\/2026\/01\/10988329_DSC5173.JPG\" src=\"https:\/\/www.europesays.com\/pt\/wp-content\/uploads\/2026\/01\/10988329_DSC5173.JPG\"\/><br \/>\n        <\/a><\/p>\n<p>        <a href=\"https:\/\/holofote.pt\/televisao\/2017-07-04-hoje-em-amor-maior-francisca-droga-manel-veja-todas-as-fotos\/?utm_source=Vis\u00e3o&amp;utm_medium=Gaveta_Multimarca&amp;utm_campaign=Gavetas_Artigos_22\" target=\"_blank\" class=\"article-block-title\" rel=\"nofollow noopener\"><br \/>\n            Hoje em Amor Maior&#8217;, Francisca droga Manel (veja todas as fotos!)<br \/>\n        <\/a><\/p>\n<p>        <a href=\"https:\/\/visao.pt\/atualidade\/sociedade\/2025-08-09-fotografia-os-tigres-de-maria-da-luz\/?utm_source=Vis\u00e3o&amp;utm_medium=Gaveta_Multimarca&amp;utm_campaign=Gavetas_Artigos_22\" target=\"_blank\" rel=\"nofollow noopener\"><br \/>\n            <img decoding=\"async\" class=\"attachment-Horizontal size-Horizontal wp-post-image\" alt=\"Fotografia: Os tigres de Maria da Luz\" loading=\"lazy\" responsive-image=\"1\" bad-src=\"https:\/\/www.europesays.com\/pt\/wp-content\/uploads\/2026\/01\/250729_11_wm.jpg\" src=\"https:\/\/www.europesays.com\/pt\/wp-content\/uploads\/2026\/01\/250729_11_wm.jpg\"\/><br \/>\n        <\/a><\/p>\n<p>        <a href=\"https:\/\/visao.pt\/atualidade\/sociedade\/2025-08-09-fotografia-os-tigres-de-maria-da-luz\/?utm_source=Vis\u00e3o&amp;utm_medium=Gaveta_Multimarca&amp;utm_campaign=Gavetas_Artigos_22\" target=\"_blank\" class=\"article-block-title\" rel=\"nofollow noopener\"><br \/>\n            Fotografia: Os tigres de Maria da Luz<br \/>\n        <\/a><\/p>\n<p>        <a href=\"https:\/\/caras.pt\/decoracao\/2025-04-25-cosentino-inaugura-o-cosentino-city-porto-e-reforca-a-sua-presenca-em-portugal\/?utm_source=Vis\u00e3o&amp;utm_medium=Gaveta_Multimarca&amp;utm_campaign=Gavetas_Artigos_22\" target=\"_blank\" rel=\"nofollow noopener\"><br \/>\n            <img decoding=\"async\" class=\"attachment-Horizontal size-Horizontal wp-post-image\" alt=\"Cosentino inaugura o Cosentino City Porto e refor\u00e7a a sua presen\u00e7a em Portugal\" loading=\"lazy\" responsive-image=\"1\" bad-src=\"https:\/\/www.europesays.com\/pt\/wp-content\/uploads\/2025\/12\/250424_Cosentino-City-Porto-9_decoracao.jpg\" src=\"https:\/\/www.europesays.com\/pt\/wp-content\/uploads\/2025\/12\/250424_Cosentino-City-Porto-9_decoracao.jpg\"\/><br \/>\n        <\/a><\/p>\n<p>        <a href=\"https:\/\/caras.pt\/decoracao\/2025-04-25-cosentino-inaugura-o-cosentino-city-porto-e-reforca-a-sua-presenca-em-portugal\/?utm_source=Vis\u00e3o&amp;utm_medium=Gaveta_Multimarca&amp;utm_campaign=Gavetas_Artigos_22\" target=\"_blank\" class=\"article-block-title\" rel=\"nofollow noopener\"><br \/>\n            Cosentino inaugura o Cosentino City Porto e refor\u00e7a a sua presen\u00e7a em Portugal<br \/>\n        <\/a><\/p>\n<p>        <a href=\"https:\/\/visao.pt\/jornaldeletras\/teatro-e-danca\/2025-05-15-a-sagracao-da-primavera-quando-a-morte-e-tambem-fonte-de-vida\/?utm_source=Vis\u00e3o&amp;utm_medium=Gaveta_Multimarca&amp;utm_campaign=Gavetas_Artigos_22\" target=\"_blank\" rel=\"nofollow noopener\"><br \/>\n            <img decoding=\"async\" class=\"attachment-Horizontal size-Horizontal wp-post-image\" alt=\"A Sagra\u00e7\u00e3o da Primavera - Quando a morte \u00e9 tamb\u00e9m fonte de vida\" loading=\"lazy\" responsive-image=\"1\" bad-src=\"https:\/\/www.europesays.com\/pt\/wp-content\/uploads\/2026\/01\/250514_A-Sagrac\u0327a\u0303o-da-Primavera-5_FIMFA\u00a9Lorenza-Daverio_jornal-de-letras.jpg\" src=\"https:\/\/www.europesays.com\/pt\/wp-content\/uploads\/2026\/01\/250514_A-Sagrac\u0327a\u0303o-da-Primavera-5_FIMFA\u00a9Lorenza-Daverio_jornal-de-letras.jpg\"\/><br \/>\n        <\/a><\/p>\n<p>        <a href=\"https:\/\/visao.pt\/jornaldeletras\/teatro-e-danca\/2025-05-15-a-sagracao-da-primavera-quando-a-morte-e-tambem-fonte-de-vida\/?utm_source=Vis\u00e3o&amp;utm_medium=Gaveta_Multimarca&amp;utm_campaign=Gavetas_Artigos_22\" target=\"_blank\" class=\"article-block-title\" rel=\"nofollow noopener\"><br \/>\n            A Sagra\u00e7\u00e3o da Primavera &#8211; Quando a morte \u00e9 tamb\u00e9m fonte de vida<br \/>\n        <\/a><\/p>\n<p>        <a href=\"https:\/\/visao.pt\/atualidade\/50-anos-do-25-de-abril\/2024-04-24-de-zeca-afonso-a-adriano-correia-de-oliveira-o-papel-da-musica-de-intervencao-na-revolucao-de-1974\/?utm_source=Vis\u00e3o&amp;utm_medium=Gaveta_Multimarca&amp;utm_campaign=Gavetas_Artigos_22\" target=\"_blank\" rel=\"nofollow noopener\"><br \/>\n            <img decoding=\"async\" class=\"attachment-Horizontal size-Horizontal wp-post-image\" alt=\"De Zeca Afonso a Adriano Correia de Oliveira. O papel da m\u00fasica de interven\u00e7\u00e3o na revolu\u00e7\u00e3o de 1974\" loading=\"lazy\" responsive-image=\"1\" bad-src=\"https:\/\/www.europesays.com\/pt\/wp-content\/uploads\/2025\/09\/10664920fn-zeca-afonso-06_wm.jpg\" src=\"https:\/\/www.europesays.com\/pt\/wp-content\/uploads\/2025\/09\/10664920fn-zeca-afonso-06_wm.jpg\"\/><br \/>\n        <\/a><\/p>\n<p>        <a href=\"https:\/\/visao.pt\/atualidade\/50-anos-do-25-de-abril\/2024-04-24-de-zeca-afonso-a-adriano-correia-de-oliveira-o-papel-da-musica-de-intervencao-na-revolucao-de-1974\/?utm_source=Vis\u00e3o&amp;utm_medium=Gaveta_Multimarca&amp;utm_campaign=Gavetas_Artigos_22\" target=\"_blank\" class=\"article-block-title\" rel=\"nofollow noopener\"><br \/>\n            De Zeca Afonso a Adriano Correia de Oliveira. O papel da m\u00fasica de interven\u00e7\u00e3o na revolu\u00e7\u00e3o de 1974<br \/>\n        <\/a><\/p>\n<p>        <a href=\"https:\/\/activa.pt\/lifestyle\/2024-01-16-5-hoteis-com-lareira-ideais-para-o-dia-dos-namorados\/?utm_source=Vis\u00e3o&amp;utm_medium=Gaveta_Multimarca&amp;utm_campaign=Gavetas_Artigos_22\" target=\"_blank\" rel=\"nofollow noopener\"><br \/>\n            <img decoding=\"async\" class=\"attachment-Horizontal size-Horizontal wp-post-image\" alt=\"5 hot\u00e9is com lareira ideais para o Dia dos Namorados\" loading=\"lazy\" responsive-image=\"1\" bad-src=\"https:\/\/www.europesays.com\/pt\/wp-content\/uploads\/2026\/01\/240115_Monte-da-Bemposta-_3.5-12_wm.jpeg\" src=\"https:\/\/www.europesays.com\/pt\/wp-content\/uploads\/2026\/01\/240115_Monte-da-Bemposta-_3.5-12_wm.jpeg\"\/><br \/>\n        <\/a><\/p>\n<p>        <a href=\"https:\/\/activa.pt\/lifestyle\/2024-01-16-5-hoteis-com-lareira-ideais-para-o-dia-dos-namorados\/?utm_source=Vis\u00e3o&amp;utm_medium=Gaveta_Multimarca&amp;utm_campaign=Gavetas_Artigos_22\" target=\"_blank\" class=\"article-block-title\" rel=\"nofollow noopener\"><br \/>\n            5 hot\u00e9is com lareira ideais para o Dia dos Namorados<br \/>\n        <\/a><\/p>\n<p>        <a href=\"https:\/\/holofote.pt\/famosos\/2023-08-26-fadistas-em-biquini-e-a-banhos-veja-as-fotos\/?utm_source=Vis\u00e3o&amp;utm_medium=Gaveta_Multimarca&amp;utm_campaign=Gavetas_Artigos_22\" target=\"_blank\" rel=\"nofollow noopener\"><br \/>\n            <img decoding=\"async\" class=\"attachment-Horizontal size-Horizontal wp-post-image\" alt=\"Fadistas em biqu\u00edni e a banhos. Veja as fotos!\" loading=\"lazy\" responsive-image=\"1\" bad-src=\"https:\/\/www.europesays.com\/pt\/wp-content\/uploads\/2025\/12\/230822_Cuca-Roseta1_wm.jpg\" src=\"https:\/\/www.europesays.com\/pt\/wp-content\/uploads\/2025\/12\/230822_Cuca-Roseta1_wm.jpg\"\/><br \/>\n        <\/a><\/p>\n<p>        <a href=\"https:\/\/holofote.pt\/famosos\/2023-08-26-fadistas-em-biquini-e-a-banhos-veja-as-fotos\/?utm_source=Vis\u00e3o&amp;utm_medium=Gaveta_Multimarca&amp;utm_campaign=Gavetas_Artigos_22\" target=\"_blank\" class=\"article-block-title\" rel=\"nofollow noopener\"><br \/>\n            Fadistas em biqu\u00edni e a banhos. Veja as fotos!<br \/>\n        <\/a><\/p>\n<p>        <a href=\"https:\/\/caras.pt\/decoracao\/2025-04-22-caras-decoracao-10-espreguicadeiras-para-aproveitar-o-bom-tempo\/?utm_source=Vis\u00e3o&amp;utm_medium=Gaveta_Multimarca&amp;utm_campaign=Gavetas_Artigos_22\" target=\"_blank\" rel=\"nofollow noopener\"><br \/>\n            <img decoding=\"async\" class=\"attachment-Horizontal size-Horizontal wp-post-image\" alt=\"CARAS Decora\u00e7\u00e3o: 10 espregui\u00e7adeiras para aproveitar o bom tempo\" loading=\"lazy\" responsive-image=\"1\" bad-src=\"https:\/\/www.europesays.com\/pt\/wp-content\/uploads\/2026\/01\/250421_10.Orson-Sun-lounger-Gordon-Guillaumier-Roda-na-QuartoSala_decoracao.jpg\" src=\"https:\/\/www.europesays.com\/pt\/wp-content\/uploads\/2026\/01\/250421_10.Orson-Sun-lounger-Gordon-Guillaumier-Roda-na-QuartoSala_decoracao.jpg\"\/><br \/>\n        <\/a><\/p>\n<p>        <a href=\"https:\/\/caras.pt\/decoracao\/2025-04-22-caras-decoracao-10-espreguicadeiras-para-aproveitar-o-bom-tempo\/?utm_source=Vis\u00e3o&amp;utm_medium=Gaveta_Multimarca&amp;utm_campaign=Gavetas_Artigos_22\" target=\"_blank\" class=\"article-block-title\" rel=\"nofollow noopener\"><br \/>\n            CARAS Decora\u00e7\u00e3o: 10 espregui\u00e7adeiras para aproveitar o bom tempo<br \/>\n        <\/a><\/p>\n<p>        <a href=\"https:\/\/visao.pt\/visaojunior\/temas\/reporterjunior\/2025-05-24-reporter-junior-entrevista-a-luisa-ducla-soares\/?utm_source=Vis\u00e3o&amp;utm_medium=Gaveta_Multimarca&amp;utm_campaign=Gavetas_Artigos_22\" target=\"_blank\" rel=\"nofollow noopener\"><br \/>\n            <img decoding=\"async\" class=\"attachment-Horizontal size-Horizontal wp-post-image\" alt=\"Rep\u00f3rter J\u00fanior: Entrevista a Lu\u00edsa Ducla Soares\" loading=\"lazy\" responsive-image=\"1\" bad-src=\"https:\/\/www.europesays.com\/pt\/wp-content\/uploads\/2025\/09\/250526_MB-LuisaDuclaSoares-RepJunior-01_visao-junior.jpg\" src=\"https:\/\/www.europesays.com\/pt\/wp-content\/uploads\/2025\/09\/250526_MB-LuisaDuclaSoares-RepJunior-01_visao-junior.jpg\"\/><br \/>\n        <\/a><\/p>\n<p>        <a href=\"https:\/\/visao.pt\/visaojunior\/temas\/reporterjunior\/2025-05-24-reporter-junior-entrevista-a-luisa-ducla-soares\/?utm_source=Vis\u00e3o&amp;utm_medium=Gaveta_Multimarca&amp;utm_campaign=Gavetas_Artigos_22\" target=\"_blank\" class=\"article-block-title\" rel=\"nofollow noopener\"><br \/>\n            Rep\u00f3rter J\u00fanior: Entrevista a Lu\u00edsa Ducla Soares<br \/>\n        <\/a><\/p>\n<p>        <a href=\"https:\/\/visao.pt\/jornaldeletras\/letras\/2025-04-30-a-poesia-que-sai-a-rua-em-salvador\/?utm_source=Vis\u00e3o&amp;utm_medium=Gaveta_Multimarca&amp;utm_campaign=Gavetas_Artigos_22\" target=\"_blank\" rel=\"nofollow noopener\"><br \/>\n            <img decoding=\"async\" class=\"attachment-Horizontal size-Horizontal wp-post-image\" alt=\"A poesia que sai \u00e0 rua em Salvador\" loading=\"lazy\" responsive-image=\"1\" bad-src=\"https:\/\/www.europesays.com\/pt\/wp-content\/uploads\/2025\/11\/250429_pt_jornal-de-letras.jpg\" src=\"https:\/\/www.europesays.com\/pt\/wp-content\/uploads\/2025\/11\/250429_pt_jornal-de-letras.jpg\"\/><br \/>\n        <\/a><\/p>\n<p>        <a href=\"https:\/\/visao.pt\/jornaldeletras\/letras\/2025-04-30-a-poesia-que-sai-a-rua-em-salvador\/?utm_source=Vis\u00e3o&amp;utm_medium=Gaveta_Multimarca&amp;utm_campaign=Gavetas_Artigos_22\" target=\"_blank\" class=\"article-block-title\" rel=\"nofollow noopener\"><br \/>\n            A poesia que sai \u00e0 rua em Salvador<br \/>\n        <\/a><\/p>\n<p>        <a href=\"https:\/\/visao.pt\/visaose7e\/2026-01-03-tom-cruise-cava-hollywood-espreita-e-o-segredo-engorda\/?utm_source=Vis\u00e3o&amp;utm_medium=Gaveta_Multimarca&amp;utm_campaign=Gavetas_Artigos_22\" target=\"_blank\" rel=\"nofollow noopener\"><br \/>\n            <img decoding=\"async\" class=\"attachment-Horizontal size-Horizontal wp-post-image\" alt=\"Tom Cruise cava, Hollywood espreita e o segredo engorda\" loading=\"lazy\" responsive-image=\"1\" bad-src=\"https:\/\/www.europesays.com\/pt\/wp-content\/uploads\/2026\/01\/251229_Digger_se7e.jpg\" src=\"https:\/\/www.europesays.com\/pt\/wp-content\/uploads\/2026\/01\/251229_Digger_se7e.jpg\"\/><br \/>\n        <\/a><\/p>\n<p>        <a href=\"https:\/\/visao.pt\/visaose7e\/2026-01-03-tom-cruise-cava-hollywood-espreita-e-o-segredo-engorda\/?utm_source=Vis\u00e3o&amp;utm_medium=Gaveta_Multimarca&amp;utm_campaign=Gavetas_Artigos_22\" target=\"_blank\" class=\"article-block-title\" rel=\"nofollow noopener\"><br \/>\n            Tom Cruise cava, Hollywood espreita e o segredo engorda<br \/>\n        <\/a><\/p>\n<p>        <a href=\"https:\/\/visao.pt\/visaosaude\/2025-08-05-o-que-os-cientistas-descobriram-ao-ressuscitar-o-virus-da-gripe-espanhola\/?utm_source=Vis\u00e3o&amp;utm_medium=Gaveta_Multimarca&amp;utm_campaign=Gavetas_Artigos_22\" target=\"_blank\" rel=\"nofollow noopener\"><br \/>\n            <img decoding=\"async\" class=\"attachment-Horizontal size-Horizontal wp-post-image\" alt=\"O que os cientistas descobriram ao \" ressuscitar=\"\" o=\"\" v=\"\" da=\"\" gripe=\"\" espanhola=\"\" loading=\"lazy\" responsive-image=\"1\" bad-src=\"https:\/\/www.europesays.com\/pt\/wp-content\/uploads\/2026\/01\/GettyImages-535236239_visao-saude.jpg\" src=\"https:\/\/www.europesays.com\/pt\/wp-content\/uploads\/2026\/01\/GettyImages-535236239_visao-saude.jpg\"\/><br \/>\n        <\/a><\/p>\n<p>        <a href=\"https:\/\/visao.pt\/visaosaude\/2025-08-05-o-que-os-cientistas-descobriram-ao-ressuscitar-o-virus-da-gripe-espanhola\/?utm_source=Vis\u00e3o&amp;utm_medium=Gaveta_Multimarca&amp;utm_campaign=Gavetas_Artigos_22\" target=\"_blank\" class=\"article-block-title\" rel=\"nofollow noopener\"><br \/>\n            O que os cientistas descobriram ao &#8220;ressuscitar&#8221; o v\u00edrus da gripe espanhola<br \/>\n        <\/a><\/p>\n<p>        <a href=\"https:\/\/caras.pt\/realeza\/2025-09-15-rainha-letizia-celebra-53-o-aniversario\/?utm_source=Vis\u00e3o&amp;utm_medium=Gaveta_Multimarca&amp;utm_campaign=Gavetas_Artigos_22\" target=\"_blank\" rel=\"nofollow noopener\"><br \/>\n            <img decoding=\"async\" class=\"attachment-Horizontal size-Horizontal wp-post-image\" alt=\"Rainha Letizia celebra 53.\u00ba anivers\u00e1rio\" loading=\"lazy\" responsive-image=\"1\" bad-src=\"https:\/\/www.europesays.com\/pt\/wp-content\/uploads\/2025\/09\/250915_241027_DOC.20241025.43797655.11683139-477x1080-1_wm.jpg\" src=\"https:\/\/www.europesays.com\/pt\/wp-content\/uploads\/2025\/09\/250915_241027_DOC.20241025.43797655.11683139-477x1080-1_wm.jpg\"\/><br \/>\n        <\/a><\/p>\n<p>        <a href=\"https:\/\/caras.pt\/realeza\/2025-09-15-rainha-letizia-celebra-53-o-aniversario\/?utm_source=Vis\u00e3o&amp;utm_medium=Gaveta_Multimarca&amp;utm_campaign=Gavetas_Artigos_22\" target=\"_blank\" class=\"article-block-title\" rel=\"nofollow noopener\"><br \/>\n            Rainha Letizia celebra 53.\u00ba anivers\u00e1rio<br \/>\n        <\/a><\/p>\n<p>        <a href=\"https:\/\/visao.pt\/exame\/2025-06-11-e-se-os-refugiados-do-clima-formos-nos\/?utm_source=Vis\u00e3o&amp;utm_medium=Gaveta_Multimarca&amp;utm_campaign=Gavetas_Artigos_22\" target=\"_blank\" rel=\"nofollow noopener\"><br \/>\n            <img decoding=\"async\" class=\"attachment-Horizontal size-Horizontal wp-post-image\" alt=\"E se os refugiados do clima formos n\u00f3s?\" loading=\"lazy\" responsive-image=\"1\" bad-src=\"https:\/\/www.europesays.com\/pt\/wp-content\/uploads\/2025\/09\/250610_DOC.20241031.43833477.11694689_exame.jpg\" src=\"https:\/\/www.europesays.com\/pt\/wp-content\/uploads\/2025\/09\/250610_DOC.20241031.43833477.11694689_exame.jpg\"\/><br \/>\n        <\/a><\/p>\n<p>        <a href=\"https:\/\/visao.pt\/exame\/2025-06-11-e-se-os-refugiados-do-clima-formos-nos\/?utm_source=Vis\u00e3o&amp;utm_medium=Gaveta_Multimarca&amp;utm_campaign=Gavetas_Artigos_22\" target=\"_blank\" class=\"article-block-title\" rel=\"nofollow noopener\"><br \/>\n            E se os refugiados do clima formos n\u00f3s?<br \/>\n        <\/a><\/p>\n<p>        <a href=\"https:\/\/visao.pt\/visaose7e\/2026-01-03-o-cinema-que-ai-vem-misturar-epica-culpa-nostalgia-e-medo-do-futuro\/?utm_source=Vis\u00e3o&amp;utm_medium=Gaveta_Multimarca&amp;utm_campaign=Gavetas_Artigos_22\" target=\"_blank\" rel=\"nofollow noopener\"><br \/>\n            <img decoding=\"async\" class=\"attachment-Horizontal size-Horizontal wp-post-image\" alt=\"O cinema que a\u00ed vem: Misturar \u00e9pica, culpa, nostalgia e medo do futuro\" loading=\"lazy\" responsive-image=\"1\" bad-src=\"https:\/\/www.europesays.com\/pt\/wp-content\/uploads\/2026\/01\/251229_MV5BN2MyYjk2MWMtODMyZS00MDUyLWE0OGQtOTQ3MGY0MDE0ZjVmXkEyXkFqcGc_se7e.jpg\" src=\"https:\/\/www.europesays.com\/pt\/wp-content\/uploads\/2026\/01\/251229_MV5BN2MyYjk2MWMtODMyZS00MDUyLWE0OGQtOTQ3MGY0MDE0ZjVmXkEyXkFqcGc_se7e.jpg\"\/><br \/>\n        <\/a><\/p>\n<p>        <a href=\"https:\/\/visao.pt\/visaose7e\/2026-01-03-o-cinema-que-ai-vem-misturar-epica-culpa-nostalgia-e-medo-do-futuro\/?utm_source=Vis\u00e3o&amp;utm_medium=Gaveta_Multimarca&amp;utm_campaign=Gavetas_Artigos_22\" target=\"_blank\" class=\"article-block-title\" rel=\"nofollow noopener\"><br \/>\n            O cinema que a\u00ed vem: Misturar \u00e9pica, culpa, nostalgia e medo do futuro<br \/>\n        <\/a><\/p>\n<p>        <a href=\"https:\/\/visao.pt\/visaose7e\/2026-01-05-televisao-novas-series-e-outros-regressos-do-ano\/?utm_source=Vis\u00e3o&amp;utm_medium=Gaveta_Multimarca&amp;utm_campaign=Gavetas_Artigos_22\" target=\"_blank\" rel=\"nofollow noopener\"><br \/>\n            <img decoding=\"async\" class=\"attachment-Horizontal size-Horizontal wp-post-image\" alt=\"Televis\u00e3o: Novas s\u00e9ries e outros regressos do ano\" loading=\"lazy\" responsive-image=\"1\" bad-src=\"https:\/\/www.europesays.com\/pt\/wp-content\/uploads\/2026\/01\/251229_Amadeus-Image-3_se7e.jpg\" src=\"https:\/\/www.europesays.com\/pt\/wp-content\/uploads\/2026\/01\/251229_Amadeus-Image-3_se7e.jpg\"\/><br \/>\n        <\/a><\/p>\n<p>        <a href=\"https:\/\/visao.pt\/visaose7e\/2026-01-05-televisao-novas-series-e-outros-regressos-do-ano\/?utm_source=Vis\u00e3o&amp;utm_medium=Gaveta_Multimarca&amp;utm_campaign=Gavetas_Artigos_22\" target=\"_blank\" class=\"article-block-title\" rel=\"nofollow noopener\"><br \/>\n            Televis\u00e3o: Novas s\u00e9ries e outros regressos do ano<br \/>\n        <\/a><\/p>\n<p>        <a href=\"https:\/\/visao.pt\/visao_verde\/ambiente\/2025-05-30-keep-the-coins-i-want-change-um-mapa-para-a-sustentabilidade-empresarial-em-2025\/?utm_source=Vis\u00e3o&amp;utm_medium=Gaveta_Multimarca&amp;utm_campaign=Gavetas_Artigos_22\" target=\"_blank\" rel=\"nofollow noopener\"><br \/>\n            <img decoding=\"async\" class=\"attachment-Horizontal size-Horizontal wp-post-image\" alt=\"Keep the coins, I want change: um mapa para a sustentabilidade empresarial em 2025\" loading=\"lazy\" responsive-image=\"1\" bad-src=\"https:\/\/www.europesays.com\/pt\/wp-content\/uploads\/2025\/09\/250529_finance-7529921_1920_visao-verde.jpg\" src=\"https:\/\/www.europesays.com\/pt\/wp-content\/uploads\/2025\/09\/250529_finance-7529921_1920_visao-verde.jpg\"\/><br \/>\n        <\/a><\/p>\n<p>        <a href=\"https:\/\/visao.pt\/visao_verde\/ambiente\/2025-05-30-keep-the-coins-i-want-change-um-mapa-para-a-sustentabilidade-empresarial-em-2025\/?utm_source=Vis\u00e3o&amp;utm_medium=Gaveta_Multimarca&amp;utm_campaign=Gavetas_Artigos_22\" target=\"_blank\" class=\"article-block-title\" rel=\"nofollow noopener\"><br \/>\n            Keep the coins, I want change: um mapa para a sustentabilidade empresarial em 2025<br \/>\n        <\/a><\/p>\n<p>        <a href=\"https:\/\/caras.pt\/realeza\/2025-07-16-o-look-de-letizia-no-reencontro-com-a-filha-em-marin\/?utm_source=Vis\u00e3o&amp;utm_medium=Gaveta_Multimarca&amp;utm_campaign=Gavetas_Artigos_22\" target=\"_blank\" rel=\"nofollow noopener\"><br \/>\n            <img decoding=\"async\" class=\"attachment-Horizontal size-Horizontal wp-post-image\" alt=\"O \" look=\"\" de=\"\" letizia=\"\" no=\"\" reencontro=\"\" com=\"\" a=\"\" filha=\"\" em=\"\" mar=\"\" loading=\"lazy\" responsive-image=\"1\" bad-src=\"https:\/\/www.europesays.com\/pt\/wp-content\/uploads\/2025\/09\/250716_1-5_wm.jpg\" src=\"https:\/\/www.europesays.com\/pt\/wp-content\/uploads\/2025\/09\/250716_1-5_wm.jpg\"\/><br \/>\n        <\/a><\/p>\n<p>        <a href=\"https:\/\/caras.pt\/realeza\/2025-07-16-o-look-de-letizia-no-reencontro-com-a-filha-em-marin\/?utm_source=Vis\u00e3o&amp;utm_medium=Gaveta_Multimarca&amp;utm_campaign=Gavetas_Artigos_22\" target=\"_blank\" class=\"article-block-title\" rel=\"nofollow noopener\"><br \/>\n            O &#8220;look&#8221; de Letizia no reencontro com a filha em Mar\u00edn<br \/>\n        <\/a><\/p>\n<p>        <a href=\"https:\/\/visao.pt\/visaosaude\/2025-08-01-infecoes-respiratorias-como-covid-ou-a-gripe-podem-acordar-celulas-cancerigenas-adormecidas-nos-pulmoes\/?utm_source=Vis\u00e3o&amp;utm_medium=Gaveta_Multimarca&amp;utm_campaign=Gavetas_Artigos_22\" target=\"_blank\" rel=\"nofollow noopener\"><br \/>\n            <img decoding=\"async\" class=\"attachment-Horizontal size-Horizontal wp-post-image\" alt=\"Infe\u00e7\u00f5es respirat\u00f3rias como Covid ou a gripe podem \" acordar=\"\" c=\"\" cancer=\"\" adormecidas=\"\" nos=\"\" pulm=\"\" loading=\"lazy\" responsive-image=\"1\" bad-src=\"https:\/\/www.europesays.com\/pt\/wp-content\/uploads\/2026\/01\/14547895pulm\u00e3o-pulm\u00f5es-respira\u00e7\u00e3o_visao-saude.jpeg\" src=\"https:\/\/www.europesays.com\/pt\/wp-content\/uploads\/2026\/01\/14547895pulm\u00e3o-pulm\u00f5es-respira\u00e7\u00e3o_visao-saude.jpeg\"\/><br \/>\n        <\/a><\/p>\n<p>        <a href=\"https:\/\/visao.pt\/visaosaude\/2025-08-01-infecoes-respiratorias-como-covid-ou-a-gripe-podem-acordar-celulas-cancerigenas-adormecidas-nos-pulmoes\/?utm_source=Vis\u00e3o&amp;utm_medium=Gaveta_Multimarca&amp;utm_campaign=Gavetas_Artigos_22\" target=\"_blank\" class=\"article-block-title\" rel=\"nofollow noopener\"><br \/>\n            Infe\u00e7\u00f5es respirat\u00f3rias como Covid ou a gripe podem &#8220;acordar&#8221; c\u00e9lulas cancer\u00edgenas adormecidas nos pulm\u00f5es<br \/>\n        <\/a><\/p>\n<p>        <a href=\"https:\/\/visao.pt\/exame\/2025-07-09-o-grande-negocio-dos-centros-de-dados\/?utm_source=Vis\u00e3o&amp;utm_medium=Gaveta_Multimarca&amp;utm_campaign=Gavetas_Artigos_22\" target=\"_blank\" rel=\"nofollow noopener\"><br \/>\n            <img decoding=\"async\" class=\"attachment-Horizontal size-Horizontal wp-post-image\" alt=\"O grande neg\u00f3cio dos centros de dados\" loading=\"lazy\" responsive-image=\"1\" bad-src=\"https:\/\/www.europesays.com\/pt\/wp-content\/uploads\/2026\/01\/250709_generic_int_ibx_blue_light-cages_005_exame.jpg\" src=\"https:\/\/www.europesays.com\/pt\/wp-content\/uploads\/2026\/01\/250709_generic_int_ibx_blue_light-cages_005_exame.jpg\"\/><br \/>\n        <\/a><\/p>\n<p>        <a href=\"https:\/\/visao.pt\/exame\/2025-07-09-o-grande-negocio-dos-centros-de-dados\/?utm_source=Vis\u00e3o&amp;utm_medium=Gaveta_Multimarca&amp;utm_campaign=Gavetas_Artigos_22\" target=\"_blank\" class=\"article-block-title\" rel=\"nofollow noopener\"><br \/>\n            O grande neg\u00f3cio dos centros de dados<br \/>\n        <\/a><\/p>\n<p>        <a href=\"https:\/\/activa.pt\/diz-quem-sabe\/2022-08-29-do-ponto-a-ao-g-eis-o-mapa-de-prazer-da-mulher\/?utm_source=Vis\u00e3o&amp;utm_medium=Gaveta_Multimarca&amp;utm_campaign=Gavetas_Artigos_22\" target=\"_blank\" rel=\"nofollow noopener\"><br \/>\n            <img decoding=\"async\" class=\"attachment-Horizontal size-Horizontal wp-post-image\" alt=\"Do ponto A ao G, eis o mapa de prazer da mulher\" loading=\"lazy\" responsive-image=\"1\" bad-src=\"https:\/\/www.europesays.com\/pt\/wp-content\/uploads\/2026\/01\/220829_296488141_739807933904293_3383319572387257776_n_wm.jpg\" src=\"https:\/\/www.europesays.com\/pt\/wp-content\/uploads\/2026\/01\/220829_296488141_739807933904293_3383319572387257776_n_wm.jpg\"\/><br \/>\n        <\/a><\/p>\n<p>        <a href=\"https:\/\/activa.pt\/diz-quem-sabe\/2022-08-29-do-ponto-a-ao-g-eis-o-mapa-de-prazer-da-mulher\/?utm_source=Vis\u00e3o&amp;utm_medium=Gaveta_Multimarca&amp;utm_campaign=Gavetas_Artigos_22\" target=\"_blank\" class=\"article-block-title\" rel=\"nofollow noopener\"><br \/>\n            Do ponto A ao G, eis o mapa de prazer da mulher<br \/>\n        <\/a><\/p>\n<p>        <a href=\"https:\/\/visao.pt\/volt\/2025-05-28-vendas-da-tesla-na-europa-estao-em-queda\/?utm_source=Vis\u00e3o&amp;utm_medium=Gaveta_Multimarca&amp;utm_campaign=Gavetas_Artigos_22\" target=\"_blank\" rel=\"nofollow noopener\"><br \/>\n            <img decoding=\"async\" class=\"attachment-Horizontal size-Horizontal wp-post-image\" alt=\"Vendas da Tesla na Europa est\u00e3o em queda\" loading=\"lazy\" responsive-image=\"1\" bad-src=\"https:\/\/www.europesays.com\/pt\/wp-content\/uploads\/2026\/01\/240423_Tesla-New-Model-3-Performance_volt.jpg\" src=\"https:\/\/www.europesays.com\/pt\/wp-content\/uploads\/2026\/01\/240423_Tesla-New-Model-3-Performance_volt.jpg\"\/><br \/>\n        <\/a><\/p>\n<p>        <a href=\"https:\/\/visao.pt\/volt\/2025-05-28-vendas-da-tesla-na-europa-estao-em-queda\/?utm_source=Vis\u00e3o&amp;utm_medium=Gaveta_Multimarca&amp;utm_campaign=Gavetas_Artigos_22\" target=\"_blank\" class=\"article-block-title\" rel=\"nofollow noopener\"><br \/>\n            Vendas da Tesla na Europa est\u00e3o em queda<br \/>\n        <\/a><\/p>\n<p>        <a href=\"https:\/\/visao.pt\/jornaldeletras\/cinema\/2025-04-30-tudo-isto-e-cinema\/?utm_source=Vis\u00e3o&amp;utm_medium=Gaveta_Multimarca&amp;utm_campaign=Gavetas_Artigos_22\" target=\"_blank\" rel=\"nofollow noopener\"><br \/>\n            <img decoding=\"async\" class=\"attachment-Horizontal size-Horizontal wp-post-image\" alt=\"Tudo isto \u00e9 cinema\" loading=\"lazy\" responsive-image=\"1\" bad-src=\"https:\/\/www.europesays.com\/pt\/wp-content\/uploads\/2025\/09\/250429_indie3_jornal-de-letras.jpg\" src=\"https:\/\/www.europesays.com\/pt\/wp-content\/uploads\/2025\/09\/250429_indie3_jornal-de-letras.jpg\"\/><br \/>\n        <\/a><\/p>\n<p>        <a href=\"https:\/\/caras.pt\/famosos\/2013-10-06-as-fotografias-do-casamento-de-carminho-e-diogo-clemente\/?utm_source=Vis\u00e3o&amp;utm_medium=Gaveta_Multimarca&amp;utm_campaign=Gavetas_Artigos_22\" target=\"_blank\" rel=\"nofollow noopener\"><br \/>\n            <img decoding=\"async\" class=\"attachment-Horizontal size-Horizontal wp-post-image\" alt=\"As fotografias do casamento de Carminho e Diogo Clemente\" loading=\"lazy\" responsive-image=\"1\" bad-src=\"https:\/\/www.europesays.com\/pt\/wp-content\/uploads\/2026\/01\/18777781.jpg\" src=\"https:\/\/www.europesays.com\/pt\/wp-content\/uploads\/2026\/01\/18777781.jpg\"\/><br \/>\n        <\/a><\/p>\n<p>        <a href=\"https:\/\/caras.pt\/famosos\/2013-10-06-as-fotografias-do-casamento-de-carminho-e-diogo-clemente\/?utm_source=Vis\u00e3o&amp;utm_medium=Gaveta_Multimarca&amp;utm_campaign=Gavetas_Artigos_22\" target=\"_blank\" class=\"article-block-title\" rel=\"nofollow noopener\"><br \/>\n            As fotografias do casamento de Carminho e Diogo Clemente<br \/>\n        <\/a><\/p>\n<p>        <a href=\"https:\/\/visao.pt\/anossaprima\/2024-03-28-um-novo-estudio-em-lisboa-para-jantares-showcookings-apresentacoes-de-marcas-todo-decorado-em-portugues\/?utm_source=Vis\u00e3o&amp;utm_medium=Gaveta_Multimarca&amp;utm_campaign=Gavetas_Artigos_22\" target=\"_blank\" rel=\"nofollow noopener\"><br \/>\n            <img decoding=\"async\" class=\"attachment-Horizontal size-Horizontal wp-post-image\" alt=\"Um novo est\u00fadio em Lisboa para jantares, showcookings, apresenta\u00e7\u00f5es de marcas, todo decorado em portugu\u00eas\" loading=\"lazy\" responsive-image=\"1\" bad-src=\"https:\/\/www.europesays.com\/pt\/wp-content\/uploads\/2025\/09\/240328_RC35037-S_prima.jpg\" src=\"https:\/\/www.europesays.com\/pt\/wp-content\/uploads\/2025\/09\/240328_RC35037-S_prima.jpg\"\/><br \/>\n        <\/a><\/p>\n<p>        <a href=\"https:\/\/visao.pt\/anossaprima\/2024-03-28-um-novo-estudio-em-lisboa-para-jantares-showcookings-apresentacoes-de-marcas-todo-decorado-em-portugues\/?utm_source=Vis\u00e3o&amp;utm_medium=Gaveta_Multimarca&amp;utm_campaign=Gavetas_Artigos_22\" target=\"_blank\" class=\"article-block-title\" rel=\"nofollow noopener\"><br \/>\n            Um novo est\u00fadio em Lisboa para jantares, showcookings, apresenta\u00e7\u00f5es de marcas, todo decorado em portugu\u00eas<br \/>\n        <\/a><\/p>\n<p>        <a href=\"https:\/\/visao.pt\/exameinformatica\/noticias-ei\/hardware\/2025-07-11-samsung-vai-lancar-smartphone-dobravel-triptico-ate-final-do-ano\/?utm_source=Vis\u00e3o&amp;utm_medium=Gaveta_Multimarca&amp;utm_campaign=Gavetas_Artigos_22\" target=\"_blank\" rel=\"nofollow noopener\"><br \/>\n            <img decoding=\"async\" class=\"attachment-Horizontal size-Horizontal wp-post-image\" alt=\"Samsung vai lan\u00e7ar smartphone dobr\u00e1vel tr\u00edptico at\u00e9 final do ano\" loading=\"lazy\" responsive-image=\"1\" bad-src=\"https:\/\/www.europesays.com\/pt\/wp-content\/uploads\/2026\/01\/240911_Huawei-Mate-XT_exame-informatica.jpg\" src=\"https:\/\/www.europesays.com\/pt\/wp-content\/uploads\/2026\/01\/240911_Huawei-Mate-XT_exame-informatica.jpg\"\/><br \/>\n        <\/a><\/p>\n<p>        <a href=\"https:\/\/visao.pt\/exameinformatica\/noticias-ei\/hardware\/2025-07-11-samsung-vai-lancar-smartphone-dobravel-triptico-ate-final-do-ano\/?utm_source=Vis\u00e3o&amp;utm_medium=Gaveta_Multimarca&amp;utm_campaign=Gavetas_Artigos_22\" target=\"_blank\" class=\"article-block-title\" rel=\"nofollow noopener\"><br \/>\n            Samsung vai lan\u00e7ar smartphone dobr\u00e1vel tr\u00edptico at\u00e9 final do ano<br \/>\n        <\/a><\/p>\n<p>        <a href=\"https:\/\/visao.pt\/exameinformatica\/noticias-ei\/aeroespacial\/2025-07-11-reino-unido-junta-se-a-franca-para-investir-na-rival-europeia-da-starlink\/?utm_source=Vis\u00e3o&amp;utm_medium=Gaveta_Multimarca&amp;utm_campaign=Gavetas_Artigos_22\" target=\"_blank\" rel=\"nofollow noopener\"><br \/>\n            <img decoding=\"async\" class=\"attachment-Horizontal size-Horizontal wp-post-image\" alt=\"Reino Unido junta-se a Fran\u00e7a para investir na rival europeia da Starlink\" loading=\"lazy\" responsive-image=\"1\" bad-src=\"https:\/\/www.europesays.com\/pt\/wp-content\/uploads\/2025\/11\/250106_oneweb_exame-informatica.jpg\" src=\"https:\/\/www.europesays.com\/pt\/wp-content\/uploads\/2025\/11\/250106_oneweb_exame-informatica.jpg\"\/><br \/>\n        <\/a><\/p>\n<p>        <a href=\"https:\/\/visao.pt\/exameinformatica\/noticias-ei\/aeroespacial\/2025-07-11-reino-unido-junta-se-a-franca-para-investir-na-rival-europeia-da-starlink\/?utm_source=Vis\u00e3o&amp;utm_medium=Gaveta_Multimarca&amp;utm_campaign=Gavetas_Artigos_22\" target=\"_blank\" class=\"article-block-title\" rel=\"nofollow noopener\"><br \/>\n            Reino Unido junta-se a Fran\u00e7a para investir na rival europeia da Starlink<br \/>\n        <\/a><\/p>\n<p>        <a href=\"https:\/\/visao.pt\/exameinformatica\/noticias-ei\/aeroespacial\/2025-07-10-cortes-orcamentais-de-trump-podem-levar-a-mais-de-2000-despedimentos-na-nasa\/?utm_source=Vis\u00e3o&amp;utm_medium=Gaveta_Multimarca&amp;utm_campaign=Gavetas_Artigos_22\" target=\"_blank\" rel=\"nofollow noopener\"><br \/>\n            <img decoding=\"async\" class=\"attachment-Horizontal size-Horizontal wp-post-image\" alt=\"Cortes or\u00e7amentais de Trump podem levar a mais de 2000 despedimentos na NASA\" loading=\"lazy\" responsive-image=\"1\" bad-src=\"https:\/\/www.europesays.com\/pt\/wp-content\/uploads\/2025\/12\/240924_nasa-satelites_exame-informatica.jpg\" src=\"https:\/\/www.europesays.com\/pt\/wp-content\/uploads\/2025\/12\/240924_nasa-satelites_exame-informatica.jpg\"\/><br \/>\n        <\/a><\/p>\n<p>        <a href=\"https:\/\/visao.pt\/exameinformatica\/noticias-ei\/aeroespacial\/2025-07-10-cortes-orcamentais-de-trump-podem-levar-a-mais-de-2000-despedimentos-na-nasa\/?utm_source=Vis\u00e3o&amp;utm_medium=Gaveta_Multimarca&amp;utm_campaign=Gavetas_Artigos_22\" target=\"_blank\" class=\"article-block-title\" rel=\"nofollow noopener\"><br \/>\n            Cortes or\u00e7amentais de Trump podem levar a mais de 2000 despedimentos na NASA<br \/>\n        <\/a><\/p>\n<p>        <a href=\"https:\/\/visao.pt\/exame\/conteudo-patrocinado\/2025-05-16-antecipar-o-futuro-a-visao-da-wtw-sobre-os-riscos-emergentes\/?utm_source=Vis\u00e3o&amp;utm_medium=Gaveta_Multimarca&amp;utm_campaign=Gavetas_Artigos_22\" target=\"_blank\" rel=\"nofollow noopener\"><br \/>\n            <img decoding=\"async\" class=\"attachment-Horizontal size-Horizontal wp-post-image\" alt=\"Antecipar o futuro: a vis\u00e3o da WTW sobre os riscos emergentes\" loading=\"lazy\" responsive-image=\"1\" bad-src=\"https:\/\/www.europesays.com\/pt\/wp-content\/uploads\/2025\/09\/250515_Luis-Teixeira_brand_studio.jpg\" src=\"https:\/\/www.europesays.com\/pt\/wp-content\/uploads\/2025\/09\/250515_Luis-Teixeira_brand_studio.jpg\"\/><br \/>\n        <\/a><\/p>\n<p>        <a href=\"https:\/\/visao.pt\/exame\/conteudo-patrocinado\/2025-05-16-antecipar-o-futuro-a-visao-da-wtw-sobre-os-riscos-emergentes\/?utm_source=Vis\u00e3o&amp;utm_medium=Gaveta_Multimarca&amp;utm_campaign=Gavetas_Artigos_22\" target=\"_blank\" class=\"article-block-title\" rel=\"nofollow noopener\"><br \/>\n            Antecipar o futuro: a vis\u00e3o da WTW sobre os riscos emergentes<br \/>\n        <\/a><\/p>\n<p>        <a href=\"https:\/\/visao.pt\/anossaprima\/expirar\/2024-03-28-pigmentarium-perfumaria-de-nicho-inspirada-na-heranca-cultural-da-republica-checa\/?utm_source=Vis\u00e3o&amp;utm_medium=Gaveta_Multimarca&amp;utm_campaign=Gavetas_Artigos_22\" target=\"_blank\" rel=\"nofollow noopener\"><br \/>\n            <img decoding=\"async\" class=\"attachment-Horizontal size-Horizontal wp-post-image\" alt=\"Pigmentarium: perfumaria de nicho inspirada na heran\u00e7a cultural da Rep\u00fablica Checa\" loading=\"lazy\" responsive-image=\"1\" bad-src=\"https:\/\/www.europesays.com\/pt\/wp-content\/uploads\/2026\/01\/240328_PIGMENTARIUM-NA-BANEMA-STUDIO-\u00a9-MARIANA-MOTA-1-1_prima.jpg\" src=\"https:\/\/www.europesays.com\/pt\/wp-content\/uploads\/2026\/01\/240328_PIGMENTARIUM-NA-BANEMA-STUDIO-\u00a9-MARIANA-MOTA-1-1_prima.jpg\"\/><br \/>\n        <\/a><\/p>\n<p>        <a href=\"https:\/\/visao.pt\/anossaprima\/expirar\/2024-03-28-pigmentarium-perfumaria-de-nicho-inspirada-na-heranca-cultural-da-republica-checa\/?utm_source=Vis\u00e3o&amp;utm_medium=Gaveta_Multimarca&amp;utm_campaign=Gavetas_Artigos_22\" target=\"_blank\" class=\"article-block-title\" rel=\"nofollow noopener\"><br \/>\n            Pigmentarium: perfumaria de nicho inspirada na heran\u00e7a cultural da Rep\u00fablica Checa<br \/>\n        <\/a><\/p>\n<p>        <a href=\"https:\/\/holofote.pt\/famosos\/2023-04-24-o-irreverente-casamento-de-rodrigo-castelhano-e-kalani\/?utm_source=Vis\u00e3o&amp;utm_medium=Gaveta_Multimarca&amp;utm_campaign=Gavetas_Artigos_22\" target=\"_blank\" rel=\"nofollow noopener\"><br \/>\n            <img decoding=\"async\" class=\"attachment-Horizontal size-Horizontal wp-post-image\" alt=\"O irreverente casamento de Rodrigo Castelhano e Kalani\" loading=\"lazy\" responsive-image=\"1\" bad-src=\"https:\/\/www.europesays.com\/pt\/wp-content\/uploads\/2026\/01\/230424_Snapinsta.app_342510897_1251776452103658_7384619881146227727_n_1080_wm.jpg\" src=\"https:\/\/www.europesays.com\/pt\/wp-content\/uploads\/2026\/01\/230424_Snapinsta.app_342510897_1251776452103658_7384619881146227727_n_1080_wm.jpg\"\/><br \/>\n        <\/a><\/p>\n<p>        <a href=\"https:\/\/holofote.pt\/famosos\/2023-04-24-o-irreverente-casamento-de-rodrigo-castelhano-e-kalani\/?utm_source=Vis\u00e3o&amp;utm_medium=Gaveta_Multimarca&amp;utm_campaign=Gavetas_Artigos_22\" target=\"_blank\" class=\"article-block-title\" rel=\"nofollow noopener\"><br \/>\n            O irreverente casamento de Rodrigo Castelhano e Kalani<br \/>\n        <\/a><\/p>\n<p>        <a href=\"https:\/\/caras.pt\/famosos\/2012-10-13-jose-moutinho-esta-apaixonado-a-irmina-e-a-primeira-namorada-que-apresento-desde-a-separacao\/?utm_source=Vis\u00e3o&amp;utm_medium=Gaveta_Multimarca&amp;utm_campaign=Gavetas_Artigos_22\" target=\"_blank\" rel=\"nofollow noopener\"><br \/>\n            <img decoding=\"async\" class=\"attachment-Horizontal size-Horizontal wp-post-image\" alt=\"Jos\u00e9 Moutinho est\u00e1 apaixonado: \u201cA Irmina \u00e9 a primeira namorada que apresento desde a separa\u00e7\u00e3o\u201d\" loading=\"lazy\" responsive-image=\"1\" bad-src=\"https:\/\/www.europesays.com\/pt\/wp-content\/uploads\/2026\/01\/13049541.jpg\" src=\"https:\/\/www.europesays.com\/pt\/wp-content\/uploads\/2026\/01\/13049541.jpg\"\/><br \/>\n        <\/a><\/p>\n<p>        <a href=\"https:\/\/caras.pt\/famosos\/2012-10-13-jose-moutinho-esta-apaixonado-a-irmina-e-a-primeira-namorada-que-apresento-desde-a-separacao\/?utm_source=Vis\u00e3o&amp;utm_medium=Gaveta_Multimarca&amp;utm_campaign=Gavetas_Artigos_22\" target=\"_blank\" class=\"article-block-title\" rel=\"nofollow noopener\"><br \/>\n            Jos\u00e9 Moutinho est\u00e1 apaixonado: \u201cA Irmina \u00e9 a primeira namorada que apresento desde a separa\u00e7\u00e3o\u201d<br \/>\n        <\/a><\/p>\n<p>        <a href=\"https:\/\/visao.pt\/anossaprima\/conteudo-patrocinado-anossaprima\/2024-06-18-guia-de-essenciais-de-viagem-para-a-sua-pele\/?utm_source=Vis\u00e3o&amp;utm_medium=Gaveta_Multimarca&amp;utm_campaign=Gavetas_Artigos_22\" target=\"_blank\" rel=\"nofollow noopener\"><br \/>\n            <img decoding=\"async\" class=\"attachment-Horizontal size-Horizontal wp-post-image\" alt=\"Guia de essenciais de viagem para a sua pele\" loading=\"lazy\" responsive-image=\"1\" bad-src=\"https:\/\/www.europesays.com\/pt\/wp-content\/uploads\/2026\/01\/240528_essenciais-viagem-pele_prima.jpg\" src=\"https:\/\/www.europesays.com\/pt\/wp-content\/uploads\/2026\/01\/240528_essenciais-viagem-pele_prima.jpg\"\/><br \/>\n        <\/a><\/p>\n<p>        <a href=\"https:\/\/visao.pt\/anossaprima\/conteudo-patrocinado-anossaprima\/2024-06-18-guia-de-essenciais-de-viagem-para-a-sua-pele\/?utm_source=Vis\u00e3o&amp;utm_medium=Gaveta_Multimarca&amp;utm_campaign=Gavetas_Artigos_22\" target=\"_blank\" class=\"article-block-title\" rel=\"nofollow noopener\"><br \/>\n            Guia de essenciais de viagem para a sua pele<br \/>\n        <\/a><\/p>\n<p>        <a href=\"https:\/\/caras.pt\/decoracao\/2025-06-03-da-varanda-ao-jardim-viva-o-exterior-com-a-nova-colecao-jysk\/?utm_source=Vis\u00e3o&amp;utm_medium=Gaveta_Multimarca&amp;utm_campaign=Gavetas_Artigos_22\" target=\"_blank\" rel=\"nofollow noopener\"><br \/>\n            <img decoding=\"async\" class=\"attachment-Horizontal size-Horizontal wp-post-image\" alt=\"Da Varanda ao Jardim: Viva o Exterior com a Nova Cole\u00e7\u00e3o JYSK\" loading=\"lazy\" responsive-image=\"1\" bad-src=\"https:\/\/www.europesays.com\/pt\/wp-content\/uploads\/2025\/09\/250527_Lounge-set-SYLTHOLM-45-lugares-madeira_849E-2_brand_studio.png\" src=\"https:\/\/www.europesays.com\/pt\/wp-content\/uploads\/2025\/09\/250527_Lounge-set-SYLTHOLM-45-lugares-madeira_849E-2_brand_studio.png\"\/><br \/>\n        <\/a><\/p>\n<p>        <a href=\"https:\/\/caras.pt\/decoracao\/2025-06-03-da-varanda-ao-jardim-viva-o-exterior-com-a-nova-colecao-jysk\/?utm_source=Vis\u00e3o&amp;utm_medium=Gaveta_Multimarca&amp;utm_campaign=Gavetas_Artigos_22\" target=\"_blank\" class=\"article-block-title\" rel=\"nofollow noopener\"><br \/>\n            Da Varanda ao Jardim: Viva o Exterior com a Nova Cole\u00e7\u00e3o JYSK<br \/>\n        <\/a><\/p>\n<p>        <a href=\"https:\/\/visao.pt\/atualidade\/50-anos-do-25-de-abril\/2024-04-24-o-futuro-comecou-esta-noite-como-foi-preparado-o-25-de-abril\/?utm_source=Vis\u00e3o&amp;utm_medium=Gaveta_Multimarca&amp;utm_campaign=Gavetas_Artigos_22\" target=\"_blank\" rel=\"nofollow noopener\"><br \/>\n            <img decoding=\"async\" class=\"attachment-Horizontal size-Horizontal wp-post-image\" alt=\"O futuro come\u00e7ou esta noite. Como foi preparado o 25 de Abril\" loading=\"lazy\" responsive-image=\"1\" bad-src=\"https:\/\/www.europesays.com\/pt\/wp-content\/uploads\/2025\/09\/210725_il-otelo-14-04-02-144_wm.jpg\" src=\"https:\/\/www.europesays.com\/pt\/wp-content\/uploads\/2025\/09\/210725_il-otelo-14-04-02-144_wm.jpg\"\/><br \/>\n        <\/a><\/p>\n<p>        <a href=\"https:\/\/visao.pt\/atualidade\/50-anos-do-25-de-abril\/2024-04-24-o-futuro-comecou-esta-noite-como-foi-preparado-o-25-de-abril\/?utm_source=Vis\u00e3o&amp;utm_medium=Gaveta_Multimarca&amp;utm_campaign=Gavetas_Artigos_22\" target=\"_blank\" class=\"article-block-title\" rel=\"nofollow noopener\"><br \/>\n            O futuro come\u00e7ou esta noite. Como foi preparado o 25 de Abril<br \/>\n        <\/a><\/p>\n<p>        <a href=\"https:\/\/caras.pt\/famosos\/2025-09-30-stella-mccartney-designer-distinguida-na-nat-gala\/?utm_source=Vis\u00e3o&amp;utm_medium=Gaveta_Multimarca&amp;utm_campaign=Gavetas_Artigos_22\" target=\"_blank\" rel=\"nofollow noopener\"><br \/>\n            <img decoding=\"async\" class=\"attachment-Horizontal size-Horizontal wp-post-image\" alt=\"Stella McCartney: designer distinguida na Nat Gala\" loading=\"lazy\" responsive-image=\"1\" bad-src=\"https:\/\/www.europesays.com\/pt\/wp-content\/uploads\/2025\/11\/250930_stellamccartney_1758568739_3727467205882556515_9097967_wm.jpg\" src=\"https:\/\/www.europesays.com\/pt\/wp-content\/uploads\/2025\/11\/250930_stellamccartney_1758568739_3727467205882556515_9097967_wm.jpg\"\/><br \/>\n        <\/a><\/p>\n<p>        <a href=\"https:\/\/caras.pt\/famosos\/2025-09-30-stella-mccartney-designer-distinguida-na-nat-gala\/?utm_source=Vis\u00e3o&amp;utm_medium=Gaveta_Multimarca&amp;utm_campaign=Gavetas_Artigos_22\" target=\"_blank\" class=\"article-block-title\" rel=\"nofollow noopener\"><br \/>\n            Stella McCartney: designer distinguida na Nat Gala<br \/>\n        <\/a><\/p>\n<p>        <a href=\"https:\/\/visao.pt\/visaosaude\/2025-06-17-cocktail-toxico-encontrado-em-plastico-reciclado\/?utm_source=Vis\u00e3o&amp;utm_medium=Gaveta_Multimarca&amp;utm_campaign=Gavetas_Artigos_22\" target=\"_blank\" rel=\"nofollow noopener\"><br \/>\n            <img decoding=\"async\" class=\"attachment-Horizontal size-Horizontal wp-post-image\" alt=\"Cocktail t\u00f3xico encontrado em pl\u00e1stico reciclado\" loading=\"lazy\" responsive-image=\"1\" bad-src=\"https:\/\/www.europesays.com\/pt\/wp-content\/uploads\/2025\/12\/250623_pellets_visao-saude.jpg\" src=\"https:\/\/www.europesays.com\/pt\/wp-content\/uploads\/2025\/12\/250623_pellets_visao-saude.jpg\"\/><br \/>\n        <\/a><\/p>\n<p>        <a href=\"https:\/\/visao.pt\/visaosaude\/2025-06-17-cocktail-toxico-encontrado-em-plastico-reciclado\/?utm_source=Vis\u00e3o&amp;utm_medium=Gaveta_Multimarca&amp;utm_campaign=Gavetas_Artigos_22\" target=\"_blank\" class=\"article-block-title\" rel=\"nofollow noopener\"><br \/>\n            Cocktail t\u00f3xico encontrado em pl\u00e1stico reciclado<br \/>\n        <\/a><\/p>\n<p>        <a href=\"https:\/\/visao.pt\/visaojunior\/2025-05-30-dia-da-crianca-5-sugestoes-para-te-divertires\/?utm_source=Vis\u00e3o&amp;utm_medium=Gaveta_Multimarca&amp;utm_campaign=Gavetas_Artigos_22\" target=\"_blank\" rel=\"nofollow noopener\"><br \/>\n            <img decoding=\"async\" class=\"attachment-Horizontal size-Horizontal wp-post-image\" alt=\"Dia da Crian\u00e7a: 5 sugest\u00f5es para te divertires\" loading=\"lazy\" responsive-image=\"1\" bad-src=\"https:\/\/www.europesays.com\/pt\/wp-content\/uploads\/2025\/09\/250530_3-min-1_visao-junior.jpg\" src=\"https:\/\/www.europesays.com\/pt\/wp-content\/uploads\/2025\/09\/250530_3-min-1_visao-junior.jpg\"\/><br \/>\n        <\/a><\/p>\n<p>        <a href=\"https:\/\/visao.pt\/visaojunior\/2025-05-30-dia-da-crianca-5-sugestoes-para-te-divertires\/?utm_source=Vis\u00e3o&amp;utm_medium=Gaveta_Multimarca&amp;utm_campaign=Gavetas_Artigos_22\" target=\"_blank\" class=\"article-block-title\" rel=\"nofollow noopener\"><br \/>\n            Dia da Crian\u00e7a: 5 sugest\u00f5es para te divertires<br \/>\n        <\/a><\/p>\n<p>        <a href=\"https:\/\/visao.pt\/atualidade\/50-anos-do-25-de-abril\/2024-04-25-sede-da-pide-o-ultimo-bastiao-do-estado-novo\/?utm_source=Vis\u00e3o&amp;utm_medium=Gaveta_Multimarca&amp;utm_campaign=Gavetas_Artigos_22\" target=\"_blank\" rel=\"nofollow noopener\"><br \/>\n            <img decoding=\"async\" class=\"attachment-Horizontal size-Horizontal wp-post-image\" alt=\"Sede da PIDE, o \u00faltimo basti\u00e3o do Estado Novo\" loading=\"lazy\" responsive-image=\"1\" bad-src=\"https:\/\/www.europesays.com\/pt\/wp-content\/uploads\/2025\/11\/240424_sede-da-pide-original_wm.jpg\" src=\"https:\/\/www.europesays.com\/pt\/wp-content\/uploads\/2025\/11\/240424_sede-da-pide-original_wm.jpg\"\/><br \/>\n        <\/a><\/p>\n<p>        <a href=\"https:\/\/visao.pt\/atualidade\/50-anos-do-25-de-abril\/2024-04-25-sede-da-pide-o-ultimo-bastiao-do-estado-novo\/?utm_source=Vis\u00e3o&amp;utm_medium=Gaveta_Multimarca&amp;utm_campaign=Gavetas_Artigos_22\" target=\"_blank\" class=\"article-block-title\" rel=\"nofollow noopener\"><br \/>\n            Sede da PIDE, o \u00faltimo basti\u00e3o do Estado Novo<br \/>\n        <\/a><\/p>\n<p>        <a href=\"https:\/\/visao.pt\/volt\/2025-06-03-ralis-de-regularidade-das-apps-gratuitas-as-sondas-conheca-a-tecnologia-que-pode-usar-para-ser-competitivo\/?utm_source=Vis\u00e3o&amp;utm_medium=Gaveta_Multimarca&amp;utm_campaign=Gavetas_Artigos_22\" target=\"_blank\" rel=\"nofollow noopener\"><br \/>\n            <img decoding=\"async\" class=\"attachment-Horizontal size-Horizontal wp-post-image\" alt=\"Ralis de regularidade: das apps gratuitas \u00e0s sondas, conhe\u00e7a a tecnologia que pode usar para ser competitivo\" loading=\"lazy\" responsive-image=\"1\" bad-src=\"https:\/\/www.europesays.com\/pt\/wp-content\/uploads\/2025\/09\/250602_RabbitRally_volt.jpg\" src=\"https:\/\/www.europesays.com\/pt\/wp-content\/uploads\/2025\/09\/250602_RabbitRally_volt.jpg\"\/><br \/>\n        <\/a><\/p>\n<p>        <a href=\"https:\/\/visao.pt\/volt\/2025-06-03-ralis-de-regularidade-das-apps-gratuitas-as-sondas-conheca-a-tecnologia-que-pode-usar-para-ser-competitivo\/?utm_source=Vis\u00e3o&amp;utm_medium=Gaveta_Multimarca&amp;utm_campaign=Gavetas_Artigos_22\" target=\"_blank\" class=\"article-block-title\" rel=\"nofollow noopener\"><br \/>\n            Ralis de regularidade: das apps gratuitas \u00e0s sondas, conhe\u00e7a a tecnologia que pode usar para ser competitivo<br \/>\n        <\/a><\/p>\n<p>        <a href=\"https:\/\/visao.pt\/volt\/2025-06-04-carregamentos-na-rede-mobi-e-passam-pela-primeira-vez-os-700-000-num-mes-so\/?utm_source=Vis\u00e3o&amp;utm_medium=Gaveta_Multimarca&amp;utm_campaign=Gavetas_Artigos_22\" target=\"_blank\" rel=\"nofollow noopener\"><br \/>\n            <img decoding=\"async\" class=\"attachment-Horizontal size-Horizontal wp-post-image\" alt=\"Carregamentos na rede Mobi.E passam pela primeira vez os 700 mil num m\u00eas\" loading=\"lazy\" responsive-image=\"1\" bad-src=\"https:\/\/www.europesays.com\/pt\/wp-content\/uploads\/2026\/01\/8240750mobi.e-carregamento-el\u00e9trico-carro-lisboa-portugal-470x330_volt.jpg\" src=\"https:\/\/www.europesays.com\/pt\/wp-content\/uploads\/2026\/01\/8240750mobi.e-carregamento-el\u00e9trico-carro-lisboa-portugal-470x330_volt.jpg\"\/><br \/>\n        <\/a><\/p>\n<p>        <a href=\"https:\/\/visao.pt\/volt\/2025-06-04-carregamentos-na-rede-mobi-e-passam-pela-primeira-vez-os-700-000-num-mes-so\/?utm_source=Vis\u00e3o&amp;utm_medium=Gaveta_Multimarca&amp;utm_campaign=Gavetas_Artigos_22\" target=\"_blank\" class=\"article-block-title\" rel=\"nofollow noopener\"><br \/>\n            Carregamentos na rede Mobi.E passam pela primeira vez os 700 mil num m\u00eas<br \/>\n        <\/a><\/p>\n","protected":false},"excerpt":{"rendered":"Vis\u00e3o | M\u00e1rio Nogueira: Olhos bem abertos para defender uma Educa\u00e7\u00e3o de qualidade para todos &#13; &#13; &#13;&hellip;\n","protected":false},"author":2,"featured_media":219434,"comment_status":"","ping_status":"","sticky":false,"template":"","format":"standard","meta":{"footnotes":""},"categories":[84],"tags":[109,107,108,32,33,105,103,104,106,110],"class_list":{"0":"post-219433","1":"post","2":"type-post","3":"status-publish","4":"format-standard","5":"has-post-thumbnail","7":"category-ciencia-e-tecnologia","8":"tag-ciencia","9":"tag-ciencia-e-tecnologia","10":"tag-cienciaetecnologia","11":"tag-portugal","12":"tag-pt","13":"tag-science","14":"tag-science-and-technology","15":"tag-scienceandtechnology","16":"tag-technology","17":"tag-tecnologia"},"share_on_mastodon":{"url":"https:\/\/pubeurope.com\/@pt\/115855177359415362","error":""},"_links":{"self":[{"href":"https:\/\/www.europesays.com\/pt\/wp-json\/wp\/v2\/posts\/219433","targetHints":{"allow":["GET"]}}],"collection":[{"href":"https:\/\/www.europesays.com\/pt\/wp-json\/wp\/v2\/posts"}],"about":[{"href":"https:\/\/www.europesays.com\/pt\/wp-json\/wp\/v2\/types\/post"}],"author":[{"embeddable":true,"href":"https:\/\/www.europesays.com\/pt\/wp-json\/wp\/v2\/users\/2"}],"replies":[{"embeddable":true,"href":"https:\/\/www.europesays.com\/pt\/wp-json\/wp\/v2\/comments?post=219433"}],"version-history":[{"count":0,"href":"https:\/\/www.europesays.com\/pt\/wp-json\/wp\/v2\/posts\/219433\/revisions"}],"wp:featuredmedia":[{"embeddable":true,"href":"https:\/\/www.europesays.com\/pt\/wp-json\/wp\/v2\/media\/219434"}],"wp:attachment":[{"href":"https:\/\/www.europesays.com\/pt\/wp-json\/wp\/v2\/media?parent=219433"}],"wp:term":[{"taxonomy":"category","embeddable":true,"href":"https:\/\/www.europesays.com\/pt\/wp-json\/wp\/v2\/categories?post=219433"},{"taxonomy":"post_tag","embeddable":true,"href":"https:\/\/www.europesays.com\/pt\/wp-json\/wp\/v2\/tags?post=219433"}],"curies":[{"name":"wp","href":"https:\/\/api.w.org\/{rel}","templated":true}]}}