{"id":219450,"date":"2026-01-07T18:26:06","date_gmt":"2026-01-07T18:26:06","guid":{"rendered":"https:\/\/www.europesays.com\/pt\/219450\/"},"modified":"2026-01-07T18:26:06","modified_gmt":"2026-01-07T18:26:06","slug":"whatsapp-deixara-de-funcionar-em-alguns-celulares-em-2026-veja-se-o-seu-esta-na-lista","status":"publish","type":"post","link":"https:\/\/www.europesays.com\/pt\/219450\/","title":{"rendered":"WhatsApp deixar\u00e1 de funcionar em alguns celulares em 2026; veja se o seu est\u00e1 na lista"},"content":{"rendered":"<p>O ano de <strong>2026 come\u00e7ou com o WhatsApp deixando de ser compat\u00edvel<\/strong> com diversos modelos de celulares.\u00a0<\/p>\n<p>A mudan\u00e7a acontece porque esses aparelhos <strong>deixar\u00e3o de cumprir os requisitos t\u00e9cnicos m\u00ednimos <\/strong>exigidos pelo aplicativo de mensagens, cujas atualiza\u00e7\u00f5es buscam <a href=\"https:\/\/gauchazh.clicrbs.com.br\/viral\/noticia\/2025\/12\/hackers-podem-ter-usado-ia-em-ataque-no-whatsapp-que-rouba-senhas-e-acessa-bancos-entenda-cmj95875l00tx01463qsx95et.html\" rel=\"nofollow noopener\" target=\"_blank\"><strong>aprimorar a seguran\u00e7a<\/strong><\/a>, o desempenho e a implementa\u00e7\u00e3o de novas funcionalidades.<\/p>\n<p>O <strong>impacto \u00e9 maior entre usu\u00e1rios de aparelhos antigos<\/strong> de marcas como Apple, Samsung, LG, Motorola, Sony, Huawei e HTC.\u00a0<\/p>\n<p>O <strong>WhatsApp afirmou, em nota oficial, que avisa previamente os usu\u00e1rios<\/strong> antes de interromper o suporte e envia lembretes para que o sistema seja atualizado.<\/p>\n","protected":false},"excerpt":{"rendered":"O ano de 2026 come\u00e7ou com o WhatsApp deixando de ser compat\u00edvel com diversos modelos de celulares.\u00a0 A&hellip;\n","protected":false},"author":2,"featured_media":219451,"comment_status":"","ping_status":"","sticky":false,"template":"","format":"standard","meta":{"footnotes":""},"categories":[84],"tags":[109,107,108,32,33,105,103,104,106,110,3022],"class_list":{"0":"post-219450","1":"post","2":"type-post","3":"status-publish","4":"format-standard","5":"has-post-thumbnail","7":"category-ciencia-e-tecnologia","8":"tag-ciencia","9":"tag-ciencia-e-tecnologia","10":"tag-cienciaetecnologia","11":"tag-portugal","12":"tag-pt","13":"tag-science","14":"tag-science-and-technology","15":"tag-scienceandtechnology","16":"tag-technology","17":"tag-tecnologia","18":"tag-trends"},"share_on_mastodon":{"url":"https:\/\/pubeurope.com\/@pt\/115855227758828932","error":""},"_links":{"self":[{"href":"https:\/\/www.europesays.com\/pt\/wp-json\/wp\/v2\/posts\/219450","targetHints":{"allow":["GET"]}}],"collection":[{"href":"https:\/\/www.europesays.com\/pt\/wp-json\/wp\/v2\/posts"}],"about":[{"href":"https:\/\/www.europesays.com\/pt\/wp-json\/wp\/v2\/types\/post"}],"author":[{"embeddable":true,"href":"https:\/\/www.europesays.com\/pt\/wp-json\/wp\/v2\/users\/2"}],"replies":[{"embeddable":true,"href":"https:\/\/www.europesays.com\/pt\/wp-json\/wp\/v2\/comments?post=219450"}],"version-history":[{"count":0,"href":"https:\/\/www.europesays.com\/pt\/wp-json\/wp\/v2\/posts\/219450\/revisions"}],"wp:featuredmedia":[{"embeddable":true,"href":"https:\/\/www.europesays.com\/pt\/wp-json\/wp\/v2\/media\/219451"}],"wp:attachment":[{"href":"https:\/\/www.europesays.com\/pt\/wp-json\/wp\/v2\/media?parent=219450"}],"wp:term":[{"taxonomy":"category","embeddable":true,"href":"https:\/\/www.europesays.com\/pt\/wp-json\/wp\/v2\/categories?post=219450"},{"taxonomy":"post_tag","embeddable":true,"href":"https:\/\/www.europesays.com\/pt\/wp-json\/wp\/v2\/tags?post=219450"}],"curies":[{"name":"wp","href":"https:\/\/api.w.org\/{rel}","templated":true}]}}