{"id":219454,"date":"2026-01-07T18:29:17","date_gmt":"2026-01-07T18:29:17","guid":{"rendered":"https:\/\/www.europesays.com\/pt\/219454\/"},"modified":"2026-01-07T18:29:17","modified_gmt":"2026-01-07T18:29:17","slug":"ha-um-dia-que-coimbra-vai-acordar-gelada-noticias-de-coimbra","status":"publish","type":"post","link":"https:\/\/www.europesays.com\/pt\/219454\/","title":{"rendered":"H\u00e1 um dia que Coimbra vai acordar gelada \u2013 Not\u00edcias de Coimbra"},"content":{"rendered":"<p><strong>O Dia de Reis, ter\u00e7a-feira, 6 de janeiro de 2026, chega com temperaturas g\u00e9lidas e vento intenso em v\u00e1rias regi\u00f5es de Portugal continental. A massa de ar polar que ainda domina o pa\u00eds mant\u00e9m o frio, com m\u00ednimas negativas especialmente no interior Norte e Centro.<\/strong><\/p>\n<p>PUBLICIDADE<\/p>\n<p>\t\t\t\t\t\t<a class=\"publicidade-imagem d-flex justify-content-center\" href=\"https:\/\/web.facebook.com\/mmspabeautycenter\/?_rdc=1&amp;_rdr#\" rel=\"nofollow noopener\" target=\"_blank\"><br \/>\n\t\t\t\t\t\t  <img loading=\"lazy\" width=\"890\" height=\"318\" decoding=\"async\" src=\"https:\/\/www.europesays.com\/pt\/wp-content\/uploads\/2025\/12\/MM-SPA-1.jpg\" alt=\"publicidade\" class=\"img-fluid\"\/><br \/>\n\t\t\t\t\t\t<\/a><\/p>\n<p>As cidades com maior risco de temperaturas abaixo de 0 \u00baC ao amanhecer s\u00e3o Vila Real (-1 \u00baC), Bragan\u00e7a (-3 \u00baC), Viseu (-3 \u00baC), Guarda (-4 \u00baC), Coimbra (-1 \u00baC) e Castelo Branco (-4 \u00baC). Noutros pontos, como Braga, Portalegre e \u00c9vora, os term\u00f3metros tamb\u00e9m v\u00e3o registar valores pr\u00f3ximos de 0 \u00baC. O gelo e a geada continuam presentes nas zonas de montanha, vales e planaltos do interior, refere o <a href=\"https:\/\/www.tempo.pt\/noticias\/previsao\/amanhecer-do-dia-de-reis-sera-gelido-nestas-6-cidades-preveem-se-temperaturas-abaixo-de-0-c-eis-o-que-chegara-depois.html\" data-type=\"link\" data-id=\"https:\/\/www.tempo.pt\/noticias\/previsao\/amanhecer-do-dia-de-reis-sera-gelido-nestas-6-cidades-preveem-se-temperaturas-abaixo-de-0-c-eis-o-que-chegara-depois.html\" rel=\"nofollow noopener\" target=\"_blank\">Meteored.<\/a><\/p>\n<p>Durante o dia, o c\u00e9u permanece pouco nublado ou limpo, com vento fraco a moderado do Norte, soprando at\u00e9 60 km\/h na faixa costeira ocidental e terras altas do Centro e Sul. Apesar de uma ligeira subida das m\u00e1ximas, o frio mant\u00e9m-se intenso em grande parte do pa\u00eds.<\/p>\n<p>A partir de quarta-feira, 7 de janeiro, a chuva e a neve regressam, com a instabilidade proveniente do Atl\u00e2ntico a trazer c\u00e9u muito nublado e precipita\u00e7\u00e3o, embora inicialmente fraca e localizada. S\u00f3 a partir de sexta-feira, 9 de janeiro, \u00e9 que a chuva se tornar\u00e1 mais generalizada, acompanhada de neve em cotas elevadas, com subida gradual das temperaturas prevista para a segunda metade da semana<\/p>\n","protected":false},"excerpt":{"rendered":"O Dia de Reis, ter\u00e7a-feira, 6 de janeiro de 2026, chega com temperaturas g\u00e9lidas e vento intenso em&hellip;\n","protected":false},"author":2,"featured_media":203467,"comment_status":"","ping_status":"","sticky":false,"template":"","format":"standard","meta":{"footnotes":""},"categories":[10],"tags":[27,28,15,16,14,25,26,21,22,12,13,19,20,32,23,24,33,17,18,29,30,31],"class_list":{"0":"post-219454","1":"post","2":"type-post","3":"status-publish","4":"format-standard","5":"has-post-thumbnail","7":"category-portugal","8":"tag-breaking-news","9":"tag-breakingnews","10":"tag-featured-news","11":"tag-featurednews","12":"tag-headlines","13":"tag-latest-news","14":"tag-latestnews","15":"tag-main-news","16":"tag-mainnews","17":"tag-news","18":"tag-noticias","19":"tag-noticias-principais","20":"tag-noticiasprincipais","21":"tag-portugal","22":"tag-principais-noticias","23":"tag-principaisnoticias","24":"tag-pt","25":"tag-top-stories","26":"tag-topstories","27":"tag-ultimas","28":"tag-ultimas-noticias","29":"tag-ultimasnoticias"},"share_on_mastodon":{"url":"https:\/\/pubeurope.com\/@pt\/115855239702722601","error":""},"_links":{"self":[{"href":"https:\/\/www.europesays.com\/pt\/wp-json\/wp\/v2\/posts\/219454","targetHints":{"allow":["GET"]}}],"collection":[{"href":"https:\/\/www.europesays.com\/pt\/wp-json\/wp\/v2\/posts"}],"about":[{"href":"https:\/\/www.europesays.com\/pt\/wp-json\/wp\/v2\/types\/post"}],"author":[{"embeddable":true,"href":"https:\/\/www.europesays.com\/pt\/wp-json\/wp\/v2\/users\/2"}],"replies":[{"embeddable":true,"href":"https:\/\/www.europesays.com\/pt\/wp-json\/wp\/v2\/comments?post=219454"}],"version-history":[{"count":0,"href":"https:\/\/www.europesays.com\/pt\/wp-json\/wp\/v2\/posts\/219454\/revisions"}],"wp:featuredmedia":[{"embeddable":true,"href":"https:\/\/www.europesays.com\/pt\/wp-json\/wp\/v2\/media\/203467"}],"wp:attachment":[{"href":"https:\/\/www.europesays.com\/pt\/wp-json\/wp\/v2\/media?parent=219454"}],"wp:term":[{"taxonomy":"category","embeddable":true,"href":"https:\/\/www.europesays.com\/pt\/wp-json\/wp\/v2\/categories?post=219454"},{"taxonomy":"post_tag","embeddable":true,"href":"https:\/\/www.europesays.com\/pt\/wp-json\/wp\/v2\/tags?post=219454"}],"curies":[{"name":"wp","href":"https:\/\/api.w.org\/{rel}","templated":true}]}}