{"id":219498,"date":"2026-01-07T19:08:42","date_gmt":"2026-01-07T19:08:42","guid":{"rendered":"https:\/\/www.europesays.com\/pt\/219498\/"},"modified":"2026-01-07T19:08:42","modified_gmt":"2026-01-07T19:08:42","slug":"motorola-lanca-relogio-inteligente-em-parceria-com-a-polar","status":"publish","type":"post","link":"https:\/\/www.europesays.com\/pt\/219498\/","title":{"rendered":"Motorola lan\u00e7a rel\u00f3gio inteligente em parceria com a Polar"},"content":{"rendered":"<p class=\"bullet mt-0\" data-v-232111b4=\"\">O Moto Watch \u00e9 o primeiro dispositivo da nova parceria com a Polar, que tem quase 50 anos de hist\u00f3ria. Ela ficou conhecida por criar o primeiro monitor de frequ\u00eancia card\u00edaca sem fio do mundo e, desde ent\u00e3o, desenvolveu produtos e ferramentas para rastrear com precis\u00e3o nosso desempenho f\u00edsico e sa\u00fade.<\/p>\n<p class=\"bullet\" data-v-232111b4=\"\">Criamos um dispositivo que combina estilo com bem-estar. Nossos recursos de rastreamento de desempenho ajudam os usu\u00e1rios a medir os impactos do estilo de vida, avaliar as condi\u00e7\u00f5es f\u00edsicas e reconhecer padr\u00f5es. Isso d\u00e1 a eles uma vis\u00e3o abrangente de seu bem-estar<br \/><strong>Eric Chouhmat, vice-presidente executivo de Vendas Globais da Polar<\/strong><\/p>\n<p><img width=\"750\" height=\"421\" src=\"https:\/\/www.europesays.com\/pt\/wp-content\/uploads\/2026\/01\/moto-watch-polar-1767732476846_v2_750x421.jpg\" alt=\"Imagem\" loading=\"eager\" fetchpriority=\"low\" decoding=\"auto\" title=\"\" style=\"border-radius:var(--solar-border-radius-25);\" data-v-73d45db8=\"\"\/>  Imagem: Bruna Cruz\/UOLOutros produtos<\/p>\n<p class=\"bullet\" data-v-232111b4=\"\">A Motorola apresentou diversas novidades no Lenovo Tech World (Lenovo \u00e9 a empresa-m\u00e3e), que este ano est\u00e1 sendo realizado durante a CES, em Las Vegas.<\/p>\n<p class=\"bullet\" data-v-232111b4=\"\">Al\u00e9m do rel\u00f3gio, os principais novos produtos s\u00e3o:<\/p>\n","protected":false},"excerpt":{"rendered":"O Moto Watch \u00e9 o primeiro dispositivo da nova parceria com a Polar, que tem quase 50 anos&hellip;\n","protected":false},"author":2,"featured_media":219499,"comment_status":"","ping_status":"","sticky":false,"template":"","format":"standard","meta":{"footnotes":""},"categories":[84],"tags":[109,107,108,32,33,105,103,104,106,110],"class_list":{"0":"post-219498","1":"post","2":"type-post","3":"status-publish","4":"format-standard","5":"has-post-thumbnail","7":"category-ciencia-e-tecnologia","8":"tag-ciencia","9":"tag-ciencia-e-tecnologia","10":"tag-cienciaetecnologia","11":"tag-portugal","12":"tag-pt","13":"tag-science","14":"tag-science-and-technology","15":"tag-scienceandtechnology","16":"tag-technology","17":"tag-tecnologia"},"share_on_mastodon":{"url":"https:\/\/pubeurope.com\/@pt\/115855393117940861","error":""},"_links":{"self":[{"href":"https:\/\/www.europesays.com\/pt\/wp-json\/wp\/v2\/posts\/219498","targetHints":{"allow":["GET"]}}],"collection":[{"href":"https:\/\/www.europesays.com\/pt\/wp-json\/wp\/v2\/posts"}],"about":[{"href":"https:\/\/www.europesays.com\/pt\/wp-json\/wp\/v2\/types\/post"}],"author":[{"embeddable":true,"href":"https:\/\/www.europesays.com\/pt\/wp-json\/wp\/v2\/users\/2"}],"replies":[{"embeddable":true,"href":"https:\/\/www.europesays.com\/pt\/wp-json\/wp\/v2\/comments?post=219498"}],"version-history":[{"count":0,"href":"https:\/\/www.europesays.com\/pt\/wp-json\/wp\/v2\/posts\/219498\/revisions"}],"wp:featuredmedia":[{"embeddable":true,"href":"https:\/\/www.europesays.com\/pt\/wp-json\/wp\/v2\/media\/219499"}],"wp:attachment":[{"href":"https:\/\/www.europesays.com\/pt\/wp-json\/wp\/v2\/media?parent=219498"}],"wp:term":[{"taxonomy":"category","embeddable":true,"href":"https:\/\/www.europesays.com\/pt\/wp-json\/wp\/v2\/categories?post=219498"},{"taxonomy":"post_tag","embeddable":true,"href":"https:\/\/www.europesays.com\/pt\/wp-json\/wp\/v2\/tags?post=219498"}],"curies":[{"name":"wp","href":"https:\/\/api.w.org\/{rel}","templated":true}]}}