{"id":219500,"date":"2026-01-07T19:09:08","date_gmt":"2026-01-07T19:09:08","guid":{"rendered":"https:\/\/www.europesays.com\/pt\/219500\/"},"modified":"2026-01-07T19:09:08","modified_gmt":"2026-01-07T19:09:08","slug":"anote-na-agenda-estes-sao-os-prazos-do-irs-a-ter-em-conta-em-2026","status":"publish","type":"post","link":"https:\/\/www.europesays.com\/pt\/219500\/","title":{"rendered":"Anote na agenda: Estes s\u00e3o os prazos do IRS a ter em conta em 2026"},"content":{"rendered":"<p>J\u00e1 foi divulgado no Portal das Finan\u00e7as o documento que revela os principais prazos do IRS que os contribuintes devem ter em conta este ano. Comunicar o agregado familiar, validar as faturas e entregar a declara\u00e7\u00e3o do imposto s\u00e3o alguns dos pontos que deve ter em aten\u00e7\u00e3o.\u00a0<\/p>\n<p>Segundo o documento divulgado pelo Fisco, estes s\u00e3o os prazos essenciais:\u00a0<\/p>\n<ul>&#13;<\/p>\n<li>At\u00e9 16 de fevereiro: Comunique a dura\u00e7\u00e3o ou cessa\u00e7\u00e3o do contrato de arrendamento de longa\u00a0dura\u00e7\u00e3o e usufrua de benef\u00edcio fiscal do IRS.<\/li>\n<p>&#13;<\/p>\n<li>At\u00e9 2 de mar\u00e7o (o prazo legal \u00e9 at\u00e9 ao final de fevereiro, mas como em 2026 coincide com um dia n\u00e3o \u00fatil, o termo do prazo transfere-se para o primeiro dia \u00fatil seguinte): <br \/>&#8211; Entregue o documento comprovativo da frequ\u00eancia em estabelecimento de\u00a0ensino, caso seja estudante dependente com rendimentos no \u00e2mbito da\u00a0categoria A provenientes de contrato de trabalho, ou categoria B, provenientes\u00a0de contrato de presta\u00e7\u00e3o de servi\u00e7os.<br \/>&#8211; Verifique ou comunique as faturas relativas ao ano anterior, tendo em vista\u00a0as dedu\u00e7\u00f5es \u00e0 coleta do IRS e afete \u00e0 atividade empresarial ou profissional\u00a0as despesas e encargos com ela relacionados, no e-Fatura;<br \/>&#8211; Consulte e atualize os dados relativos \u00e0 composi\u00e7\u00e3o do agregado familiar\u00a0e outros elementos pessoais relevantes, atualizado a 31 de dezembro de 2025;<br \/>&#8211; Comunique atrav\u00e9s da Declara\u00e7\u00e3o Modelo 44, todas as rendas que recebeu\u00a0dos inquilinos.\u00a0A obriga\u00e7\u00e3o abrange todos os titulares de rendimentos da categoria F do IRS\u00a0que estejam dispensados e n\u00e3o tenham optado pela emiss\u00e3o do recibo de\u00a0renda eletr\u00f3nico;\u00a0<br \/>&#8211; Comunique as despesas de educa\u00e7\u00e3o dos estudantes que integram\u00a0o agregado familiar pela frequ\u00eancia de estabelecimento de ensino situado\u00a0num territ\u00f3rio do interior ou regi\u00e3o aut\u00f3noma;<br \/>&#8211; Comunique os encargos relativos a rendas para habita\u00e7\u00e3o permanente em\u00a0resultado da transfer\u00eancia da sua resid\u00eancia permanente para um territ\u00f3rio\u00a0interior do pa\u00eds.<\/li>\n<p>&#13;<\/p>\n<li>At\u00e9 ao final de mar\u00e7o: Comunique a entidade \u00e0 qual pretende consignar o IRS ou IVA, ou ambos.<\/li>\n<p>&#13;<\/p>\n<li>De 16 a 31 de mar\u00e7o: <br \/>&#8211; Consulte as despesas para dedu\u00e7\u00e3o \u00e0 coleta do IRS apuradas pela AT;<br \/>&#8211; Caso verifique alguma omiss\u00e3o ou inexatid\u00e3o reclame as despesas gerais e\/ou\u00a0as faturas.<\/li>\n<p>&#13;<\/p>\n<li>De abril a junho: Confirme o IRS autom\u00e1tico ou entregue a declara\u00e7\u00e3o modelo 3 de rendimentos.<\/li>\n<p>&#13;<\/p>\n<li>At\u00e9 31 de agosto: Receba o reembolso ou pague o imposto. Este prazo est\u00e1 previsto para as declara\u00e7\u00f5es entregues dentro do prazo.<\/li>\n<p>&#13;\n                                                    <\/ul>\n<p>                                                    Novas tabelas do IRS publicadas garantem isen\u00e7\u00e3o mensal at\u00e9 920 euros<\/p>\n<p>As novas tabelas de reten\u00e7\u00e3o na fonte do IRS que se v\u00e3o aplicar aos sal\u00e1rios e pens\u00f5es de 2026 foram publicadas no Portal das Finan\u00e7as, refletindo a descida do IRS e garantindo isen\u00e7\u00e3o de tributa\u00e7\u00e3o at\u00e9 aos 920 euros.<\/p>\n<p>As empresas, os servi\u00e7os p\u00fablicos, as autarquias, as IPSS e outras entidades empregadoras ter\u00e3o de processar os vencimentos deste ano de acordo com as novas tabelas, definidas num despacho da secret\u00e1ria de Estado dos Assuntos Fiscais, Cl\u00e1udia Reis Duarte.<\/p>\n<p>                                                    <img decoding=\"async\" height=\"640\" with=\"360\" src=\"https:\/\/www.europesays.com\/pt\/wp-content\/uploads\/2026\/01\/naom_695d11e508200.jpg\" border=\"0\" alt=\"Saiba quando \u00e9 que o seu sal\u00e1rio vai mudar com as novas tabelas do IRS\"\/><\/p>\n<p>Se as empresas e outras entidades pagadoras n\u00e3o aplicarem as novas tabelas neste m\u00eas de janeiro, ter\u00e3o de corrigir os valores em fevereiro. As novas tabelas de reten\u00e7\u00e3o do IRS j\u00e1 foram publicadas.<\/p>\n<p>                                                     Beatriz Vasconcelos com Lusa | 13:45 &#8211; 06\/01\/2026 <\/p>\n<p>Leia Tamb\u00e9m: <a href=\"https:\/\/www.noticiasaominuto.com\/economia\/2914643\/nao-se-esqueca-deducao-das-rendas-no-irs-sobe-para-900-euros-este-ano\" target=\"_blank\" rel=\"noopener noreferrer nofollow\">N\u00e3o se esque\u00e7a: Dedu\u00e7\u00e3o das rendas no IRS sobe para 900 euros este ano<\/a><\/p>\n","protected":false},"excerpt":{"rendered":"J\u00e1 foi divulgado no Portal das Finan\u00e7as o documento que revela os principais prazos do IRS que os&hellip;\n","protected":false},"author":2,"featured_media":219501,"comment_status":"","ping_status":"","sticky":false,"template":"","format":"standard","meta":{"footnotes":""},"categories":[83],"tags":[88,89,90,32,33],"class_list":{"0":"post-219500","1":"post","2":"type-post","3":"status-publish","4":"format-standard","5":"has-post-thumbnail","7":"category-empresas","8":"tag-business","9":"tag-economy","10":"tag-empresas","11":"tag-portugal","12":"tag-pt"},"share_on_mastodon":{"url":"https:\/\/pubeurope.com\/@pt\/115855397062187942","error":""},"_links":{"self":[{"href":"https:\/\/www.europesays.com\/pt\/wp-json\/wp\/v2\/posts\/219500","targetHints":{"allow":["GET"]}}],"collection":[{"href":"https:\/\/www.europesays.com\/pt\/wp-json\/wp\/v2\/posts"}],"about":[{"href":"https:\/\/www.europesays.com\/pt\/wp-json\/wp\/v2\/types\/post"}],"author":[{"embeddable":true,"href":"https:\/\/www.europesays.com\/pt\/wp-json\/wp\/v2\/users\/2"}],"replies":[{"embeddable":true,"href":"https:\/\/www.europesays.com\/pt\/wp-json\/wp\/v2\/comments?post=219500"}],"version-history":[{"count":0,"href":"https:\/\/www.europesays.com\/pt\/wp-json\/wp\/v2\/posts\/219500\/revisions"}],"wp:featuredmedia":[{"embeddable":true,"href":"https:\/\/www.europesays.com\/pt\/wp-json\/wp\/v2\/media\/219501"}],"wp:attachment":[{"href":"https:\/\/www.europesays.com\/pt\/wp-json\/wp\/v2\/media?parent=219500"}],"wp:term":[{"taxonomy":"category","embeddable":true,"href":"https:\/\/www.europesays.com\/pt\/wp-json\/wp\/v2\/categories?post=219500"},{"taxonomy":"post_tag","embeddable":true,"href":"https:\/\/www.europesays.com\/pt\/wp-json\/wp\/v2\/tags?post=219500"}],"curies":[{"name":"wp","href":"https:\/\/api.w.org\/{rel}","templated":true}]}}