{"id":219502,"date":"2026-01-07T19:10:09","date_gmt":"2026-01-07T19:10:09","guid":{"rendered":"https:\/\/www.europesays.com\/pt\/219502\/"},"modified":"2026-01-07T19:10:09","modified_gmt":"2026-01-07T19:10:09","slug":"donald-trump-fez-troca-de-macron-e-nao-so-por-favor-nao-conte","status":"publish","type":"post","link":"https:\/\/www.europesays.com\/pt\/219502\/","title":{"rendered":"Donald Trump fez tro\u00e7a de Macron (e n\u00e3o s\u00f3): &#8220;Por favor, n\u00e3o conte&#8221;"},"content":{"rendered":"<p>O presidente dos Estados Unidos, Donald Trump, est\u00e1 envolvido numa nova pol\u00e9mica. Desta vez, o republicano surgiu a fazer tro\u00e7a e a imitar o seu hom\u00f3logo franc\u00eas, Emmanuel Macron, durante um evento, tendo tamb\u00e9m insultado os manifestantes pr\u00f3-Venezuela e criticou as pessoas transg\u00e9nero.<\/p>\n<p>Num discurso para os senadores republicanos, na ter\u00e7a-feira, Donald Trump revelou que, depois de v\u00e1rias recusas do presidente franc\u00eas em subir os pre\u00e7os dos medicamentos, Emmanuel Macron finalmente cedeu \u00e0 press\u00e3o norte-americana.\u00a0<\/p>\n<p>O republicano imitou assim aquela que ter\u00e1 sido a resposta do franc\u00eas: &#8220;Donald, fechado. Vou aumentar o pre\u00e7o dos meus medicamentos em 200% ou o que for. O que quiser, Donald, mas, por favor, n\u00e3o conte \u00e0s pessoas&#8221;.<\/p>\n<p>A imita\u00e7\u00e3o &#8211; e a revela\u00e7\u00e3o &#8211; acabou por provocar risos entre os v\u00e1rios senadores que estavam na plateia.<\/p>\n<p>Assista o v\u00eddeo abaixo:<\/p>\n<blockquote class=\"twitter-tweet\" data-media-max-width=\"560\"><p>&#13;<\/p>\n<p dir=\"ltr\" lang=\"en\">UNREAL: Donald Trump openly mocks Emmanuel Macron:<\/p>\n<p>He claims Macron begged him to quietly raise prescription drug prices by 200%, pleading, \u201cWhatever you want, Donald, just don\u2019t tell the population.\u201d<\/p>\n<p>Then Trump adds: \u201cEvery country said the same thing.\u201d<\/p>\n<p>That\u2019s not diplomacy.\u2026 <a href=\"https:\/\/t.co\/NThcLH0HuG\" rel=\"nofollow\">pic.twitter.com\/NThcLH0HuG<\/a><\/p>\n<p>&#13;<br \/>\n                                                    \u2014 Brian Allen (@allenanalysis) <a href=\"https:\/\/twitter.com\/allenanalysis\/status\/2008631023257448483?ref_src=twsrc%5Etfw\" rel=\"nofollow noopener\" target=\"_blank\">January 6, 2026<\/a><\/p><\/blockquote>\n<p>Mas, Donald Trump n\u00e3o ficou por aqui. Depois de Macron, criticou os manifestantes contra a ofensiva militar dos EUA na Venezuela, que t\u00eam protestado em Nova Iorque, tendo ainda dito que &#8220;eram as pessoas mais feias&#8221; que j\u00e1 viu.<\/p>\n<p>O presidente norte-americano criticou tamb\u00e9m a participa\u00e7\u00e3o de pessoas transg\u00e9nero no desporto, referindo-se de forma depreciativa como &#8220;homens a fazer desporto feminino&#8221;, imitando a maneira, segundo o pr\u00f3prio, de que como as mulheres levantam pesos.<\/p>\n<blockquote class=\"twitter-tweet\" data-media-max-width=\"560\"><p>&#13;<\/p>\n<p dir=\"ltr\" lang=\"en\">Trump&#8217;s imitation of a trans weightlifter. <\/p>\n<p>No, I don&#8217;t regret my vote. This is perfect. <a href=\"https:\/\/t.co\/i3GjOEw1C8\" rel=\"nofollow\">pic.twitter.com\/i3GjOEw1C8<\/a><\/p>\n<p>&#13;<br \/>\n                                                    \u2014 Riley Gaines (@Riley_Gaines_) <a href=\"https:\/\/twitter.com\/Riley_Gaines_\/status\/2008567289256579383?ref_src=twsrc%5Etfw\" rel=\"nofollow noopener\" target=\"_blank\">January 6, 2026<\/a><\/p><\/blockquote>\n<p>                                                    <img decoding=\"async\" height=\"640\" with=\"360\" src=\"https:\/\/www.europesays.com\/pt\/wp-content\/uploads\/2026\/01\/naom_695d7247bc01d.jpg\" border=\"0\" alt=\"Donald Trump revela que Melania n\u00e3o gosta da sua dan\u00e7a: \"\/><\/p>\n<p>A primeira-dama, Melania Trump, n\u00e3o acha muita piada \u00e0 dan\u00e7a do marido, Donald Trump, ao som da m\u00fasica dos Village People. O presidente norte-americano revelou que a mulher lhe disse que a sua dan\u00e7a &#8220;n\u00e3o \u00e9 coisa de presidente&#8221;.<\/p>\n<p>                                                    \u00a0Not\u00edcias ao Minuto | 21:03 &#8211; 06\/01\/2026 <\/p>\n<p>                                            <script async src=\"https:\/\/platform.twitter.com\/widgets.js\" charset=\"utf-8\"><\/script><\/p>\n","protected":false},"excerpt":{"rendered":"O presidente dos Estados Unidos, Donald Trump, est\u00e1 envolvido numa nova pol\u00e9mica. Desta vez, o republicano surgiu a&hellip;\n","protected":false},"author":2,"featured_media":219503,"comment_status":"","ping_status":"","sticky":false,"template":"","format":"standard","meta":{"footnotes":""},"categories":[50],"tags":[27,28,15,16,14,25,26,21,22,62,12,13,19,20,23,24,17,18,29,30,31,63,64,65],"class_list":{"0":"post-219502","1":"post","2":"type-post","3":"status-publish","4":"format-standard","5":"has-post-thumbnail","7":"category-mundo","8":"tag-breaking-news","9":"tag-breakingnews","10":"tag-featured-news","11":"tag-featurednews","12":"tag-headlines","13":"tag-latest-news","14":"tag-latestnews","15":"tag-main-news","16":"tag-mainnews","17":"tag-mundo","18":"tag-news","19":"tag-noticias","20":"tag-noticias-principais","21":"tag-noticiasprincipais","22":"tag-principais-noticias","23":"tag-principaisnoticias","24":"tag-top-stories","25":"tag-topstories","26":"tag-ultimas","27":"tag-ultimas-noticias","28":"tag-ultimasnoticias","29":"tag-world","30":"tag-world-news","31":"tag-worldnews"},"share_on_mastodon":{"url":"https:\/\/pubeurope.com\/@pt\/115855400950956280","error":""},"_links":{"self":[{"href":"https:\/\/www.europesays.com\/pt\/wp-json\/wp\/v2\/posts\/219502","targetHints":{"allow":["GET"]}}],"collection":[{"href":"https:\/\/www.europesays.com\/pt\/wp-json\/wp\/v2\/posts"}],"about":[{"href":"https:\/\/www.europesays.com\/pt\/wp-json\/wp\/v2\/types\/post"}],"author":[{"embeddable":true,"href":"https:\/\/www.europesays.com\/pt\/wp-json\/wp\/v2\/users\/2"}],"replies":[{"embeddable":true,"href":"https:\/\/www.europesays.com\/pt\/wp-json\/wp\/v2\/comments?post=219502"}],"version-history":[{"count":0,"href":"https:\/\/www.europesays.com\/pt\/wp-json\/wp\/v2\/posts\/219502\/revisions"}],"wp:featuredmedia":[{"embeddable":true,"href":"https:\/\/www.europesays.com\/pt\/wp-json\/wp\/v2\/media\/219503"}],"wp:attachment":[{"href":"https:\/\/www.europesays.com\/pt\/wp-json\/wp\/v2\/media?parent=219502"}],"wp:term":[{"taxonomy":"category","embeddable":true,"href":"https:\/\/www.europesays.com\/pt\/wp-json\/wp\/v2\/categories?post=219502"},{"taxonomy":"post_tag","embeddable":true,"href":"https:\/\/www.europesays.com\/pt\/wp-json\/wp\/v2\/tags?post=219502"}],"curies":[{"name":"wp","href":"https:\/\/api.w.org\/{rel}","templated":true}]}}