{"id":219506,"date":"2026-01-07T19:12:12","date_gmt":"2026-01-07T19:12:12","guid":{"rendered":"https:\/\/www.europesays.com\/pt\/219506\/"},"modified":"2026-01-07T19:12:12","modified_gmt":"2026-01-07T19:12:12","slug":"congressistas-norte-americanos-condenam-sugestoes-de-anexacao-da-gronelandia","status":"publish","type":"post","link":"https:\/\/www.europesays.com\/pt\/219506\/","title":{"rendered":"Congressistas norte-americanos condenam sugest\u00f5es de anexa\u00e7\u00e3o da Gronel\u00e2ndia"},"content":{"rendered":"<p>                <b>O grupo congressional de amizade EUA-Dinamarca, co-presidido pelo vice-presidente do grupo parlamentar republicano na C\u00e2mara dos Representantes, Blake Moore, e pelo democrata Steny Hoyer, emitiu na ter\u00e7a-feira um comunicado a apelidar as inten\u00e7\u00f5es de \u201cdesnecessariamente perigosas\u201d e que um ataque norte-americano \u201cseria tragicamente um ataque \u00e0 NATO.<\/b><br \/>&#13;<br \/>\nOs congressistas referem Copenhaga como \u201cum dos parceiros mais pr\u00f3ximos\u201d de Washington e lembram que a Dinamarca aceitou \u201ctodos os pedidos para aumentar a nossa presen\u00e7a militar\u201d na Gronel\u00e2ndia.<br \/>\nV\u00e1rios congressistas t\u00eam demonstrado preocupa\u00e7\u00e3o e consterna\u00e7\u00e3o pelas amea\u00e7as de Trump.<\/p>\n<p>O senador democrata Ruben Gallego anunciou esta ter\u00e7a-feira na rede social X que ir\u00e1 introduzir uma resolu\u00e7\u00e3o para impedir Trump de invadir a Gronel\u00e2ndia\u201d.<\/p>\n<p><b>Individualmente, v\u00e1rios congressistas republicanos condenaram as inten\u00e7\u00f5es de Trump.<\/b> O congressista Don Bacon recorreu \u00e0 rede social X para apelidar a situa\u00e7\u00e3o de \u201crealmente est\u00fapida\u201d, enquanto o senador Jerry Morgan, que integra a comiss\u00e3o de Intelig\u00eancia do Senado, avisou que a Gronel\u00e2ndia \u201cn\u00e3o \u00e9 da nossa conta\u201d.<\/p>\n<p>Na lideran\u00e7a republicana, o l\u00edder do Senado, John Thrune, admite que n\u00e3o v\u00ea uma a\u00e7\u00e3o militar como uma op\u00e7\u00e3o, com o l\u00edder na C\u00e2mara dos Representantes, Mike Johnson, a descrever o poss\u00edvel recurso \u00e0 for\u00e7a militar como n\u00e3o sendo \u201capropriado\u201d.<br \/>&#13;<br \/>\n<b><br \/>&#13;<br \/>\nOs coment\u00e1rios v\u00eam na sequ\u00eancia da interven\u00e7\u00e3o norte-americana na Venezuela e de amea\u00e7as por parte de Washington de adquirir a Gronel\u00e2ndia, mesmo com o recurso \u00e0 invas\u00e3o.<\/b><\/p>\n<p>&#13;<br \/>\nEsta ter\u00e7a-feira, a porta-voz da Casa Branca, Karoline Leavitt, admitiu que o uso das for\u00e7as armadas \u00e9 \u201csempre uma op\u00e7\u00e3o\u201d, algo tamb\u00e9m admitido pelo secret\u00e1rio de Estado, Marco Rubio, aos congressistas.&#13;\n<\/p>\n<p>&#13;<br \/>\nc\/ag\u00eancias\u00a0&#13;<\/p>\n","protected":false},"excerpt":{"rendered":"O grupo congressional de amizade EUA-Dinamarca, co-presidido pelo vice-presidente do grupo parlamentar republicano na C\u00e2mara dos Representantes, Blake&hellip;\n","protected":false},"author":2,"featured_media":219507,"comment_status":"","ping_status":"","sticky":false,"template":"","format":"standard","meta":{"footnotes":""},"categories":[8],"tags":[27,28,2949,15,16,13033,14,25,26,21,22,12,13,19,20,32,23,24,33,17,18,2183,29,30,31],"class_list":{"0":"post-219506","1":"post","2":"type-post","3":"status-publish","4":"format-standard","5":"has-post-thumbnail","7":"category-principais-noticias","8":"tag-breaking-news","9":"tag-breakingnews","10":"tag-camara-dos-representantes","11":"tag-featured-news","12":"tag-featurednews","13":"tag-gronelandia","14":"tag-headlines","15":"tag-latest-news","16":"tag-latestnews","17":"tag-main-news","18":"tag-mainnews","19":"tag-news","20":"tag-noticias","21":"tag-noticias-principais","22":"tag-noticiasprincipais","23":"tag-portugal","24":"tag-principais-noticias","25":"tag-principaisnoticias","26":"tag-pt","27":"tag-top-stories","28":"tag-topstories","29":"tag-trump","30":"tag-ultimas","31":"tag-ultimas-noticias","32":"tag-ultimasnoticias"},"share_on_mastodon":{"url":"https:\/\/pubeurope.com\/@pt\/115855408800498251","error":""},"_links":{"self":[{"href":"https:\/\/www.europesays.com\/pt\/wp-json\/wp\/v2\/posts\/219506","targetHints":{"allow":["GET"]}}],"collection":[{"href":"https:\/\/www.europesays.com\/pt\/wp-json\/wp\/v2\/posts"}],"about":[{"href":"https:\/\/www.europesays.com\/pt\/wp-json\/wp\/v2\/types\/post"}],"author":[{"embeddable":true,"href":"https:\/\/www.europesays.com\/pt\/wp-json\/wp\/v2\/users\/2"}],"replies":[{"embeddable":true,"href":"https:\/\/www.europesays.com\/pt\/wp-json\/wp\/v2\/comments?post=219506"}],"version-history":[{"count":0,"href":"https:\/\/www.europesays.com\/pt\/wp-json\/wp\/v2\/posts\/219506\/revisions"}],"wp:featuredmedia":[{"embeddable":true,"href":"https:\/\/www.europesays.com\/pt\/wp-json\/wp\/v2\/media\/219507"}],"wp:attachment":[{"href":"https:\/\/www.europesays.com\/pt\/wp-json\/wp\/v2\/media?parent=219506"}],"wp:term":[{"taxonomy":"category","embeddable":true,"href":"https:\/\/www.europesays.com\/pt\/wp-json\/wp\/v2\/categories?post=219506"},{"taxonomy":"post_tag","embeddable":true,"href":"https:\/\/www.europesays.com\/pt\/wp-json\/wp\/v2\/tags?post=219506"}],"curies":[{"name":"wp","href":"https:\/\/api.w.org\/{rel}","templated":true}]}}