{"id":219537,"date":"2026-01-07T19:34:19","date_gmt":"2026-01-07T19:34:19","guid":{"rendered":"https:\/\/www.europesays.com\/pt\/219537\/"},"modified":"2026-01-07T19:34:19","modified_gmt":"2026-01-07T19:34:19","slug":"acoes-continuas-da-saude-reforcam-a-vigilancia-e-a-orientacao-a-populacao-sobre-a-prevencao-de-doencas-prefeitura-de-primavera-do-leste","status":"publish","type":"post","link":"https:\/\/www.europesays.com\/pt\/219537\/","title":{"rendered":"A\u00e7\u00f5es cont\u00ednuas da sa\u00fade refor\u00e7am a vigil\u00e2ncia e a orienta\u00e7\u00e3o \u00e0 popula\u00e7\u00e3o sobre a preven\u00e7\u00e3o de doen\u00e7as &#8211; Prefeitura de Primavera do Leste"},"content":{"rendered":"<ol>\n<li><a href=\"https:\/\/news.google.com\/rss\/articles\/CBMi-gFBVV95cUxOWTlGa3VVWlBnVDQ4UlJSSUhQaWxFZ0FHNEIwUU9FdkVTVE1zcUhtWkRwVE9uT3Q1TTByTE1NTms1cVREQ0p0N01xeXZseV92YVNTbkt0cGRFRjluNERWZ2JBRFlHRW5wdnFvalI5bTRnbDYyZGF2R3JfU0xNVF9XSEx6WEFORFhMRUpycFJfZ2Q1S25LUENJdzVhVUs1d3phcVUzUjdEVHhvUkdCb2dVQ09LVDE0NGhJMnBpQWZkWUdPSXFaREJJb1VxclpmQkpNYVhSQVdyU1pFNDNRdlltQVJJNjZKQjJXcUpfVXhrZkRaNkd5QnpPWFd3?oc=5\" target=\"_blank\" rel=\"nofollow noopener\">A\u00e7\u00f5es cont\u00ednuas da sa\u00fade refor\u00e7am a vigil\u00e2ncia e a orienta\u00e7\u00e3o \u00e0 popula\u00e7\u00e3o sobre a preven\u00e7\u00e3o de doen\u00e7as<\/a>&nbsp;&nbsp;Prefeitura de Primavera do Leste<\/li>\n<li><a href=\"https:\/\/news.google.com\/rss\/articles\/CBMilgFBVV95cUxPRVBLRVBfSTlzeDhpb0hIZzJMblVBWHhfQ2hSQTlNVXRqc0xwYUN2alpYdUx6OVZ0TVg2OW85enBwVUZMMnc3THNOSU1qWVBpZE9XZTBjUmk2UDVXcjBwSEphWGczN1dVaFhUUVVPdFBENFprWFctWlIycnJ2dVpUQmtZOXloZEd5YXlUT1RUcDZZV1lKN3c?oc=5\" target=\"_blank\" rel=\"nofollow noopener\">Unidades refor\u00e7am a\u00e7\u00f5es de combate \u00e0 dengue em Primavera<\/a>&nbsp;&nbsp;MINUTO MT<\/li>\n<li><a href=\"https:\/\/news.google.com\/rss\/articles\/CBMi3gFBVV95cUxPTUJiRFltVkZoLXRXQjZGOW9xLUtxckIyT1lpTGhwNFRid2lOVmRCdXI2bVlKMHRXanVwSGdOQTBJazI5bkFZaG1MMk5oR1ZJWE1QNDF4M1RrSUNsaHBqQzRxV2d3NkxSZV9nUEJoTnJveWQxODJST1ZjblhHeFVXOVJ1ZW1YSlFpZlU3VnRTS0huOV93QzBEX05hOGUxdXhJdEJydG9XOUt1eUs3eVhnMElQNUxwbDFpNmhaMU9EQjBiem5kOWRfQnFrWmxLTTJ5eHpTbFBhak9naFBhZmc?oc=5\" target=\"_blank\" rel=\"nofollow noopener\">Vigil\u00e2ncia Ambiental de Primavera refor\u00e7a alerta contra dengue, zika e chikungunya no per\u00edodo chuvoso<\/a>&nbsp;&nbsp;CliqueF5<\/li>\n<\/ol>\n","protected":false},"excerpt":{"rendered":"A\u00e7\u00f5es cont\u00ednuas da sa\u00fade refor\u00e7am a vigil\u00e2ncia e a orienta\u00e7\u00e3o \u00e0 popula\u00e7\u00e3o sobre a preven\u00e7\u00e3o de doen\u00e7as&nbsp;&nbsp;Prefeitura de&hellip;\n","protected":false},"author":2,"featured_media":196976,"comment_status":"","ping_status":"","sticky":false,"template":"","format":"standard","meta":{"footnotes":""},"categories":[86],"tags":[116,32,33,117],"class_list":{"0":"post-219537","1":"post","2":"type-post","3":"status-publish","4":"format-standard","5":"has-post-thumbnail","7":"category-saude","8":"tag-health","9":"tag-portugal","10":"tag-pt","11":"tag-saude"},"share_on_mastodon":{"url":"https:\/\/pubeurope.com\/@pt\/115855495208440144","error":""},"_links":{"self":[{"href":"https:\/\/www.europesays.com\/pt\/wp-json\/wp\/v2\/posts\/219537","targetHints":{"allow":["GET"]}}],"collection":[{"href":"https:\/\/www.europesays.com\/pt\/wp-json\/wp\/v2\/posts"}],"about":[{"href":"https:\/\/www.europesays.com\/pt\/wp-json\/wp\/v2\/types\/post"}],"author":[{"embeddable":true,"href":"https:\/\/www.europesays.com\/pt\/wp-json\/wp\/v2\/users\/2"}],"replies":[{"embeddable":true,"href":"https:\/\/www.europesays.com\/pt\/wp-json\/wp\/v2\/comments?post=219537"}],"version-history":[{"count":0,"href":"https:\/\/www.europesays.com\/pt\/wp-json\/wp\/v2\/posts\/219537\/revisions"}],"wp:featuredmedia":[{"embeddable":true,"href":"https:\/\/www.europesays.com\/pt\/wp-json\/wp\/v2\/media\/196976"}],"wp:attachment":[{"href":"https:\/\/www.europesays.com\/pt\/wp-json\/wp\/v2\/media?parent=219537"}],"wp:term":[{"taxonomy":"category","embeddable":true,"href":"https:\/\/www.europesays.com\/pt\/wp-json\/wp\/v2\/categories?post=219537"},{"taxonomy":"post_tag","embeddable":true,"href":"https:\/\/www.europesays.com\/pt\/wp-json\/wp\/v2\/tags?post=219537"}],"curies":[{"name":"wp","href":"https:\/\/api.w.org\/{rel}","templated":true}]}}