{"id":219553,"date":"2026-01-07T19:49:09","date_gmt":"2026-01-07T19:49:09","guid":{"rendered":"https:\/\/www.europesays.com\/pt\/219553\/"},"modified":"2026-01-07T19:49:09","modified_gmt":"2026-01-07T19:49:09","slug":"janeiro-roxo-taubate-promove-acoes-no-mes-de-conscientizacao-e-combate-a-hanseniase","status":"publish","type":"post","link":"https:\/\/www.europesays.com\/pt\/219553\/","title":{"rendered":"Janeiro Roxo: Taubat\u00e9 promove a\u00e7\u00f5es no m\u00eas de conscientiza\u00e7\u00e3o e combate \u00e0 Hansen\u00edase"},"content":{"rendered":"<p>            &#13;<br \/>\n                &#13;<br \/>\n&#13;<br \/>\n&#13;<br \/>\n&#13;<br \/>\n    <img decoding=\"async\" src=\"https:\/\/www.europesays.com\/pt\/wp-content\/uploads\/2026\/01\/m_241_0_1_07012026161430.jpeg\" alt=\"Janeiro Roxo: Taubat\u00e9 promove a\u00e7\u00f5es no m\u00eas de conscientiza\u00e7\u00e3o e combate \u00e0 Hansen\u00edase\"\/>&#13;<br \/>\n&#13;<\/p>\n<p style=\"text-align: justify;\">A Aten\u00e7\u00e3o Prim\u00e1ria \u00e0 Sa\u00fade, da Prefeitura de Taubat\u00e9,\u00a0promove a\u00e7\u00f5es nas salas de espera das unidades b\u00e1sicas, em celebra\u00e7\u00e3o ao m\u00eas de conscientiza\u00e7\u00e3o e combate \u00e0 Hansen\u00edase.<\/p>\n<p>&#13;<\/p>\n<p style=\"text-align: justify;\">O Janeiro Roxo tem como objetivo alertar a popula\u00e7\u00e3o sobre essa doen\u00e7a contagiosa e que possui tratamento gratuito oferecido no SUS (Sistema \u00danico de Sa\u00fade).<\/p>\n<p>&#13;<\/p>\n<p style=\"text-align: justify;\">A contamina\u00e7\u00e3o ocorre por bact\u00e9ria que atinge os nervos, tendo como uma das primeiras sequelas a perda de sensibilidade da pele. Em muitos casos tamb\u00e9m h\u00e1 perda ou comprometimento severo dos movimentos.<\/p>\n<p>&#13;<\/p>\n<p style=\"text-align: justify;\">O diagn\u00f3stico precoce \u00e9 fundamental para a redu\u00e7\u00e3o da transmiss\u00e3o e do risco de desenvolvimento de incapacidades f\u00edsicas. Os sintomas incluem manchas claras com altera\u00e7\u00e3o de sensibilidade ao toque, calor ou dor; formigamento; fisgadas; dificuldades de segurar objetos ou andar; nervos doloridos ou engrossados; pele seca, sem suor e queda de pelos; ressecamento e feridas no nariz e irrita\u00e7\u00e3o nos olhos e incha\u00e7o e fraqueza muscular nas m\u00e3os, p\u00e9s e face.<\/p>\n<p>&#13;<\/p>\n<p style=\"text-align: justify;\">No munic\u00edpio, a avalia\u00e7\u00e3o inicial \u00e9 feita na Aten\u00e7\u00e3o Prim\u00e1ria e em casos suspeitos, o paciente \u00e9 encaminhado ao AMI (Ambulat\u00f3rio Municipal de Infectologia) para coleta de baciloscopia e tratamento adequado, com medica\u00e7\u00e3o fornecida pelo Minist\u00e9rio da Sa\u00fade e segue protocolo padr\u00e3o estabelecido pela OMS (Organiza\u00e7\u00e3o Mundial da Sa\u00fade).<\/p>\n<p>&#13;<\/p>\n<p style=\"text-align: justify;\">Durante o tratamento \u00e9 feita a preven\u00e7\u00e3o de incapacidades com rastreio para perdas funcionais relacionadas \u00e0 doen\u00e7a que pode levar a sequelas graves, tantos neuromotoras e sensitivas e les\u00f5es mutiladoras tamb\u00e9m. O AMI conta com equipe multidisciplinar com m\u00e9dicos infectologistas, dermatologistas, psic\u00f3logos, fisioterapeuta, nutricionista, educador f\u00edsico e terapeuta ocupacional, visando o cuidado global ao paciente.<\/p>\n<p>&#13;<\/p>\n<p style=\"text-align: justify;\">Em Taubat\u00e9, 51 pessoas foram diagnosticadas com Hansen\u00edase este ano, 16 a mais em rela\u00e7\u00e3o a 2024. A faixa et\u00e1ria de maior preval\u00eancia da doen\u00e7a \u00e9 entre adultos de 50 a 59 anos, representando 15 casos, seguidos por idosos de 60 a 69 anos, com 11 casos registrados.<\/p>\n<p>&#13;<\/p>\n<p style=\"text-align: justify;\">Confira abaixo datas e locais das a\u00e7\u00f5es:<\/p>\n<p>&#13;<\/p>\n<p style=\"text-align: justify;\">08 de janeiro: S\u00e3o Carlos e S\u00e3o Pedro;<br \/>13 de janeiro: Aeroporto;<br \/>14 de janeiro: Continental;<br \/>15 de janeiro: Barreiro e Paiol;<br \/>16 de janeiro: Tr\u00eas Marias II;<br \/>19 de janeiro: Piratininga, Planalto e S\u00e3o Jos\u00e9;<br \/>20 de janeiro: Fazendinha, Marlene Miranda e Pinheirinho;<br \/>21 de janeiro: Esplanada e IAPI;<br \/>22 de janeiro: Baronesa e Vila Marli;<br \/>23 de janeiro: Marlene Miranda;<br \/>24 de janeiro: Jaragu\u00e1 e Quiririm;<br \/>26 de janeiro: Ana Rosa e Estoril;<br \/>28 de janeiro: Guril\u00e2ndia;<br \/>29 de janeiro: Mourisco.<\/p>\n<p>&#13;<\/p>\n<p>\u00a0<\/p>\n<p>&#13;<\/p>\n<p>Foto:\u00a0Divulga\u00e7\u00e3o\/Ag\u00eancia Brasil<\/p>\n<p>&#13;<br \/>\n&#13;<br \/>\n&#13;<br \/>\n    &#13;<br \/>\n        &#13;<br \/>\n&#13;<br \/>\n        &#13;<br \/>\n    &#13;<br \/>\n&#13;<\/p>\n","protected":false},"excerpt":{"rendered":"&#13; &#13; &#13; &#13; &#13; &#13; &#13; A Aten\u00e7\u00e3o Prim\u00e1ria \u00e0 Sa\u00fade, da Prefeitura de Taubat\u00e9,\u00a0promove a\u00e7\u00f5es nas&hellip;\n","protected":false},"author":2,"featured_media":219554,"comment_status":"","ping_status":"","sticky":false,"template":"","format":"standard","meta":{"footnotes":""},"categories":[86],"tags":[24961,24965,24976,24970,24972,24974,24964,24969,24960,116,24966,24973,24968,24971,24975,24967,32,24958,33,24963,117,24962,24959],"class_list":{"0":"post-219553","1":"post","2":"type-post","3":"status-publish","4":"format-standard","5":"has-post-thumbnail","7":"category-saude","8":"tag-administrao-pblica","9":"tag-assistncia-social-taubat","10":"tag-cidade-de-taubat","11":"tag-cultura-em-taubat","12":"tag-desenvolvimento-urbano-taubat","13":"tag-dirio-oficial-taubat","14":"tag-educao-taubat","15":"tag-eventos-taubat","16":"tag-governo-municipal","17":"tag-health","18":"tag-iptu-taubat","19":"tag-meio-ambiente-taubat","20":"tag-notcias-taubat","21":"tag-obras-e-infraestrutura","22":"tag-ouvidoria-municipal","23":"tag-portal-da-transparncia","24":"tag-portugal","25":"tag-prefeitura-de-taubat","26":"tag-pt","27":"tag-sade-taubat","28":"tag-saude","29":"tag-servios-pblicos-taubat","30":"tag-taubat-sp"},"share_on_mastodon":{"url":"","error":"Validation failed: Text character limit of 500 exceeded"},"_links":{"self":[{"href":"https:\/\/www.europesays.com\/pt\/wp-json\/wp\/v2\/posts\/219553","targetHints":{"allow":["GET"]}}],"collection":[{"href":"https:\/\/www.europesays.com\/pt\/wp-json\/wp\/v2\/posts"}],"about":[{"href":"https:\/\/www.europesays.com\/pt\/wp-json\/wp\/v2\/types\/post"}],"author":[{"embeddable":true,"href":"https:\/\/www.europesays.com\/pt\/wp-json\/wp\/v2\/users\/2"}],"replies":[{"embeddable":true,"href":"https:\/\/www.europesays.com\/pt\/wp-json\/wp\/v2\/comments?post=219553"}],"version-history":[{"count":0,"href":"https:\/\/www.europesays.com\/pt\/wp-json\/wp\/v2\/posts\/219553\/revisions"}],"wp:featuredmedia":[{"embeddable":true,"href":"https:\/\/www.europesays.com\/pt\/wp-json\/wp\/v2\/media\/219554"}],"wp:attachment":[{"href":"https:\/\/www.europesays.com\/pt\/wp-json\/wp\/v2\/media?parent=219553"}],"wp:term":[{"taxonomy":"category","embeddable":true,"href":"https:\/\/www.europesays.com\/pt\/wp-json\/wp\/v2\/categories?post=219553"},{"taxonomy":"post_tag","embeddable":true,"href":"https:\/\/www.europesays.com\/pt\/wp-json\/wp\/v2\/tags?post=219553"}],"curies":[{"name":"wp","href":"https:\/\/api.w.org\/{rel}","templated":true}]}}