{"id":219589,"date":"2026-01-07T20:17:11","date_gmt":"2026-01-07T20:17:11","guid":{"rendered":"https:\/\/www.europesays.com\/pt\/219589\/"},"modified":"2026-01-07T20:17:11","modified_gmt":"2026-01-07T20:17:11","slug":"prefeitura-fortalece-a-vacinacao-e-garante-100-de-cobertura-em-bcg-e-hepatite-b","status":"publish","type":"post","link":"https:\/\/www.europesays.com\/pt\/219589\/","title":{"rendered":"Prefeitura fortalece a vacina\u00e7\u00e3o e garante 100% de cobertura em BCG e Hepatite B"},"content":{"rendered":"<p>Proteger a popula\u00e7\u00e3o come\u00e7a no primeiro dia de vida. Aracaju alcan\u00e7ou 100% de cobertura vacinal para BCG e Hepatite B, superando a meta estabelecida pelo Minist\u00e9rio da Sa\u00fade e consolidando um avan\u00e7o na prote\u00e7\u00e3o de rec\u00e9m-nascidos. O resultado \u00e9 fruto de uma rede de aten\u00e7\u00e3o estruturada, do Plano de Conting\u00eancia da Secretaria Municipal da Sa\u00fade (SMS) e de a\u00e7\u00f5es descentralizadas que ampliaram o acesso \u00e0 vacina\u00e7\u00e3o em toda a capital, beneficiando diretamente crian\u00e7as, gestantes e a popula\u00e7\u00e3o em geral.<\/p>\n<p>Ao longo de 2025, a popula\u00e7\u00e3o foi beneficiada por uma s\u00e9rie de a\u00e7\u00f5es que levaram a vacina\u00e7\u00e3o para al\u00e9m das unidades de sa\u00fade. Pontos de imuniza\u00e7\u00e3o foram implantados em shoppings, universidades, empresas, reparti\u00e7\u00f5es p\u00fablicas, pres\u00eddios e locais de grande circula\u00e7\u00e3o, al\u00e9m de atividades externas voltadas \u00e0 imuniza\u00e7\u00e3o de pessoas em situa\u00e7\u00e3o de rua. E ainda, todas as 45 Unidades de Sa\u00fade da Fam\u00edlia (USF) que funcionam como servi\u00e7o porta aberta para vacina\u00e7\u00e3o de segunda a sexta-feira, garantindo acesso cont\u00ednuo e gratuito.<\/p>\n<p>Segundo a coordenadora de vigil\u00e2ncia em sa\u00fade, Duanne Marcele, o destaque da cobertura integral em BCG e Hepatite B est\u00e1 diretamente ligado \u00e0 prote\u00e7\u00e3o dos rec\u00e9m-nascidos. \u201cLogo ao nascer, beb\u00eas atendidos na rede municipal recebem os imunizantes ainda nas maternidades, como o Hospital da Mulher e Maternidade Lourdes Nogueira (HAMA) e o Hospital Santa Isabel, com apoio do Projeto Corujinha. A iniciativa assegura que a prote\u00e7\u00e3o contra doen\u00e7as graves comece nos primeiros dias de vida\u201d, explicou.\u00a0<\/p>\n<p>Al\u00e9m dos avan\u00e7os na primeira inf\u00e2ncia, a vacina\u00e7\u00e3o de gestantes tamb\u00e9m apresenta evolu\u00e7\u00e3o significativa. A cobertura da dTpa Adulto, essencial para proteger m\u00e3es e beb\u00eas contra doen\u00e7as como coqueluche, subiu de 68,65% em 2024 para 71,22% em 2025, mesmo com a campanha ainda em andamento. Em dezembro, a SMS passou a ofertar tamb\u00e9m a vacina contra o V\u00edrus Sincicial Respirat\u00f3rio (VSR) para gestantes a partir da 28\u00aa semana, imunizante recentemente incorporado ao Calend\u00e1rio Nacional de Vacina\u00e7\u00e3o.<\/p>\n<p>A coordenadora destaca que a vacina\u00e7\u00e3o materna \u00e9 estrat\u00e9gica para a prote\u00e7\u00e3o dos beb\u00eas. Segundo ela, ao vacinar a gestante, os anticorpos s\u00e3o transferidos ainda durante a gravidez, garantindo prote\u00e7\u00e3o nos primeiros meses de vida, per\u00edodo de maior vulnerabilidade \u00e0s infec\u00e7\u00f5es respirat\u00f3rias. \u201cQuando a gestante se vacina, o rec\u00e9m-nascido j\u00e1 nasce protegido, mesmo antes de poder receber determinadas vacinas\u201d, afirmou.<\/p>\n<p>Apesar do cen\u00e1rio positivo, ela refor\u00e7a que um dos principais desafios segue sendo a hesita\u00e7\u00e3o vacinal. \u201cA desinforma\u00e7\u00e3o faz com que alguns pais e respons\u00e1veis deixem de vacinar crian\u00e7as contra doen\u00e7as que n\u00e3o circulam mais no pa\u00eds, como a poliomielite, ou relutem em rela\u00e7\u00e3o \u00e0 vacina contra o HPV. Esse comportamento representa um risco coletivo, j\u00e1 que a queda na cobertura pode permitir o retorno de doen\u00e7as erradicadas\u201d, enfatizou.<\/p>\n<p>Duanne Marcele ressalta que a seguran\u00e7a e a efic\u00e1cia das vacinas s\u00e3o amplamente comprovadas e que manter o calend\u00e1rio vacinal em dia \u00e9 fundamental para a prote\u00e7\u00e3o individual e coletiva. \u201cO munic\u00edpio mant\u00e9m o abastecimento regular de imunizantes e segue investindo em estrat\u00e9gias que facilitem o acesso para ampliar a cobertura\u201d, salientou.<\/p>\n<p><strong>Situa\u00e7\u00e3o vacinal\u00a0<\/strong><\/p>\n<p>Al\u00e9m do desempenho m\u00e1ximo em BCG e Hepatite B, Aracaju apresenta um cen\u00e1rio geral positivo nas demais coberturas vacinais, com a maioria dos imunizantes acima de 70%, \u00edndice considerado bom e indicativo de avan\u00e7o cont\u00ednuo. No entanto, parte dessas vacinas ainda permanece abaixo da meta de 95% estabelecida pelo Minist\u00e9rio da Sa\u00fade, o que exige a manuten\u00e7\u00e3o das estrat\u00e9gias de amplia\u00e7\u00e3o do acesso e de sensibiliza\u00e7\u00e3o da popula\u00e7\u00e3o.\u00a0<\/p>\n","protected":false},"excerpt":{"rendered":"Proteger a popula\u00e7\u00e3o come\u00e7a no primeiro dia de vida. Aracaju alcan\u00e7ou 100% de cobertura vacinal para BCG e&hellip;\n","protected":false},"author":2,"featured_media":219590,"comment_status":"","ping_status":"","sticky":false,"template":"","format":"standard","meta":{"footnotes":""},"categories":[86],"tags":[116,32,1416,33,117],"class_list":{"0":"post-219589","1":"post","2":"type-post","3":"status-publish","4":"format-standard","5":"has-post-thumbnail","7":"category-saude","8":"tag-health","9":"tag-portugal","10":"tag-prefeitura-noticias-sergipe-emilia-correa-prefeita-secom-aracaju-cidade-futuro-constroi-amor-trabalho-imagem-governo-eficiencia-secretaria-agenda-pre-caju-institucional-municipio","11":"tag-pt","12":"tag-saude"},"share_on_mastodon":{"url":"https:\/\/pubeurope.com\/@pt\/115855664290913717","error":""},"_links":{"self":[{"href":"https:\/\/www.europesays.com\/pt\/wp-json\/wp\/v2\/posts\/219589","targetHints":{"allow":["GET"]}}],"collection":[{"href":"https:\/\/www.europesays.com\/pt\/wp-json\/wp\/v2\/posts"}],"about":[{"href":"https:\/\/www.europesays.com\/pt\/wp-json\/wp\/v2\/types\/post"}],"author":[{"embeddable":true,"href":"https:\/\/www.europesays.com\/pt\/wp-json\/wp\/v2\/users\/2"}],"replies":[{"embeddable":true,"href":"https:\/\/www.europesays.com\/pt\/wp-json\/wp\/v2\/comments?post=219589"}],"version-history":[{"count":0,"href":"https:\/\/www.europesays.com\/pt\/wp-json\/wp\/v2\/posts\/219589\/revisions"}],"wp:featuredmedia":[{"embeddable":true,"href":"https:\/\/www.europesays.com\/pt\/wp-json\/wp\/v2\/media\/219590"}],"wp:attachment":[{"href":"https:\/\/www.europesays.com\/pt\/wp-json\/wp\/v2\/media?parent=219589"}],"wp:term":[{"taxonomy":"category","embeddable":true,"href":"https:\/\/www.europesays.com\/pt\/wp-json\/wp\/v2\/categories?post=219589"},{"taxonomy":"post_tag","embeddable":true,"href":"https:\/\/www.europesays.com\/pt\/wp-json\/wp\/v2\/tags?post=219589"}],"curies":[{"name":"wp","href":"https:\/\/api.w.org\/{rel}","templated":true}]}}