{"id":219594,"date":"2026-01-07T20:21:10","date_gmt":"2026-01-07T20:21:10","guid":{"rendered":"https:\/\/www.europesays.com\/pt\/219594\/"},"modified":"2026-01-07T20:21:10","modified_gmt":"2026-01-07T20:21:10","slug":"eua-apreendem-dois-petroleiros-ligados-a-venezuela-sic-noticias","status":"publish","type":"post","link":"https:\/\/www.europesays.com\/pt\/219594\/","title":{"rendered":"EUA apreendem dois petroleiros ligados \u00e0 Venezuela &#8211; SIC Not\u00edcias"},"content":{"rendered":"<ol>\n<li><a href=\"https:\/\/news.google.com\/rss\/articles\/CBMi_wFBVV95cUxPZWRSVVY3WTZkaFMtZDMtc3VxeTlBNVRrOHdRSVo4bThDSENCeDVwOUF0RVlGdThqMlNhZm45eXJiMjdXMzJETkFjUUNYSFpCa2lvQmpDY1NJZmZTWXZkSk1BeWcxb2pPcGZRbldjUXVQWThFU2N6SWZvS3RUNUhUSW1aaXEyVGRLTDNtVmpZVUNrQVBOUVVQRUZaQ3I3RkVGcThSYlRCRHJBYTBzZEpJRW51UnN2LTNZclZDSWNYUTBaQkQ1MjhrcXAtZExjUk1pTDVvb1A1MVowVGdpT0NGdUJPT0JHbHpJVjBtVlkxV25zRkY2UU5ld2RPMmtlU0E?oc=5\" target=\"_blank\" rel=\"nofollow noopener\">EUA apreendem dois petroleiros ligados \u00e0 Venezuela<\/a>&nbsp;&nbsp;SIC Not\u00edcias<\/li>\n<li><a href=\"https:\/\/news.google.com\/rss\/articles\/CBMirgFBVV95cUxOSjFoMjB6UjNQdG5NcnNwbkZIOVY1dEE3LXJyTEczMkUwWmNoTmNCb2djQ21fYld0UFNZUnNyX3dBQWxJcHFJUWthQ0VoY0pmRkNxTi1laDVyVWRZaWdOdEVaR2N1WFAzNkZTbHJfTUE4ZTdnQlQzV3ZRRFNwc1RINlNDWDcweHRGY2FyRC1XWDRYdUFQZktVVC1BOGlNVWlOMEFxRG5GZk9scS05Z0E?oc=5\" target=\"_blank\" rel=\"nofollow noopener\">EUA iniciam opera\u00e7\u00e3o para apreender petroleiro ligado \u00e0 Venezuela<\/a>&nbsp;&nbsp;CNN Brasil<\/li>\n<li><a href=\"https:\/\/news.google.com\/rss\/articles\/CBMi2wFBVV95cUxOcVFVUDZiaWlTdmdjMVlsR2xMcG5uOWZ1T21JMXJnaDQ5N1EzMXdfOTMwS3ZwbUJaNnZTZ1AteUlSOXFHY3ZaWWNzWEoxZnQ2WjhoUUVxY0RjYkkyaWVHTkdNMThwNG8wclVxaGkwTHQxZFN5ZUszRlplNldGckUzcjM0dUJPbzNVM1JBTzhEdTdOWXdMSVZXTEZwOU9INElKT2QxaGVmblJ4em5uTjRLSUdOU3ctdG41V2Fodk1pUW9ZTmpzdFFxUFdNams1R09SX1hneDhyV2FTRjjSAeoBQVVfeXFMTU9zemRqS2FCcFVraWZ4bjV4NXJ6bTdxeTYyUF9BREVaRU1mZFMwdXkyWE1qa2VUQk5uSzdMQmtyZ0prODliUm9VSHBNVEdlc1JkeEZrLUVaUTQyNGYyX181ZF93TTNxWWNwU1E5X1R6YUNvWlo1S1REMGo2UmFZNVdBcWF0dy1IM1R1NXRweU5meGl2RG9jaDBoQ1MybkVZZ0RZZW5QRnBCeHhYeUcya1VxRFZ1dlRTaDJCd2d1UkV3QmNLMGpkRzN1bVRDeC1NejVFU2k2OHNoM3JwQ29lNURCdXV0OXlyRVNn?oc=5\" target=\"_blank\" rel=\"nofollow noopener\">V\u00eddeo mostra apreens\u00e3o de petroleiro com bandeira russa ligado \u00e0 Venezuela no Atl\u00e2ntico<\/a>&nbsp;&nbsp;O Globo<\/li>\n<li><a href=\"https:\/\/news.google.com\/rss\/articles\/CBMi3wFBVV95cUxPRGpDQ0QxZkx4c25VVVFkLTV0ZkkwYVpsWGFkT0tzcHg3ODJZdVBqdGpILXItLVVGb1pGWkxvWm9YelozU1J2SEJrR0lXNVZDb3VRQTg1enh2UXJmb09hb2VRRmpycGV1ZHpiSEpIdGc1TXo5cVItc1RGUF9acFhxNFh3MjBITmlGSTQ5OG1YNHJYdHVlMGdoTkZTTVhwZ1lfUWtvT2g2c3Y4Sk1jQkpZN1RPOWc0SXdOQ09jZDV1TVYzM2tIMFlDQ2NwZFVNbU9LSkpCYmJoWEltUFFIZnZn?oc=5\" target=\"_blank\" rel=\"nofollow noopener\">O que \u00e9 a &#8216;frota fantasma russa&#8217;, acusada por EUA e UE de exporta\u00e7\u00e3o ilegal<\/a>&nbsp;&nbsp;UOL Not\u00edcias<\/li>\n<li><a href=\"https:\/\/news.google.com\/rss\/articles\/CBMiwAFBVV95cUxNT1VWTjU3Q2Z0UWpMVnVuR3BOUFVVQ0NDUzF3UU4td2FhZTBmdVpVYXlUUmNpc0JJVEZUTnJ0STFKNzFuV2xrdDMwSk10UU0wY19UamhrcmQxblhxWUNZWHl1Mll2LU1vMTFQRWpPQV9aQXlYd1k4Vkg3QXVNUldxV2drbU9LUFE2VFFhVGdCUjhCeWYtbmVzUEVaVmM2VFRpMGt4bHlHTWx5eHljWG5JN3VHdFZleXJkYURHalhpU2Y?oc=5\" target=\"_blank\" rel=\"nofollow noopener\">R\u00fassia envia submarino para escoltar petroleiro perseguido pelos EUA, diz jornal<\/a>&nbsp;&nbsp;Jovem Pan<\/li>\n<\/ol>\n","protected":false},"excerpt":{"rendered":"EUA apreendem dois petroleiros ligados \u00e0 Venezuela&nbsp;&nbsp;SIC Not\u00edcias EUA iniciam opera\u00e7\u00e3o para apreender petroleiro ligado \u00e0 Venezuela&nbsp;&nbsp;CNN Brasil&hellip;\n","protected":false},"author":2,"featured_media":196976,"comment_status":"","ping_status":"","sticky":false,"template":"","format":"standard","meta":{"footnotes":""},"categories":[50],"tags":[27,28,15,16,14,25,26,21,22,62,12,13,19,20,23,24,17,18,29,30,31,63,64,65],"class_list":{"0":"post-219594","1":"post","2":"type-post","3":"status-publish","4":"format-standard","5":"has-post-thumbnail","7":"category-mundo","8":"tag-breaking-news","9":"tag-breakingnews","10":"tag-featured-news","11":"tag-featurednews","12":"tag-headlines","13":"tag-latest-news","14":"tag-latestnews","15":"tag-main-news","16":"tag-mainnews","17":"tag-mundo","18":"tag-news","19":"tag-noticias","20":"tag-noticias-principais","21":"tag-noticiasprincipais","22":"tag-principais-noticias","23":"tag-principaisnoticias","24":"tag-top-stories","25":"tag-topstories","26":"tag-ultimas","27":"tag-ultimas-noticias","28":"tag-ultimasnoticias","29":"tag-world","30":"tag-world-news","31":"tag-worldnews"},"share_on_mastodon":{"url":"https:\/\/pubeurope.com\/@pt\/115855680116268734","error":""},"_links":{"self":[{"href":"https:\/\/www.europesays.com\/pt\/wp-json\/wp\/v2\/posts\/219594","targetHints":{"allow":["GET"]}}],"collection":[{"href":"https:\/\/www.europesays.com\/pt\/wp-json\/wp\/v2\/posts"}],"about":[{"href":"https:\/\/www.europesays.com\/pt\/wp-json\/wp\/v2\/types\/post"}],"author":[{"embeddable":true,"href":"https:\/\/www.europesays.com\/pt\/wp-json\/wp\/v2\/users\/2"}],"replies":[{"embeddable":true,"href":"https:\/\/www.europesays.com\/pt\/wp-json\/wp\/v2\/comments?post=219594"}],"version-history":[{"count":0,"href":"https:\/\/www.europesays.com\/pt\/wp-json\/wp\/v2\/posts\/219594\/revisions"}],"wp:featuredmedia":[{"embeddable":true,"href":"https:\/\/www.europesays.com\/pt\/wp-json\/wp\/v2\/media\/196976"}],"wp:attachment":[{"href":"https:\/\/www.europesays.com\/pt\/wp-json\/wp\/v2\/media?parent=219594"}],"wp:term":[{"taxonomy":"category","embeddable":true,"href":"https:\/\/www.europesays.com\/pt\/wp-json\/wp\/v2\/categories?post=219594"},{"taxonomy":"post_tag","embeddable":true,"href":"https:\/\/www.europesays.com\/pt\/wp-json\/wp\/v2\/tags?post=219594"}],"curies":[{"name":"wp","href":"https:\/\/api.w.org\/{rel}","templated":true}]}}