{"id":219597,"date":"2026-01-07T20:23:11","date_gmt":"2026-01-07T20:23:11","guid":{"rendered":"https:\/\/www.europesays.com\/pt\/219597\/"},"modified":"2026-01-07T20:23:11","modified_gmt":"2026-01-07T20:23:11","slug":"mercado-benfica-livra-se-definitivamente-de-excedentario","status":"publish","type":"post","link":"https:\/\/www.europesays.com\/pt\/219597\/","title":{"rendered":"Mercado: Benfica livra-se definitivamente de excedent\u00e1rio"},"content":{"rendered":"<p>Dois anos e meio depois da sua chegada \u00e0 Luz por 14 milh\u00f5es de euros, <a target=\"_blank\" class=\"editor-link autolink-enabled\" href=\"https:\/\/www.abola.pt\/futebol\/jogador\/david-jurasek-239233\" data-resource-id=\"239233\" data-resource-type=\"player\" data-sport=\"football\" rel=\"nofollow noopener\">David Jur\u00e1sek<\/a> estar\u00e1 definitivamente de sa\u00edda do <a target=\"_blank\" class=\"editor-link autolink-enabled\" href=\"https:\/\/www.abola.pt\/futebol\/benfica-450\" data-resource-id=\"450\" data-resource-type=\"team\" data-sport=\"football\" rel=\"nofollow noopener\">Benfica<\/a>. O checo foi cedido ao <a target=\"_blank\" class=\"editor-link autolink-enabled\" href=\"https:\/\/www.abola.pt\/futebol\/besiktas-521\" data-resource-id=\"521\" data-resource-type=\"team\" data-sport=\"football\" rel=\"nofollow noopener\">Besiktas<\/a> no in\u00edcio da temporada, mas n\u00e3o convenceu e j\u00e1 se desvinculou dos turcos, que o deixaram de fora da convocat\u00f3ria para o est\u00e1gio de inverno e anunciaram a sua sa\u00edda imediata.<\/p>\n<p>Segundo o iSport, o lateral vai regressar mesmo \u00e0 casa da partida, o <a target=\"_blank\" class=\"editor-link autolink-enabled\" href=\"https:\/\/www.abola.pt\/futebol\/slavia-praga-832\" data-resource-id=\"832\" data-resource-type=\"team\" data-sport=\"football\" rel=\"nofollow noopener\">Slavia Praga<\/a>, do qual se transferiu em 2023 para as \u00e1guias. Foi colocada em cima da mesa a possibilidade de empr\u00e9stimo com op\u00e7\u00e3o de compra, at\u00e9 ao final da \u00e9poca, mas a transfer\u00eancia ser\u00e1 mesmo a t\u00edtulo definitivo e o atleta de 25 anos j\u00e1 est\u00e1 na <a target=\"_blank\" class=\"editor-link autolink-enabled\" href=\"https:\/\/www.abola.pt\/futebol\/chequia-2348\" data-resource-id=\"2348\" data-resource-type=\"team\" data-sport=\"football\" rel=\"nofollow noopener\">Ch\u00e9quia<\/a>.<\/p>\n<p>A mesma fonte garante que s\u00f3 faltam realizar os habituais exames m\u00e9dicos e que a oficializa\u00e7\u00e3o estar\u00e1 para breve, isto ap\u00f3s uns \u00faltimos dias intensos que permitiram aos dois clubes chegarem finalmente a um acordo. Atualmente, o <a target=\"_blank\" class=\"editor-link autolink-enabled\" href=\"https:\/\/www.abola.pt\/futebol\/slavia-praga-832\" data-resource-id=\"832\" data-resource-type=\"team\" data-sport=\"football\" rel=\"nofollow noopener\">Slavia<\/a> est\u00e1 em Marbella a realizar um est\u00e1gio e <a target=\"_blank\" class=\"editor-link autolink-enabled\" href=\"https:\/\/www.abola.pt\/futebol\/jogador\/david-jurasek-239233\" data-resource-id=\"239233\" data-resource-type=\"player\" data-sport=\"football\" rel=\"nofollow noopener\">Jur\u00e1sek<\/a> dever\u00e1 juntar-se aos seus novos companheiros rapidamente.<\/p>\n<p>Pelo <a class=\"autolink-enabled\" data-resource-id=\"450\" data-resource-type=\"team\" data-sport=\"football\" href=\"https:\/\/www.abola.pt\/futebol\/benfica-450\" rel=\"nofollow noopener\" target=\"_blank\">Benfica<\/a>, o internacional checo realizou um total de 12 jogos em 2023\/24, sem qualquer golo ou assist\u00eancia, antes de ser cedido ao <a class=\"autolink-enabled\" data-resource-id=\"222\" data-resource-type=\"team\" data-sport=\"football\" href=\"https:\/\/www.abola.pt\/futebol\/hoffenheim-222\" rel=\"nofollow noopener\" target=\"_blank\">Hoffenheim<\/a>, durante um ano e meio.<\/p>\n","protected":false},"excerpt":{"rendered":"Dois anos e meio depois da sua chegada \u00e0 Luz por 14 milh\u00f5es de euros, David Jur\u00e1sek estar\u00e1&hellip;\n","protected":false},"author":2,"featured_media":219598,"comment_status":"","ping_status":"","sticky":false,"template":"","format":"standard","meta":{"footnotes":""},"categories":[8],"tags":[27,28,15,16,14,25,26,21,22,12,13,19,20,32,23,24,33,17,18,29,30,31],"class_list":{"0":"post-219597","1":"post","2":"type-post","3":"status-publish","4":"format-standard","5":"has-post-thumbnail","7":"category-principais-noticias","8":"tag-breaking-news","9":"tag-breakingnews","10":"tag-featured-news","11":"tag-featurednews","12":"tag-headlines","13":"tag-latest-news","14":"tag-latestnews","15":"tag-main-news","16":"tag-mainnews","17":"tag-news","18":"tag-noticias","19":"tag-noticias-principais","20":"tag-noticiasprincipais","21":"tag-portugal","22":"tag-principais-noticias","23":"tag-principaisnoticias","24":"tag-pt","25":"tag-top-stories","26":"tag-topstories","27":"tag-ultimas","28":"tag-ultimas-noticias","29":"tag-ultimasnoticias"},"share_on_mastodon":{"url":"https:\/\/pubeurope.com\/@pt\/115855688161803252","error":""},"_links":{"self":[{"href":"https:\/\/www.europesays.com\/pt\/wp-json\/wp\/v2\/posts\/219597","targetHints":{"allow":["GET"]}}],"collection":[{"href":"https:\/\/www.europesays.com\/pt\/wp-json\/wp\/v2\/posts"}],"about":[{"href":"https:\/\/www.europesays.com\/pt\/wp-json\/wp\/v2\/types\/post"}],"author":[{"embeddable":true,"href":"https:\/\/www.europesays.com\/pt\/wp-json\/wp\/v2\/users\/2"}],"replies":[{"embeddable":true,"href":"https:\/\/www.europesays.com\/pt\/wp-json\/wp\/v2\/comments?post=219597"}],"version-history":[{"count":0,"href":"https:\/\/www.europesays.com\/pt\/wp-json\/wp\/v2\/posts\/219597\/revisions"}],"wp:featuredmedia":[{"embeddable":true,"href":"https:\/\/www.europesays.com\/pt\/wp-json\/wp\/v2\/media\/219598"}],"wp:attachment":[{"href":"https:\/\/www.europesays.com\/pt\/wp-json\/wp\/v2\/media?parent=219597"}],"wp:term":[{"taxonomy":"category","embeddable":true,"href":"https:\/\/www.europesays.com\/pt\/wp-json\/wp\/v2\/categories?post=219597"},{"taxonomy":"post_tag","embeddable":true,"href":"https:\/\/www.europesays.com\/pt\/wp-json\/wp\/v2\/tags?post=219597"}],"curies":[{"name":"wp","href":"https:\/\/api.w.org\/{rel}","templated":true}]}}