{"id":219603,"date":"2026-01-07T20:30:08","date_gmt":"2026-01-07T20:30:08","guid":{"rendered":"https:\/\/www.europesays.com\/pt\/219603\/"},"modified":"2026-01-07T20:30:08","modified_gmt":"2026-01-07T20:30:08","slug":"benfica-sp-braga-onzes-mourinho-aposta-em-aursnes-vicens-surpreende","status":"publish","type":"post","link":"https:\/\/www.europesays.com\/pt\/219603\/","title":{"rendered":"Benfica-Sp. Braga (ONZES): Mourinho aposta em Aursnes, Vicens surpreende"},"content":{"rendered":"<p style=\"margin-bottom:11px\">J\u00e1 falta pouco para a segunda meia-final da Ta\u00e7a da Liga 2026, entre Benfica e Sp. Braga, em duelo travado no est\u00e1dio Dr. Magalh\u00e3es Pessoa, em Leiria. O jogo tem acompanhamento <strong><a href=\"https:\/\/maisfutebol.iol.pt\/jogo\/aominuto\/benfica\/spbraga\/13826203?tab=aominuto\" rel=\"nofollow noopener\" target=\"_blank\">AO VIVO<\/a> <\/strong>no <strong>Maisfutebol<\/strong>, a partir das 20h00.<\/p>\n<p style=\"margin-bottom:11px\">Foram divulgadas as escolhas dos treinadores Jos\u00e9 Mourinho e Carlos Vicens. Do lado do Benfica, Mourinho faz apenas uma altera\u00e7\u00e3o em rela\u00e7\u00e3o \u00e0 vit\u00f3ria sobre o Estoril &#8211; Prestianni por Aursnes. Carlos Vicens surpreendeu com a aposta em Florian Grillitsch e Dorgeles.<\/p>\n<p><strong>BENFICA: <\/strong>Trubin, Amar Dedic, Tom\u00e1s Ara\u00fajo, Otamendi, Dahl; R\u00edos, Manu Silva; Aursnes, Barreiro, Sudakov; Vangelis Pavlidis.<\/p>\n<p><strong>SUPLENTES BENFICA:<\/strong> Diogo Ferreira, Franjo Ivanovic, Sidny, Schjelderup, Prestianni, Jos\u00e9 Neto, Gon\u00e7alo Oliveira, Jo\u00e3o Rego e Diogo Prioste.<\/p>\n<p><strong>SP. BRAGA:<\/strong> Hornicek, Lagerbielke, V\u00edtor Carvalho, Arrey-Mbi; Dorgeles, Jo\u00e3o Moutinho, Grillitsch, Leonardo Lelo; Rodrigo Zalazar, Pau Victor e Ricardo Horta.<\/p>\n<p><strong>SUPLENTES SP. BRAGA:<\/strong> Tiago S\u00e1, Victor G\u00f3mez, Paulo Oliveira, Gabriel Moscardo, Gorby, Fran Navarro, Yanis, Diego Rodrigues e Gabri.<\/p>\n<p>[Not\u00edcia atualizada \u00e0s 19h09]<\/p>\n<p style=\"margin-bottom:11px\">\u00a0<\/p>\n","protected":false},"excerpt":{"rendered":"J\u00e1 falta pouco para a segunda meia-final da Ta\u00e7a da Liga 2026, entre Benfica e Sp. Braga, em&hellip;\n","protected":false},"author":2,"featured_media":219604,"comment_status":"","ping_status":"","sticky":false,"template":"","format":"standard","meta":{"footnotes":""},"categories":[87],"tags":[51,135,46,6925,42579,32,33,47,1233,134,5344],"class_list":{"0":"post-219603","1":"post","2":"type-post","3":"status-publish","4":"format-standard","5":"has-post-thumbnail","7":"category-desporto","8":"tag-benfica","9":"tag-desporto","10":"tag-maisfutebol","11":"tag-onze-benfica","12":"tag-onze-sp-braga","13":"tag-portugal","14":"tag-pt","15":"tag-pura-paixao","16":"tag-sp-braga","17":"tag-sports","18":"tag-taca-da-liga"},"share_on_mastodon":{"url":"https:\/\/pubeurope.com\/@pt\/115855715481277007","error":""},"_links":{"self":[{"href":"https:\/\/www.europesays.com\/pt\/wp-json\/wp\/v2\/posts\/219603","targetHints":{"allow":["GET"]}}],"collection":[{"href":"https:\/\/www.europesays.com\/pt\/wp-json\/wp\/v2\/posts"}],"about":[{"href":"https:\/\/www.europesays.com\/pt\/wp-json\/wp\/v2\/types\/post"}],"author":[{"embeddable":true,"href":"https:\/\/www.europesays.com\/pt\/wp-json\/wp\/v2\/users\/2"}],"replies":[{"embeddable":true,"href":"https:\/\/www.europesays.com\/pt\/wp-json\/wp\/v2\/comments?post=219603"}],"version-history":[{"count":0,"href":"https:\/\/www.europesays.com\/pt\/wp-json\/wp\/v2\/posts\/219603\/revisions"}],"wp:featuredmedia":[{"embeddable":true,"href":"https:\/\/www.europesays.com\/pt\/wp-json\/wp\/v2\/media\/219604"}],"wp:attachment":[{"href":"https:\/\/www.europesays.com\/pt\/wp-json\/wp\/v2\/media?parent=219603"}],"wp:term":[{"taxonomy":"category","embeddable":true,"href":"https:\/\/www.europesays.com\/pt\/wp-json\/wp\/v2\/categories?post=219603"},{"taxonomy":"post_tag","embeddable":true,"href":"https:\/\/www.europesays.com\/pt\/wp-json\/wp\/v2\/tags?post=219603"}],"curies":[{"name":"wp","href":"https:\/\/api.w.org\/{rel}","templated":true}]}}