{"id":219605,"date":"2026-01-07T20:31:30","date_gmt":"2026-01-07T20:31:30","guid":{"rendered":"https:\/\/www.europesays.com\/pt\/219605\/"},"modified":"2026-01-07T20:31:30","modified_gmt":"2026-01-07T20:31:30","slug":"noticia-vacinacao-em-massa-contra-a-dengue-sera-nas-unidades-de-saude-e-espaco-saude","status":"publish","type":"post","link":"https:\/\/www.europesays.com\/pt\/219605\/","title":{"rendered":"Not\u00edcia &#8211; Vacina\u00e7\u00e3o em massa contra a dengue ser\u00e1 nas Unidades de Sa\u00fade e Espa\u00e7o Sa\u00fade"},"content":{"rendered":"<p>Imuniza\u00e7\u00e3o ocorre das 8 \u00e0s 17 horas, em a\u00e7\u00e3o concentrada e estrat\u00e9gica de preven\u00e7\u00e3o.<\/p>\n<p>A Prefeitura de Botucatu realiza no dia 18 de janeiro (domingo) a grande a\u00e7\u00e3o de vacina\u00e7\u00e3o em massa contra a dengue, mobilizando <strong>todas as Unidades de Sa\u00fade do Munic\u00edpio e o Espa\u00e7o Sa\u00fade<\/strong>, das 8h \u00e0s 17 horas. A iniciativa tem como objetivo ampliar rapidamente a prote\u00e7\u00e3o da popula\u00e7\u00e3o e reduzir o risco de formas graves da doen\u00e7a.<\/p>\n<p>\u00a0<\/p>\n<p>A vacina\u00e7\u00e3o ser\u00e1 destinada a pessoas de 15 a 59 anos, conforme determina\u00e7\u00e3o do Minist\u00e9rio da Sa\u00fade, e ocorrer\u00e1 em um \u00fanico dia, como parte da estrat\u00e9gia nacional de enfrentamento \u00e0 dengue. Menores de idade dever\u00e3o estar acompanhados de um respons\u00e1vel legal.<\/p>\n<p>\u00a0<\/p>\n<p>A Secretaria Municipal de Sa\u00fade orienta que os mun\u00edcipes procurem preferencialmente a sua Unidade de Sa\u00fade de refer\u00eancia, o que contribui para melhor organiza\u00e7\u00e3o do atendimento e maior agilidade na vacina\u00e7\u00e3o.<\/p>\n<p>\u00a0<\/p>\n<p>Para receber a dose, \u00e9 necess\u00e1rio <strong>apresentar documento com foto, CPF e comprovante de resid\u00eancia.<\/strong><\/p>\n<p>\u00a0<\/p>\n<p>Com o objetivo de evitar filas e garantir um atendimento mais eficiente, a Secretaria de Sa\u00fade recomenda a seguinte escala preferencial de hor\u00e1rios:<\/p>\n<p>\u00a0<\/p>\n<p><strong>. Pessoas de 35 a 59 anos: vacina\u00e7\u00e3o preferencialmente no per\u00edodo da manh\u00e3, das 8 horas \u00e0s 12h30;<\/strong><\/p>\n<p><strong>. Pessoas de 15 a 34 anos: vacina\u00e7\u00e3o preferencialmente no per\u00edodo da tarde, das 12h30 \u00e0s 17 horas.<\/strong><\/p>\n<p>\u00a0<\/p>\n<p>A vacina\u00e7\u00e3o em massa contra a dengue \u00e9 uma realiza\u00e7\u00e3o da Prefeitura de Botucatu, por meio da Secretaria de Sa\u00fade, em parceria com o Minist\u00e9rio da Sa\u00fade e a Faculdade de Medicina da Unesp de Botucatu. A a\u00e7\u00e3o refor\u00e7a o compromisso conjunto das institui\u00e7\u00f5es com a preven\u00e7\u00e3o, a sa\u00fade p\u00fablica e a prote\u00e7\u00e3o da vida.<\/p>\n<p>\u00a0<\/p>\n<p>Vacinar \u00e9 um ato de cuidado coletivo. A participa\u00e7\u00e3o da popula\u00e7\u00e3o \u00e9 essencial para conter o avan\u00e7o da dengue e proteger toda a cidade!<\/p>\n","protected":false},"excerpt":{"rendered":"Imuniza\u00e7\u00e3o ocorre das 8 \u00e0s 17 horas, em a\u00e7\u00e3o concentrada e estrat\u00e9gica de preven\u00e7\u00e3o. A Prefeitura de Botucatu&hellip;\n","protected":false},"author":2,"featured_media":219606,"comment_status":"","ping_status":"","sticky":false,"template":"","format":"standard","meta":{"footnotes":""},"categories":[86],"tags":[34837,1300,116,5231,1133,32,3046,33,117],"class_list":{"0":"post-219605","1":"post","2":"type-post","3":"status-publish","4":"format-standard","5":"has-post-thumbnail","7":"category-saude","8":"tag-botucatu","9":"tag-cidade","10":"tag-health","11":"tag-municipal","12":"tag-noticia","13":"tag-portugal","14":"tag-prefeitura","15":"tag-pt","16":"tag-saude"},"share_on_mastodon":{"url":"https:\/\/pubeurope.com\/@pt\/115855719338642312","error":""},"_links":{"self":[{"href":"https:\/\/www.europesays.com\/pt\/wp-json\/wp\/v2\/posts\/219605","targetHints":{"allow":["GET"]}}],"collection":[{"href":"https:\/\/www.europesays.com\/pt\/wp-json\/wp\/v2\/posts"}],"about":[{"href":"https:\/\/www.europesays.com\/pt\/wp-json\/wp\/v2\/types\/post"}],"author":[{"embeddable":true,"href":"https:\/\/www.europesays.com\/pt\/wp-json\/wp\/v2\/users\/2"}],"replies":[{"embeddable":true,"href":"https:\/\/www.europesays.com\/pt\/wp-json\/wp\/v2\/comments?post=219605"}],"version-history":[{"count":0,"href":"https:\/\/www.europesays.com\/pt\/wp-json\/wp\/v2\/posts\/219605\/revisions"}],"wp:featuredmedia":[{"embeddable":true,"href":"https:\/\/www.europesays.com\/pt\/wp-json\/wp\/v2\/media\/219606"}],"wp:attachment":[{"href":"https:\/\/www.europesays.com\/pt\/wp-json\/wp\/v2\/media?parent=219605"}],"wp:term":[{"taxonomy":"category","embeddable":true,"href":"https:\/\/www.europesays.com\/pt\/wp-json\/wp\/v2\/categories?post=219605"},{"taxonomy":"post_tag","embeddable":true,"href":"https:\/\/www.europesays.com\/pt\/wp-json\/wp\/v2\/tags?post=219605"}],"curies":[{"name":"wp","href":"https:\/\/api.w.org\/{rel}","templated":true}]}}