{"id":219644,"date":"2026-01-07T21:04:34","date_gmt":"2026-01-07T21:04:34","guid":{"rendered":"https:\/\/www.europesays.com\/pt\/219644\/"},"modified":"2026-01-07T21:04:34","modified_gmt":"2026-01-07T21:04:34","slug":"eis-a-besta-de-kandahar-o-aviao-ultra-secreto-que-foi-essencial-para-capturar-maduro","status":"publish","type":"post","link":"https:\/\/www.europesays.com\/pt\/219644\/","title":{"rendered":"Eis a &#8220;Besta de Kandahar&#8221;, o avi\u00e3o ultra-secreto que foi essencial para capturar Maduro"},"content":{"rendered":"<p><img decoding=\"async\" loading=\"lazy\" class=\"wp-image-720673 size-kopa-image-size-3\" src=\"https:\/\/www.europesays.com\/pt\/wp-content\/uploads\/2026\/01\/8f14e45fceea167a5a36dedd4bea2543-1-783x450.jpg\" alt=\"\" width=\"700\" height=\"402\"  \/><\/p>\n<p class=\"wp-caption-text bot\">O RQ-170 Sentinel fotografado sobre o deserto da Calif\u00f3rnia em 2021<\/p>\n<p><strong>O drone \u201cinvis\u00edvel\u201d RQ-170 Sentinel \u00e9 crucial para opera\u00e7\u00f5es de vigil\u00e2ncia e captura de alvos de alto valor em cen\u00e1rios de conflito, como a miss\u00e3o que resultou na deten\u00e7\u00e3o de Maduro e a que eliminou Osama Bin Laden.<\/strong><\/p>\n<p>Durante a madrugada da opera\u00e7\u00e3o especial que culminou na captura do ditador Nicol\u00e1s Maduro e da sua esposa, um observador local em Porto Rico, perto da antiga base naval norte-americana de Roosevelt Roads, captou uma <strong>silhueta estranha<\/strong> a regressar silenciosamente \u00e0 base.<\/p>\n<p>A <strong>forma inconfund\u00edvel<\/strong>, semelhante a um boomerang ou a uma raia, era a do m\u00edtico<strong> RQ-170 \u201cSentinel\u201d<\/strong>, um dos segredos mais bem guardados da For\u00e7a A\u00e9rea dos EUA.<\/p>\n<p>A fotografia confirmou o que agora sabemos com certeza: pelo menos um ou dois destes aparelhos voaram nessa noite para fornecer os \u201c<strong>olhos invis\u00edveis<\/strong>\u201d que <strong>guiaram as for\u00e7as especiais<\/strong> norte-americanas at\u00e9 ao seu objetivo.<\/p>\n<p>Sem o Sentinel, <strong>n\u00e3o teria sido poss\u00edvel apanhar o ditador<\/strong> \u2014 tal como aconteceu em maio de 2011 na <strong>miss\u00e3o que p\u00f4s fim a Osama Bin Laden<\/strong>, diz o <a href=\"https:\/\/www.elconfidencial.com\/tecnologia\/novaceno\/2026-01-05\/captura-maduro-rq-170-centinela-avion-ultrasecreto_4278680\/\" data-wpel-link=\"external\" target=\"_blank\" rel=\"nofollow external noopener noreferrer\" class=\"ext-link\">El Confidencial<\/a>.<\/p>\n<p>Para perceber porque \u00e9 que o RQ-170 foi a pe\u00e7a-chave deste puzzle, \u00e9 preciso primeiro <strong>compreender o conceito de \u201cpadr\u00f5es de vida\u201d<\/strong>, uma express\u00e3o do jarg\u00e3o militar que significa que, antes de qualquer elemento das for\u00e7as especiais p\u00f4r um p\u00e9 em terra, <strong>a intelig\u00eancia militar precisa de saber tudo<\/strong>: a que horas o alvo come, quando dorme, quem o visita e<strong> at\u00e9 quanto tempo demora no WC<\/strong>.<\/p>\n<p>O RQ-170 foi desenhado especificamente pela lend\u00e1ria <strong>divis\u00e3o Skunk Works<\/strong> da Lockheed Martin, os mesmos criadores dos m\u00edticos avi\u00f5es-espi\u00f5es U-2 e SR-71 Blackbird, para esta fun\u00e7\u00e3o:<strong> infiltrar-se em espa\u00e7os a\u00e9reos hostis<\/strong> e permanecer l\u00e1, a <strong>observar sem ser detetado<\/strong>, durante longos per\u00edodos de tempo.<\/p>\n<p>Como funciona o RQ-170<\/p>\n<p>Os segredos da sua capacidade operacional residem na sua \u201c<strong>invisibilidade<\/strong>\u201d e no conjunto de sensores que transporta. O RQ-170 n\u00e3o \u00e9 invis\u00edvel ao olho humano, mas <strong>\u00e9 praticamente indetet\u00e1vel por radar<\/strong>.<\/p>\n<p>O seu <strong>design de asa voadora sem cauda e os materiais especiais<\/strong> dispersam as ondas de radar em vez de as refletirem na dire\u00e7\u00e3o do inimigo, permitindo-lhe operar naquilo a que os militares chamam \u201c<strong>ambientes contestados<\/strong>\u201d. O RQ-170 <strong>n\u00e3o transporta m\u00edsseis nem canh\u00f5es<\/strong>: o seu poder est\u00e1 no design.<\/p>\n<p>Enquanto sobrevoa de forma invis\u00edvel e silenciosa a grande altitude, o Sentinel recorre a um <strong>radar de varrimento eletr\u00f3nico<\/strong> ativo que lhe confere, basicamente, os <strong>\u201csentidos\u201d de um morcego<\/strong>: o radar emite ondas de r\u00e1dio invis\u00edveis que, ao refletirem no solo, criam imagens de abertura sint\u00e9tica (SAR) com qualidade fotogr\u00e1fica, mesmo atrav\u00e9s das nuvens, e um sistema de dete\u00e7\u00e3o de alvos m\u00f3veis terrestres (GMTI) capaz de destacar qualquer movimento.<\/p>\n<p>Durante a <a href=\"https:\/\/zap.aeiou.pt\/eua-atacam-caracas-capturam-maduro-720358\" data-wpel-link=\"internal\" rel=\"nofollow noopener\" target=\"_blank\">opera\u00e7\u00e3o contra Maduro<\/a>, o RQ-170 tornou-se o <strong>maestro omnisciente<\/strong>. As suas c\u00e2maras eletro-\u00f3ticas e infravermelhas transmitiram v\u00eddeo em direto, permitindo aos operadores <strong>detetar amea\u00e7as inesperadas<\/strong> antes de estas terem hip\u00f3tese de reagir.<\/p>\n<p>Esta capacidade de<strong> transmiss\u00e3o de dados em tempo real<\/strong> foi o que ligou a opera\u00e7\u00e3o no terreno \u00e0 Sala Oval da Casa Branca. Como confirmou o pr\u00f3prio presidente Donald Trump: \u201c<strong>Pude ver tudo em tempo real<\/strong> e acompanhei cada detalhe do que se passava.\u201d Sem esta liga\u00e7\u00e3o vital, teria sido praticamente imposs\u00edvel.<\/p>\n<p>A <a href=\"https:\/\/zap.aeiou.pt\/drones-macarico-replica-casa-maduro-720448\" data-wpel-link=\"internal\" rel=\"nofollow noopener\" target=\"_blank\">estrat\u00e9gia usada para capturar Maduro<\/a>, que incluiu a constru\u00e7\u00e3o de uma r\u00e9plica \u00e0 escala real do seu esconderijo e a <strong>infiltra\u00e7\u00e3o de uma equipa da CIA<\/strong>, \u00e9 quase uma <strong>c\u00f3pia da usada em 2011 na opera\u00e7\u00e3o que eliminou com Osama Bin Laden<\/strong> em Abbottabad, no Paquist\u00e3o. Nessa ocasi\u00e3o, tal como na Venezuela, um RQ-170 <strong>vigiava de cima, invis\u00edvel e silencioso<\/strong>.<\/p>\n<p class=\"wp-caption-text top\"><a href=\"https:\/\/commons.wikimedia.org\/wiki\/File:USAF_RQ-170_photograph.webp\" rel=\"nofollow external noopener noreferrer\" data-wpel-link=\"external\" target=\"_blank\" class=\"ext-link\">Joseph Trevithick \/ USAF \/ Wikipedia<\/a><\/p>\n<p><img decoding=\"async\" loading=\"lazy\" class=\"size-kopa-image-size-3 wp-image-720672\" src=\"https:\/\/www.europesays.com\/pt\/wp-content\/uploads\/2026\/01\/a87ff679a2f3e71d9181a67b7542122c-2-783x450.jpg\" alt=\"\" width=\"700\" height=\"402\"  \/><\/p>\n<p class=\"wp-caption-text bot\">Fotografia de um RQ-170 Sentinel na Base A\u00e9rea de Andersen, em Guam \u2014 a \u00fanica fotografia oficial da \u201cBesta de Kandahar\u201d<\/p>\n<p>Conhecido inicialmente como \u201c<strong>A Besta de Kandahar<\/strong>\u201d ap\u00f3s ter sido avistado no Afeganist\u00e3o, o drone tamb\u00e9m j\u00e1 <strong>monitorizou o programa nuclear do Ir\u00e3o<\/strong> \u2014 onde <strong>uma unidade foi perdida em 2011<\/strong> \u2014 e operou perto do espa\u00e7o a\u00e9reo da Coreia do Norte e, possivelmente, sobre o Mar Negro para vigiar as for\u00e7as russas na Crimeia.<\/p>\n<p>O RQ-170 <strong>\u00e9 j\u00e1 um modelo veterano<\/strong>, com pelo menos duas d\u00e9cadas de servi\u00e7o. N\u00e3o \u00e9 a tecnologia furtiva mais avan\u00e7ada do arsenal norte-americano, mas a sua <strong>fiabilidade mant\u00e9m-no operacional<\/strong>.<\/p>\n<p>A frota de Sentinels \u00e9 diminuta, estimada entre <strong>apenas 20 a 30 unidades<\/strong> no total, operadas exclusivamente pelos Esquadr\u00f5es de Reconhecimento 30 e 44 da Ala 432 na base a\u00e9rea de Creech, no Nevada.<\/p>\n<p>A captura de Maduro mostra que, por vezes, o sucesso de uma opera\u00e7\u00e3o militar depende de uma simples\u00a0 aeronave<strong> capaz de se infiltrar no quintal do inimigo<\/strong> e manter vigil\u00e2ncia e recolher informa\u00e7\u00e3o essencial \u2014 sem ser detetada.<\/p>\n<p>    <a href=\"https:\/\/zap.aeiou.pt\/subscrever-newsletter\" data-wpel-link=\"internal\" rel=\"nofollow noopener\" target=\"_blank\">&#13;<br \/>\n        <img loading=\"lazy\" decoding=\"async\" class=\"aligncenter size-full wp-image-575475\" src=\"https:\/\/www.europesays.com\/pt\/wp-content\/uploads\/2025\/12\/1765389371_545_2d51fe4a0ba54894421ead1809309ed9-1-450x140.jpg\" alt=\"Subscreva a Newsletter ZAP\" width=\"450\" height=\"140\"\/>&#13;<br \/>\n    <\/a><\/p>\n<p>                <a href=\"https:\/\/whatsapp.com\/channel\/0029VaIC4EE2f3EJZPPSbR34\" data-wpel-link=\"external\" target=\"_blank\" rel=\"nofollow external noopener noreferrer\" class=\"ext-link\">&#13;<br \/>\n                    <img loading=\"lazy\" decoding=\"async\" class=\"aligncenter size-full wp-image-575475\" src=\"https:\/\/www.europesays.com\/pt\/wp-content\/uploads\/2025\/12\/1765389371_770_c68c559d956d4ca20f435ed74a6e71e6.png\" alt=\"Siga-nos no WhatsApp\" width=\"175\" height=\"64\"\/>&#13;<br \/>\n                <\/a><\/p>\n<p>                <a href=\"https:\/\/news.google.com\/publications\/CAAiEHRwZondIV71PDjWNoqMduEqFAgKIhB0cGaJ3SFe9Tw41jaKjHbh?hl=en-US&amp;gl=US&amp;ceid=US%3Aen\" data-wpel-link=\"external\" target=\"_blank\" rel=\"nofollow external noopener noreferrer\" class=\"ext-link\">&#13;<br \/>\n                    <img loading=\"lazy\" decoding=\"async\" class=\"aligncenter size-full wp-image-575475\" src=\"https:\/\/www.europesays.com\/pt\/wp-content\/uploads\/2025\/12\/1765389372_556_5123dd8b087b644fdb8f8603acd1bad4.png\" alt=\"Siga-nos no Google News\" width=\"176\" height=\"64\"\/>&#13;<br \/>\n                <\/a><\/p>\n","protected":false},"excerpt":{"rendered":"O RQ-170 Sentinel fotografado sobre o deserto da Calif\u00f3rnia em 2021 O drone \u201cinvis\u00edvel\u201d RQ-170 Sentinel \u00e9 crucial&hellip;\n","protected":false},"author":2,"featured_media":219645,"comment_status":"","ping_status":"","sticky":false,"template":"","format":"standard","meta":{"footnotes":""},"categories":[50],"tags":[27,28,269,2537,413,15,16,830,14,25,26,21,22,62,12,13,19,20,23,24,17,18,29,30,31,3023,63,64,65],"class_list":{"0":"post-219644","1":"post","2":"type-post","3":"status-publish","4":"format-standard","5":"has-post-thumbnail","7":"category-mundo","8":"tag-breaking-news","9":"tag-breakingnews","10":"tag-capa","11":"tag-defesa","12":"tag-eua","13":"tag-featured-news","14":"tag-featurednews","15":"tag-guerra","16":"tag-headlines","17":"tag-latest-news","18":"tag-latestnews","19":"tag-main-news","20":"tag-mainnews","21":"tag-mundo","22":"tag-news","23":"tag-noticias","24":"tag-noticias-principais","25":"tag-noticiasprincipais","26":"tag-principais-noticias","27":"tag-principaisnoticias","28":"tag-top-stories","29":"tag-topstories","30":"tag-ultimas","31":"tag-ultimas-noticias","32":"tag-ultimasnoticias","33":"tag-venezuela","34":"tag-world","35":"tag-world-news","36":"tag-worldnews"},"share_on_mastodon":{"url":"https:\/\/pubeurope.com\/@pt\/115855849170881416","error":""},"_links":{"self":[{"href":"https:\/\/www.europesays.com\/pt\/wp-json\/wp\/v2\/posts\/219644","targetHints":{"allow":["GET"]}}],"collection":[{"href":"https:\/\/www.europesays.com\/pt\/wp-json\/wp\/v2\/posts"}],"about":[{"href":"https:\/\/www.europesays.com\/pt\/wp-json\/wp\/v2\/types\/post"}],"author":[{"embeddable":true,"href":"https:\/\/www.europesays.com\/pt\/wp-json\/wp\/v2\/users\/2"}],"replies":[{"embeddable":true,"href":"https:\/\/www.europesays.com\/pt\/wp-json\/wp\/v2\/comments?post=219644"}],"version-history":[{"count":0,"href":"https:\/\/www.europesays.com\/pt\/wp-json\/wp\/v2\/posts\/219644\/revisions"}],"wp:featuredmedia":[{"embeddable":true,"href":"https:\/\/www.europesays.com\/pt\/wp-json\/wp\/v2\/media\/219645"}],"wp:attachment":[{"href":"https:\/\/www.europesays.com\/pt\/wp-json\/wp\/v2\/media?parent=219644"}],"wp:term":[{"taxonomy":"category","embeddable":true,"href":"https:\/\/www.europesays.com\/pt\/wp-json\/wp\/v2\/categories?post=219644"},{"taxonomy":"post_tag","embeddable":true,"href":"https:\/\/www.europesays.com\/pt\/wp-json\/wp\/v2\/tags?post=219644"}],"curies":[{"name":"wp","href":"https:\/\/api.w.org\/{rel}","templated":true}]}}