{"id":219646,"date":"2026-01-07T21:10:21","date_gmt":"2026-01-07T21:10:21","guid":{"rendered":"https:\/\/www.europesays.com\/pt\/219646\/"},"modified":"2026-01-07T21:10:21","modified_gmt":"2026-01-07T21:10:21","slug":"ana-ja-executou-40-milhoes-de-investimento-na-expansao-da-portela-aviacao","status":"publish","type":"post","link":"https:\/\/www.europesays.com\/pt\/219646\/","title":{"rendered":"ANA j\u00e1 executou 40 milh\u00f5es de investimento na expans\u00e3o da Portela &#8211; Avia\u00e7\u00e3o"},"content":{"rendered":"<p class=\"\">&#13;<br \/>\n          A ANA Aeroportos j\u00e1 executou 40 milh\u00f5es de euros de investimento no \u00e2mbito do projeto que prev\u00ea uma nova \u00e1rea de embarque &#8211; pier Sul -ampliando o terminal 1 do aeroporto de Lisboa em mais 33 mil metros quadrados, anunciou a concession\u00e1ria esta quarta feira na inaugura\u00e7\u00e3o da amplia\u00e7\u00e3o do terminal 2 do Humberto Delgado.&#13;\n    <\/p>\n<p class=\"\">&#13;<br \/>\n        A obra em curso no terminal 1 ronda os 300 milh\u00f5es de euros e est\u00e1 a cargo do cons\u00f3rcio liderado pela Mota-Engil e que inclui ainda a Vinci, HCI e Alves Ribeiro.&#13;\n    <\/p>\n<p class=\"\">&#13;<br \/>\n        De acordo com os respons\u00e1veis da ANA, a primeira fase de melhoria da qualidade de servi\u00e7o do terminal terminou e ir\u00e1 come\u00e7ar em breve os trabalho no valor de 16 milh\u00f5es na zona dos check in das partidas.&#13;\n    <\/p>\n<p class=\"\">&#13;<br \/>\n        Os trabalhos de amplia\u00e7\u00e3o envolvem ainda a cria\u00e7\u00e3o de uma zona de embarque -pier sul-, avaliadas em 250 milh\u00f5es de euros.&#13;\n    <\/p>\n<p class=\"\">&#13;<br \/>\n        Thierry Ligonni\u00e8re, CEO da ANA, salientou que estes trabalhos v\u00e3o permitir &#8220;criar mais 10 novas portas de embarque com pontes telec\u00f3spicas tirando a necessidade de utilizar autocarros&#8221; e que a conclus\u00e3o est\u00e1 marcada para o final de 2027. Neste momento est\u00e3o envolvidos no projeto 150 trabalhadores mas no pico da obra chegar\u00e3o aos 600.&#13;\n    <\/p>\n<p class=\"\">&#13;<br \/>\n        \u201cCada cadeira adicional que colocamos numa sala de espera na \u00e1rea de embarque, cada melhoria da informa\u00e7\u00e3o que damos aos passageiros, cada segundo ganho no controle de seguran\u00e7a s\u00e3o decis\u00f5es com impacto humano\u201d, disse.&#13;\n    <\/p>\n<p class=\"\">&#13;<br \/>\n        Esta quarta feira, com a presen\u00e7a do ministro das Infraestruturas, a ANA inaugurou a amplia\u00e7\u00e3o do terminal 2 do aeroporto de Lisboa , que foi alvo de um investimento de 20 milh\u00f5es de euros. Em causa est\u00e3o quatro novas portas de embarque na \u00e1rea Schengen deste terminal assim como a renova\u00e7\u00e3o de outras sete portas e a amplia\u00e7\u00e3o da \u00e1rea de embarque.&#13;\n    <\/p>\n","protected":false},"excerpt":{"rendered":"&#13; A ANA Aeroportos j\u00e1 executou 40 milh\u00f5es de euros de investimento no \u00e2mbito do projeto que prev\u00ea&hellip;\n","protected":false},"author":2,"featured_media":219647,"comment_status":"","ping_status":"","sticky":false,"template":"","format":"standard","meta":{"footnotes":""},"categories":[10],"tags":[27,28,15,16,14,10183,25,26,797,21,22,7268,12,13,19,20,32,23,24,33,17,18,849,29,30,31],"class_list":{"0":"post-219646","1":"post","2":"type-post","3":"status-publish","4":"format-standard","5":"has-post-thumbnail","7":"category-portugal","8":"tag-breaking-news","9":"tag-breakingnews","10":"tag-featured-news","11":"tag-featurednews","12":"tag-headlines","13":"tag-investimentos","14":"tag-latest-news","15":"tag-latestnews","16":"tag-lisboa","17":"tag-main-news","18":"tag-mainnews","19":"tag-mota-engil","20":"tag-news","21":"tag-noticias","22":"tag-noticias-principais","23":"tag-noticiasprincipais","24":"tag-portugal","25":"tag-principais-noticias","26":"tag-principaisnoticias","27":"tag-pt","28":"tag-top-stories","29":"tag-topstories","30":"tag-trabalho","31":"tag-ultimas","32":"tag-ultimas-noticias","33":"tag-ultimasnoticias"},"share_on_mastodon":{"url":"https:\/\/pubeurope.com\/@pt\/115855872727537839","error":""},"_links":{"self":[{"href":"https:\/\/www.europesays.com\/pt\/wp-json\/wp\/v2\/posts\/219646","targetHints":{"allow":["GET"]}}],"collection":[{"href":"https:\/\/www.europesays.com\/pt\/wp-json\/wp\/v2\/posts"}],"about":[{"href":"https:\/\/www.europesays.com\/pt\/wp-json\/wp\/v2\/types\/post"}],"author":[{"embeddable":true,"href":"https:\/\/www.europesays.com\/pt\/wp-json\/wp\/v2\/users\/2"}],"replies":[{"embeddable":true,"href":"https:\/\/www.europesays.com\/pt\/wp-json\/wp\/v2\/comments?post=219646"}],"version-history":[{"count":0,"href":"https:\/\/www.europesays.com\/pt\/wp-json\/wp\/v2\/posts\/219646\/revisions"}],"wp:featuredmedia":[{"embeddable":true,"href":"https:\/\/www.europesays.com\/pt\/wp-json\/wp\/v2\/media\/219647"}],"wp:attachment":[{"href":"https:\/\/www.europesays.com\/pt\/wp-json\/wp\/v2\/media?parent=219646"}],"wp:term":[{"taxonomy":"category","embeddable":true,"href":"https:\/\/www.europesays.com\/pt\/wp-json\/wp\/v2\/categories?post=219646"},{"taxonomy":"post_tag","embeddable":true,"href":"https:\/\/www.europesays.com\/pt\/wp-json\/wp\/v2\/tags?post=219646"}],"curies":[{"name":"wp","href":"https:\/\/api.w.org\/{rel}","templated":true}]}}