{"id":219654,"date":"2026-01-07T21:17:09","date_gmt":"2026-01-07T21:17:09","guid":{"rendered":"https:\/\/www.europesays.com\/pt\/219654\/"},"modified":"2026-01-07T21:17:09","modified_gmt":"2026-01-07T21:17:09","slug":"remake-de-uma-das-melhores-ficcoes-cientificas-da-historia-ja-estreou-e-ninguem-percebeu","status":"publish","type":"post","link":"https:\/\/www.europesays.com\/pt\/219654\/","title":{"rendered":"Remake de uma das melhores fic\u00e7\u00f5es cient\u00edficas da hist\u00f3ria j\u00e1 estreou e ningu\u00e9m percebeu"},"content":{"rendered":"<p>\u00c9 inevit\u00e1vel que algumas hist\u00f3rias sejam contadas repetidas vezes, mas h\u00e1 momentos em que um filme \u00e9 t\u00e3o ic\u00f4nico e insuper\u00e1vel que parecia que nunca iria acontecer. Era esse o caso de O Incr\u00edvel Homem que Encolheu, um dos melhores filmes de fic\u00e7\u00e3o cient\u00edfica de todos os tempos, e que recebeu um remake em 2025, passando despercebido de muitos.<\/p>\n<p><img decoding=\"async\" alt=\"\" class=\"image screenshot\" src=\"https:\/\/www.europesays.com\/pt\/wp-content\/uploads\/2026\/01\/1366-2000_ucwn.jpg\"  viewbox=\"0 0 16 9\"\/><\/p>\n<p>\u00c9 Jan Kounen quem assume as r\u00e9deas desta nova adapta\u00e7\u00e3o do aclamado romance de Richard Matheson, publicado apenas um ano antes da obra-prima do cinema de fic\u00e7\u00e3o cient\u00edfica dirigida por Jack Arnold. Quem lidera o elenco \u00e9 o vencedor do Oscar Jean Dujardin. A nova vers\u00e3o n\u00e3o ganhou uma vers\u00e3o brasileira, mas seu nome original \u00e9 &#8220;L&#8217;homme qui r\u00e9tr\u00e9cit&#8221; (ou O Incr\u00edvel Homem Que Encolheu, mesmo nome do original).<\/p>\n<p>Texto traduzido e adaptado do site parceiro <a href=\"https:\/\/www.espinof.com\/estrenos\/11-dias-se-estrena-remake-mejores-peliculas-ciencia-ficcion-historia\" rel=\"noopener nofollow\" target=\"_blank\">Espinof<\/a>*<\/p>\n<p>Inscreva-se no canal do<strong> IGN Brasil <\/strong>no<a href=\"https:\/\/www.youtube.com\/c\/ignbrasil\" rel=\"noopener nofollow\" target=\"_blank\"> YouTube<\/a> e visite as nossas p\u00e1ginas no<a href=\"https:\/\/www.facebook.com\/ignbrasil\/\" rel=\"noopener nofollow\" target=\"_blank\"> Facebook<\/a>,<a href=\"https:\/\/twitter.com\/IGNBrasil\" rel=\"noopener nofollow\" target=\"_blank\"> Twitter<\/a>,<a href=\"https:\/\/bsky.app\/profile\/ignbrasil.bsky.social\" rel=\"noopener nofollow\" target=\"_blank\"> BlueSky<\/a>,<a href=\"https:\/\/www.threads.net\/@ignbrasil\" rel=\"noopener nofollow\" target=\"_blank\"> Threads<\/a>,<a href=\"https:\/\/www.instagram.com\/ignbrasil\/\" rel=\"noopener nofollow\" target=\"_blank\"> Instagram<\/a> e<a href=\"https:\/\/www.twitch.tv\/ignbrasil\" rel=\"noopener nofollow\" target=\"_blank\"> Twitch<\/a>!<\/p>\n<p>                <script async src=\"https:\/\/platform.twitter.com\/widgets.js\" charset=\"utf-8\"><\/script><script async src=\"\/\/www.instagram.com\/embed.js\"><\/script><\/p>\n","protected":false},"excerpt":{"rendered":"\u00c9 inevit\u00e1vel que algumas hist\u00f3rias sejam contadas repetidas vezes, mas h\u00e1 momentos em que um filme \u00e9 t\u00e3o&hellip;\n","protected":false},"author":2,"featured_media":219655,"comment_status":"","ping_status":"","sticky":false,"template":"","format":"standard","meta":{"footnotes":""},"categories":[140],"tags":[114,115,147,148,146,32,33],"class_list":{"0":"post-219654","1":"post","2":"type-post","3":"status-publish","4":"format-standard","5":"has-post-thumbnail","7":"category-filmes","8":"tag-entertainment","9":"tag-entretenimento","10":"tag-film","11":"tag-filmes","12":"tag-movies","13":"tag-portugal","14":"tag-pt"},"share_on_mastodon":{"url":"https:\/\/pubeurope.com\/@pt\/115855900500511817","error":""},"_links":{"self":[{"href":"https:\/\/www.europesays.com\/pt\/wp-json\/wp\/v2\/posts\/219654","targetHints":{"allow":["GET"]}}],"collection":[{"href":"https:\/\/www.europesays.com\/pt\/wp-json\/wp\/v2\/posts"}],"about":[{"href":"https:\/\/www.europesays.com\/pt\/wp-json\/wp\/v2\/types\/post"}],"author":[{"embeddable":true,"href":"https:\/\/www.europesays.com\/pt\/wp-json\/wp\/v2\/users\/2"}],"replies":[{"embeddable":true,"href":"https:\/\/www.europesays.com\/pt\/wp-json\/wp\/v2\/comments?post=219654"}],"version-history":[{"count":0,"href":"https:\/\/www.europesays.com\/pt\/wp-json\/wp\/v2\/posts\/219654\/revisions"}],"wp:featuredmedia":[{"embeddable":true,"href":"https:\/\/www.europesays.com\/pt\/wp-json\/wp\/v2\/media\/219655"}],"wp:attachment":[{"href":"https:\/\/www.europesays.com\/pt\/wp-json\/wp\/v2\/media?parent=219654"}],"wp:term":[{"taxonomy":"category","embeddable":true,"href":"https:\/\/www.europesays.com\/pt\/wp-json\/wp\/v2\/categories?post=219654"},{"taxonomy":"post_tag","embeddable":true,"href":"https:\/\/www.europesays.com\/pt\/wp-json\/wp\/v2\/tags?post=219654"}],"curies":[{"name":"wp","href":"https:\/\/api.w.org\/{rel}","templated":true}]}}