{"id":219658,"date":"2026-01-07T21:19:08","date_gmt":"2026-01-07T21:19:08","guid":{"rendered":"https:\/\/www.europesays.com\/pt\/219658\/"},"modified":"2026-01-07T21:19:08","modified_gmt":"2026-01-07T21:19:08","slug":"prefeitura-de-umuarama-4","status":"publish","type":"post","link":"https:\/\/www.europesays.com\/pt\/219658\/","title":{"rendered":"Prefeitura de Umuarama"},"content":{"rendered":"<p>        &#13;<br \/>\n            &#13;<br \/>\n                &#13;<br \/>\n            &#13;<\/p>\n<p>        &#13;<br \/>\n            &#13;<br \/>\n                &#13;<br \/>\n            &#13;<\/p>\n<p>        &#13;<br \/>\n            &#13;<br \/>\n                pause&#13;<br \/>\n                &#13;<br \/>\n                &#13;<br \/>\n            &#13;<\/p>\n<p>        &#13;<br \/>\n            &#13;<br \/>\n                &#13;<br \/>\n            &#13;<\/p>\n<p>&#13;<br \/>\n            &#13;<br \/>\n                &#13;<br \/>\n                Selecionar Voz:&#13;<br \/>\n            &#13;<br \/>\n&#13;<br \/>\n                Selecione&#13;<br \/>\n            &#13;\n        <\/p>\n<p>&#13;<br \/>\n            &#13;<br \/>\n                &#13;<br \/>\n                Velocidade:&#13;<br \/>\n            &#13;<br \/>\n                Lento&#13;<br \/>\n                Normal&#13;<br \/>\n                R\u00e1pido&#13;<br \/>\n            &#13;\n        <\/p>\n<p>&#13;<br \/>\n            &#13;<br \/>\n                &#13;<br \/>\n                Volume:&#13;<br \/>\n            &#13;<br \/>\n&#13;\n        <\/p>\n<p>&#13;<br \/>\n        Os agentes de combate a endemias (ACE) da Secretaria Municipal de Sa\u00fade, que diariamente combatem a prolifera\u00e7\u00e3o do mosquito da dengue, capturam escorpi\u00f5es e outros animais pe\u00e7onhentos, recolhem caramujos africanos e desenvolvem uma s\u00e9rie de a\u00e7\u00f5es preventivas e educativas em sa\u00fade p\u00fablica, v\u00e3o atuar com um uniforme diferente a partir da pr\u00f3xima semana. O setor de Vigil\u00e2ncia em Sa\u00fade Ambiental orienta a popula\u00e7\u00e3o a observar a mudan\u00e7a e a receber bem os agentes, para o bom desempenho de suas fun\u00e7\u00f5es. \u201cO uniforme de cor c\u00e1qui que utilizaram at\u00e9 esta semana ser\u00e1 \u2018aposentado\u2019 e a partir de segunda-feira, os agentes passam a vestir camiseta branca com bordas verdes\u201d, explica a coordenadora da Vigil\u00e2ncia Ambiental, Regiani Santos da Silva. O colete e bon\u00e9\/chap\u00e9u j\u00e1 eram verdes e permanecer\u00e3o com a mesma cor \u2013 o que muda de fato \u00e9 apenas a camisa, agora na cor branca, tanto de mangas curtas quanto longas. Os agentes tamb\u00e9m passam a trabalhar com cal\u00e7as jeans e a logomarca da Prefeitura estampada no bolso de tr\u00e1s. \u201cEsses detalhes s\u00e3o importantes para a identifica\u00e7\u00e3o dos agentes. Mas al\u00e9m do uniforme padronizado, eles devem apresentar o crach\u00e1 de identifica\u00e7\u00e3o. Caso a popula\u00e7\u00e3o tenha qualquer d\u00favida sobre a veracidade da identifica\u00e7\u00e3o, pode entrar em contato com a Vigil\u00e2ncia Ambiental para confirmar a identidade do agente. O fone \u00e9 (44) 3639-1930\u201d, refor\u00e7a a coordenadora. A secret\u00e1ria municipal de Sa\u00fade, Lisbeth Scanavaca, alerta sobre a import\u00e2ncia de a comunidade receber os agentes e permitir o acesso aos seus im\u00f3veis. \u201cTemos risco de epidemia de dengue em 2026, ent\u00e3o \u00e9 importante que os moradores recebam a vistoria dos agentes para que possamos fazer todos os esfor\u00e7os visando a conten\u00e7\u00e3o do mosquito transmissor da doen\u00e7a\u201d, completou.&#13;\n    <\/p>\n<p class=\"western\" align=\"left\">&#13;<br \/>\nOs agentes de combate a endemias (ACE) da Secretaria Municipal de&#13;<br \/>\nSa\u00fade, que diariamente combatem a prolifera\u00e7\u00e3o do mosquito da&#13;<br \/>\ndengue, capturam escorpi\u00f5es e outros animais pe\u00e7onhentos, recolhem&#13;<br \/>\ncaramujos africanos e desenvolvem uma s\u00e9rie de a\u00e7\u00f5es preventivas e&#13;<br \/>\neducativas em sa\u00fade p\u00fablica, v\u00e3o atuar com um uniforme diferente a&#13;<br \/>\npartir da pr\u00f3xima semana.<\/p>\n<p class=\"western\" align=\"left\">&#13;<br \/>\nO setor de Vigil\u00e2ncia em Sa\u00fade Ambiental orienta a popula\u00e7\u00e3o a&#13;<br \/>\nobservar a mudan\u00e7a e a receber bem os agentes, para o bom desempenho&#13;<br \/>\nde suas fun\u00e7\u00f5es. \u201cO uniforme de cor c\u00e1qui que utilizaram at\u00e9&#13;<br \/>\nesta semana ser\u00e1 \u2018aposentado\u2019 e a partir de segunda-feira, os&#13;<br \/>\nagentes passam a vestir camiseta branca com bordas verdes\u201d, explica&#13;<br \/>\na coordenadora da Vigil\u00e2ncia Ambiental, Regiani Santos da Silva.<\/p>\n<p class=\"western\" align=\"left\">&#13;<br \/>\nO colete e bon\u00e9\/chap\u00e9u j\u00e1 eram verdes e permanecer\u00e3o com a mesma&#13;<br \/>\ncor \u2013 o que muda de fato \u00e9 apenas a camisa, agora na cor branca,&#13;<br \/>\ntanto de mangas curtas quanto longas. Os agentes tamb\u00e9m passam a&#13;<br \/>\ntrabalhar com cal\u00e7as jeans e a logomarca da Prefeitura estampada no&#13;<br \/>\nbolso de tr\u00e1s.<\/p>\n<p class=\"western\" align=\"left\">&#13;<br \/>\n\u201cEsses detalhes s\u00e3o importantes para a identifica\u00e7\u00e3o dos&#13;<br \/>\nagentes. Mas al\u00e9m do uniforme padronizado, eles devem apresentar o&#13;<br \/>\ncrach\u00e1 de identifica\u00e7\u00e3o. Caso a popula\u00e7\u00e3o tenha qualquer d\u00favida&#13;<br \/>\nsobre a veracidade da identifica\u00e7\u00e3o, pode entrar em contato com a&#13;<br \/>\nVigil\u00e2ncia Ambiental para confirmar a identidade do agente. O fone \u00e9&#13;<br \/>\n(44) 3639-1930\u201d, refor\u00e7a a coordenadora.<\/p>\n<p class=\"western\" align=\"left\">&#13;<br \/>\nA secret\u00e1ria municipal de Sa\u00fade, Lisbeth Scanavaca, alerta sobre a&#13;<br \/>\nimport\u00e2ncia de a comunidade receber os agentes e permitir o acesso&#13;<br \/>\naos seus im\u00f3veis. \u201cTemos risco de epidemia de dengue em 2026,&#13;<br \/>\nent\u00e3o \u00e9 importante que os moradores recebam a vistoria dos agentes&#13;<br \/>\npara que possamos fazer todos os esfor\u00e7os visando a conten\u00e7\u00e3o do&#13;<br \/>\nmosquito transmissor da doen\u00e7a\u201d, completou.<\/p>\n","protected":false},"excerpt":{"rendered":"&#13; &#13; &#13; &#13; &#13; &#13; &#13; &#13; &#13; &#13; pause&#13; &#13; &#13; &#13; &#13; &#13; &#13; &#13;&hellip;\n","protected":false},"author":2,"featured_media":219659,"comment_status":"","ping_status":"","sticky":false,"template":"","format":"standard","meta":{"footnotes":""},"categories":[86],"tags":[42585,116,32,33,117],"class_list":{"0":"post-219658","1":"post","2":"type-post","3":"status-publish","4":"format-standard","5":"has-post-thumbnail","7":"category-saude","8":"tag-agentes-de-combate-a-dengue-utilizarao-novos-uniformes","9":"tag-health","10":"tag-portugal","11":"tag-pt","12":"tag-saude"},"share_on_mastodon":{"url":"https:\/\/pubeurope.com\/@pt\/115855908012513812","error":""},"_links":{"self":[{"href":"https:\/\/www.europesays.com\/pt\/wp-json\/wp\/v2\/posts\/219658","targetHints":{"allow":["GET"]}}],"collection":[{"href":"https:\/\/www.europesays.com\/pt\/wp-json\/wp\/v2\/posts"}],"about":[{"href":"https:\/\/www.europesays.com\/pt\/wp-json\/wp\/v2\/types\/post"}],"author":[{"embeddable":true,"href":"https:\/\/www.europesays.com\/pt\/wp-json\/wp\/v2\/users\/2"}],"replies":[{"embeddable":true,"href":"https:\/\/www.europesays.com\/pt\/wp-json\/wp\/v2\/comments?post=219658"}],"version-history":[{"count":0,"href":"https:\/\/www.europesays.com\/pt\/wp-json\/wp\/v2\/posts\/219658\/revisions"}],"wp:featuredmedia":[{"embeddable":true,"href":"https:\/\/www.europesays.com\/pt\/wp-json\/wp\/v2\/media\/219659"}],"wp:attachment":[{"href":"https:\/\/www.europesays.com\/pt\/wp-json\/wp\/v2\/media?parent=219658"}],"wp:term":[{"taxonomy":"category","embeddable":true,"href":"https:\/\/www.europesays.com\/pt\/wp-json\/wp\/v2\/categories?post=219658"},{"taxonomy":"post_tag","embeddable":true,"href":"https:\/\/www.europesays.com\/pt\/wp-json\/wp\/v2\/tags?post=219658"}],"curies":[{"name":"wp","href":"https:\/\/api.w.org\/{rel}","templated":true}]}}