{"id":219665,"date":"2026-01-07T21:25:37","date_gmt":"2026-01-07T21:25:37","guid":{"rendered":"https:\/\/www.europesays.com\/pt\/219665\/"},"modified":"2026-01-07T21:25:37","modified_gmt":"2026-01-07T21:25:37","slug":"nicolas-maduro-e-cilia-flores-feridos-durante-captura-nos-eua","status":"publish","type":"post","link":"https:\/\/www.europesays.com\/pt\/219665\/","title":{"rendered":"Nicol\u00e1s Maduro e Cilia Flores Feridos Durante Captura nos EUA"},"content":{"rendered":"<p>O ex-presidente venezuelano Nicol\u00e1s Maduro e a mulher, Cilia Flores, ficaram feridos na altura em que tentavam escapar das for\u00e7as norte-americanas que os capturaram no s\u00e1bado, noticiou esta quarta-feira, 7 de janeiro, a CNN.<\/p>\n<p>Segundo a cadeia de televis\u00e3o norte-americana, v\u00e1rios funcion\u00e1rios da Administra\u00e7\u00e3o de Donald Trump realizaram uma reuni\u00e3o com congressistas, informando-os sobre a &#8220;captura&#8221; do casal presidencial e dos ferimentos que possam ter sofrido durante a opera\u00e7\u00e3o.<\/p>\n<p>Cilia Flores ter\u00e1 ficado ferida ao bater com a cabe\u00e7a enquanto fugia ao lado do marido na madrugada de s\u00e1bado, na sequ\u00eancia do ataque dos Estados Unidos contra a\u00a0Venezuela, que resultou na captura do casal.<\/p>\n<p>Maduro e Flores correram e tentaram esconder-se atr\u00e1s de uma pesada porta de a\u00e7o dentro da resid\u00eancia onde se encontravam, em Caracas.<\/p>\n<p>Segundo as mesmas fontes, os militares dos Estados Unidos envolvidos na captura (Delta Force)\u00a0prestaram os primeiros socorros no exterior do complexo presidencial.<\/p>\n<p>Depois da opera\u00e7\u00e3o, Maduro e a mulher foram transportados para Nova Iorque, Estados Unidos, tendo comparecido\u00a0em tribunal na segunda-feira.<\/p>\n<p>Na altura o advogado de defesa disse ao juiz que a mulher do Maduro sofreu ferimentos significativos.<\/p>\n<p>O mesmo advogado\u00a0solicitou um exame f\u00edsico completo porque, disse, &#8220;acredita-se&#8221; que Cilia Flores\u00a0sofreu\u00a0uma fratura ou uma contus\u00e3o grave nas costelas.<\/p>\n<p>Flores cambaleou e baixou a cabe\u00e7a em alguns momentos durante a audi\u00eancia, e Maduro teve dificuldade em sentar-se e ficar de p\u00e9, de acordo com os rep\u00f3rteres presentes.<\/p>\n<p>Os esbo\u00e7os realizados pelos ilustradores presentes no tribunal e que registaram a audi\u00eancia\u00a0mostraram Flores com ligaduras na cabe\u00e7a.<\/p>\n<p>As autoridades governamentais que informaram os deputados descreveram o ferimento na cabe\u00e7a de Flores como ligeiro, disseram fontes n\u00e3o identificadas \u00e0 CNN.<\/p>\n<p>Alguns membros da For\u00e7a Delta tamb\u00e9m ficaram feridos durante a opera\u00e7\u00e3o em Caracas, na sequ\u00eancia de um tiroteio com uma for\u00e7a de rea\u00e7\u00e3o r\u00e1pida cubana posicionada perto do complexo presidencial venezuelano.<\/p>\n<p>Os soldados norte-americanos foram atingidos por balas e estilha\u00e7os e espera-se que recuperem completamente, reiteraram as autoridades.<\/p>\n<p>Maduro e a mulher permanecem detidos em Nova Iorque onde foram acusados de tr\u00e1fico de droga tendo-se\u00a0declarado\u00a0inocentes.<\/p>\n","protected":false},"excerpt":{"rendered":"O ex-presidente venezuelano Nicol\u00e1s Maduro e a mulher, Cilia Flores, ficaram feridos na altura em que tentavam escapar&hellip;\n","protected":false},"author":2,"featured_media":219666,"comment_status":"","ping_status":"","sticky":false,"template":"","format":"standard","meta":{"footnotes":""},"categories":[8],"tags":[27,28,15,16,14,25,26,21,22,12,3025,13,19,20,32,23,24,33,17,18,29,30,31,3023],"class_list":{"0":"post-219665","1":"post","2":"type-post","3":"status-publish","4":"format-standard","5":"has-post-thumbnail","7":"category-principais-noticias","8":"tag-breaking-news","9":"tag-breakingnews","10":"tag-featured-news","11":"tag-featurednews","12":"tag-headlines","13":"tag-latest-news","14":"tag-latestnews","15":"tag-main-news","16":"tag-mainnews","17":"tag-news","18":"tag-nicolas-maduro","19":"tag-noticias","20":"tag-noticias-principais","21":"tag-noticiasprincipais","22":"tag-portugal","23":"tag-principais-noticias","24":"tag-principaisnoticias","25":"tag-pt","26":"tag-top-stories","27":"tag-topstories","28":"tag-ultimas","29":"tag-ultimas-noticias","30":"tag-ultimasnoticias","31":"tag-venezuela"},"share_on_mastodon":{"url":"https:\/\/pubeurope.com\/@pt\/115855931820373767","error":""},"_links":{"self":[{"href":"https:\/\/www.europesays.com\/pt\/wp-json\/wp\/v2\/posts\/219665","targetHints":{"allow":["GET"]}}],"collection":[{"href":"https:\/\/www.europesays.com\/pt\/wp-json\/wp\/v2\/posts"}],"about":[{"href":"https:\/\/www.europesays.com\/pt\/wp-json\/wp\/v2\/types\/post"}],"author":[{"embeddable":true,"href":"https:\/\/www.europesays.com\/pt\/wp-json\/wp\/v2\/users\/2"}],"replies":[{"embeddable":true,"href":"https:\/\/www.europesays.com\/pt\/wp-json\/wp\/v2\/comments?post=219665"}],"version-history":[{"count":0,"href":"https:\/\/www.europesays.com\/pt\/wp-json\/wp\/v2\/posts\/219665\/revisions"}],"wp:featuredmedia":[{"embeddable":true,"href":"https:\/\/www.europesays.com\/pt\/wp-json\/wp\/v2\/media\/219666"}],"wp:attachment":[{"href":"https:\/\/www.europesays.com\/pt\/wp-json\/wp\/v2\/media?parent=219665"}],"wp:term":[{"taxonomy":"category","embeddable":true,"href":"https:\/\/www.europesays.com\/pt\/wp-json\/wp\/v2\/categories?post=219665"},{"taxonomy":"post_tag","embeddable":true,"href":"https:\/\/www.europesays.com\/pt\/wp-json\/wp\/v2\/tags?post=219665"}],"curies":[{"name":"wp","href":"https:\/\/api.w.org\/{rel}","templated":true}]}}