{"id":219681,"date":"2026-01-07T21:37:23","date_gmt":"2026-01-07T21:37:23","guid":{"rendered":"https:\/\/www.europesays.com\/pt\/219681\/"},"modified":"2026-01-07T21:37:23","modified_gmt":"2026-01-07T21:37:23","slug":"europa-ocidental-enfrenta-o-caos-devido-a-tempestade-goretti-com-fortes-nevoes-e-gelo","status":"publish","type":"post","link":"https:\/\/www.europesays.com\/pt\/219681\/","title":{"rendered":"Europa Ocidental enfrenta o caos devido a tempestade Goretti com fortes nev\u00f5es e gelo"},"content":{"rendered":"<p>A Europa Ocidental est\u00e1 a lidar com mais neve e gelo na quarta-feira, enquanto a tempestade Goretti, a primeira tempestade do ano, atinge a costa atl\u00e2ntica do continente.<\/p>\n<p>Cerca de 100 voos foram cancelados no aeroporto Charles de Gaulle e outros 40 no aeroporto de Orly, na capital francesa, na manh\u00e3 de quarta-feira, devido \u00e0 queda de neve e ao frio intenso, informou o ministro dos Transportes franc\u00eas, Philippe Tabarot.<\/p>\n<p>As perturba\u00e7\u00f5es tinham sido previstas na ter\u00e7a-feira, tendo Tabarot dito \u00e0 televis\u00e3o CNews que &#8220;esperava que a situa\u00e7\u00e3o voltasse ao normal esta tarde.&#8221;<\/p>\n<p>Todos os servi\u00e7os p\u00fablicos de autocarros em Paris e nos sub\u00farbios foram tamb\u00e9m suspensos devido ao gelo nas estradas. A grande maioria dos sistemas de metro e de comboios suburbanos continuasse a funcionar, segundo as autoridades dos transportes.<\/p>\n<p>O servi\u00e7o meteorol\u00f3gico Meteo France informou que 38 dos 96 departamentos continentais do pa\u00eds estavam em alerta para neve intensa e gelo negro, com tr\u00eas a sete cent\u00edmetros de neve j\u00e1 acumulada.<\/p>\n<p>As autoridades j\u00e1 tinham avisado a popula\u00e7\u00e3o da regi\u00e3o de Paris para evitar viagens desnecess\u00e1rias e trabalhar em casa, se poss\u00edvel, na quarta-feira.<\/p>\n<p>Pa\u00edses Baixos<\/p>\n<p>Entretanto, o aeroporto de Schiphol, em Amesterd\u00e3o, um dos maiores da Europa, anunciou pelo menos 700 cancelamentos de voos na quarta-feira devido \u00e0 neve e ao vento, ap\u00f3s dias de perturba\u00e7\u00f5es nas viagens devido \u00e0s condi\u00e7\u00f5es meteorol\u00f3gicas.<\/p>\n<p>Mais de mil pessoas passaram a noite em Schiphol, informou o aeroporto, acrescentando que tinha montado camas de campanha e oferecido pequeno-almo\u00e7o aos viajantes obrigados a dormir no local.<\/p>\n<p>Prev\u00ea-se que o n\u00famero de cancelamentos aumente ao longo do dia.<\/p>\n<p>B\u00e9lgica<\/p>\n<p>Pelo menos 40 voos foram cancelados no aeroporto de Bruxelas na quarta-feira e os funcion\u00e1rios alertaram para atrasos durante todo o dia.<\/p>\n<p>Devido ao degelo dos avi\u00f5es e \u00e0 limpeza da neve das pistas, o aeroporto informou, num comunicado publicado no seu site, que s\u00e3o esperados atrasos durante toda a quarta-feira.<\/p>\n<p>&#8220;As nossas equipas de opera\u00e7\u00f5es de inverno est\u00e3o preparadas e envidar\u00e3o todos os esfor\u00e7os para minimizar o impacto no aeroporto&#8221;, <a href=\"https:\/\/www.brusselsairport.be\/en\/passengers\" target=\"_blank\" rel=\"noreferrer nofollow noopener\"><strong>refere o comunicado<\/strong><\/a>.<\/p>\n<p>Reino Unido<\/p>\n<p>No Reino Unido, est\u00e1 em vigor um aviso amarelo para ventos fortes na Cornualha, em Devon e nas Ilhas de Scilly, uma vez que se prev\u00ea que a tempestade Goretti cause perturba\u00e7\u00f5es em grande parte do sudoeste.<\/p>\n<p>Em Bristol, Bath, Gloucestershire e Wiltshire, um aviso amarelo de neve estar\u00e1 ativo at\u00e9 ao meio-dia de sexta-feira.<\/p>\n<p>Espera-se tamb\u00e9m que o sistema de tempestades traga neve pesada para o Pa\u00eds de Gales at\u00e9 ao final da semana.<\/p>\n<p>O Met Office, servi\u00e7o de metereologia do Reino Unido_,_ alertou para o facto de a queda de neve intensa poder causar condi\u00e7\u00f5es de viagem dif\u00edceis e provocar atrasos.<\/p>\n<p>A Ag\u00eancia de Seguran\u00e7a Sanit\u00e1ria do Reino Unido (UKHSA) tamb\u00e9m prolongou at\u00e9 domingo os alertas \u00e2mbar para o frio em Inglaterra.<\/p>\n<p>Portugal<\/p>\n<p>Ao pa\u00eds mais ocidental da Europa continental, a depress\u00e3o Goretti est\u00e1 prevista chegar na quinta-feira, dia 8 de janeiro com descida acentuada de temperatura e queda de neve nos pontos mais altos.<\/p>\n<p>De acordo com o <a href=\"https:\/\/www.ipma.pt\/pt\/index.html\" target=\"_blank\" rel=\"noreferrer nofollow noopener\">Instituto Portugu\u00eas do Mar e da Atmosfera (IPMA)<\/a>, tem uma &#8220;superf\u00edcie frontal fria associada de atividade fraca a moderada&#8221;, que vai influenciar o estado do tempo nos dias 8 e 9 de janeiro.<\/p>\n<p>Quinta-feira est\u00e1 prevista <strong>ocorr\u00eancia de chuva<\/strong>, em geral fraca, no Norte e Centro do pa\u00eds. <\/p>\n<p>J\u00e1 a queda de neve nos pontos mais altosda Serra da Estrela poder\u00e1 ocorrer a partir da tarde de quinta-feira.<\/p>\n<p>Em alguns locais do interior poder\u00e1 haver a forma\u00e7\u00e3o de gelo ou geada.<\/p>\n<p>Registo de v\u00edtimas mortais<\/p>\n<p>Com o frio a tornar as estradas perigosas, tr\u00eas pessoas morreram em acidentes ligados ao gelo negro no sudoeste de Fran\u00e7a na segunda-feira de manh\u00e3, segundo as autoridades. Um taxista morreu no hospital no dia do acidente \u00e0 noite, depois de o seu ve\u00edculo ter sa\u00eddo da estrada e mergulhado no rio Marne, na regi\u00e3o de Paris.<\/p>\n<p>Depois de cerca de 40 cent\u00edmetros de neve terem ca\u00eddo na capital da B\u00f3snia, Sarajevo, no fim de semana, uma mulher morreu no hospital depois de ter sido atingida por uma \u00e1rvore que caiu sob o peso da queda de neve, na segunda-feira, segundo a pol\u00edcia.<\/p>\n","protected":false},"excerpt":{"rendered":"A Europa Ocidental est\u00e1 a lidar com mais neve e gelo na quarta-feira, enquanto a tempestade Goretti, a&hellip;\n","protected":false},"author":2,"featured_media":219682,"comment_status":"","ping_status":"","sticky":false,"template":"","format":"standard","meta":{"footnotes":""},"categories":[50],"tags":[3917,27,28,15,16,208,14,7189,25,26,21,22,62,11288,12,13,19,20,3914,23,24,713,17,18,29,30,31,63,64,65],"class_list":{"0":"post-219681","1":"post","2":"type-post","3":"status-publish","4":"format-standard","5":"has-post-thumbnail","7":"category-mundo","8":"tag-belgica","9":"tag-breaking-news","10":"tag-breakingnews","11":"tag-featured-news","12":"tag-featurednews","13":"tag-franca","14":"tag-headlines","15":"tag-inverno","16":"tag-latest-news","17":"tag-latestnews","18":"tag-main-news","19":"tag-mainnews","20":"tag-mundo","21":"tag-neve","22":"tag-news","23":"tag-noticias","24":"tag-noticias-principais","25":"tag-noticiasprincipais","26":"tag-paises-baixos","27":"tag-principais-noticias","28":"tag-principaisnoticias","29":"tag-reino-unido","30":"tag-top-stories","31":"tag-topstories","32":"tag-ultimas","33":"tag-ultimas-noticias","34":"tag-ultimasnoticias","35":"tag-world","36":"tag-world-news","37":"tag-worldnews"},"share_on_mastodon":{"url":"https:\/\/pubeurope.com\/@pt\/115855978929322551","error":""},"_links":{"self":[{"href":"https:\/\/www.europesays.com\/pt\/wp-json\/wp\/v2\/posts\/219681","targetHints":{"allow":["GET"]}}],"collection":[{"href":"https:\/\/www.europesays.com\/pt\/wp-json\/wp\/v2\/posts"}],"about":[{"href":"https:\/\/www.europesays.com\/pt\/wp-json\/wp\/v2\/types\/post"}],"author":[{"embeddable":true,"href":"https:\/\/www.europesays.com\/pt\/wp-json\/wp\/v2\/users\/2"}],"replies":[{"embeddable":true,"href":"https:\/\/www.europesays.com\/pt\/wp-json\/wp\/v2\/comments?post=219681"}],"version-history":[{"count":0,"href":"https:\/\/www.europesays.com\/pt\/wp-json\/wp\/v2\/posts\/219681\/revisions"}],"wp:featuredmedia":[{"embeddable":true,"href":"https:\/\/www.europesays.com\/pt\/wp-json\/wp\/v2\/media\/219682"}],"wp:attachment":[{"href":"https:\/\/www.europesays.com\/pt\/wp-json\/wp\/v2\/media?parent=219681"}],"wp:term":[{"taxonomy":"category","embeddable":true,"href":"https:\/\/www.europesays.com\/pt\/wp-json\/wp\/v2\/categories?post=219681"},{"taxonomy":"post_tag","embeddable":true,"href":"https:\/\/www.europesays.com\/pt\/wp-json\/wp\/v2\/tags?post=219681"}],"curies":[{"name":"wp","href":"https:\/\/api.w.org\/{rel}","templated":true}]}}