{"id":219687,"date":"2026-01-07T21:40:14","date_gmt":"2026-01-07T21:40:14","guid":{"rendered":"https:\/\/www.europesays.com\/pt\/219687\/"},"modified":"2026-01-07T21:40:14","modified_gmt":"2026-01-07T21:40:14","slug":"musica-cortejo-e-homenagem-aos-animais-no-funeral-de-brigitte-bardot-em-saint-tropez","status":"publish","type":"post","link":"https:\/\/www.europesays.com\/pt\/219687\/","title":{"rendered":"M\u00fasica, cortejo e homenagem aos animais no funeral de Brigitte Bardot em Saint-Tropez"},"content":{"rendered":"<p data-remotead-prev-elm=\"true\" data-remotead-elm-id=\"inread\">O \u00faltimo ato de Brigitte Bardot em Saint-Tropez reuniu familiares, amigos e admiradores numa despedida marcada por m\u00fasica, emo\u00e7\u00e3o e homenagem aos animais. O cortejo f\u00fanebre do \u00edcone do cinema franc\u00eas percorreu o porto ao som dos Gypsy Kings, banda que a atriz admirava desde os anos 80. O caix\u00e3o, feito em vime tran\u00e7ado, foi recebido pelo filho Nicolas-Jacques Charrier e pela neta Th\u00e9a, acompanhados por familiares e amigos pr\u00f3ximos. Centenas de moradores e admiradores acompanharam a cerim\u00f3nia atrav\u00e9s de ecr\u00e3s instalados no porto e nas pra\u00e7as da cidade, aplaudindo em sil\u00eancio e recordando a mulher que transformou Saint-Tropez numa refer\u00eancia internacional de glamour.<\/p>\n<p><img decoding=\"async\" class=\"ngx-body\" guid=\"e16044b7-b41d-4e0c-b468-5f5ddea1a14b\" src=\"https:\/\/www.europesays.com\/pt\/wp-content\/uploads\/2026\/01\/1767822013_655_image.webp.webp\" width=\"100%\"\/>Caix\u00e3o era feito em vime tra\u00e7ado (Foto: Sebastien Nogier \/ EPA)<\/p>\n<p><img decoding=\"async\" class=\"ngx-body\" guid=\"84fc3d7e-5894-4752-9ba2-2fa9f27752a3\" src=\"https:\/\/www.europesays.com\/pt\/wp-content\/uploads\/2026\/01\/1767822013_286_image.webp.webp\" width=\"100%\"\/>Nicolas-Jacques Charrier, \u00fanico filho da atriz, acompanhou as cerim\u00f3nias (Foto: Thibaud Moritz \/ AFP)<\/p>\n<p data-remotead-prev-elm=\"true\" data-remotead-elm-id=\"centro1\">Durante a missa, celebrada pelo padre Jean-Paul Gouarin, ouviu-se &#8220;Panis Angelicus&#8221;, cantado por Mireille Mathieu, e &#8220;Ave Maria&#8221;, de Gounod, interpretada por Vincent Niclo. Max Guazzini, secret\u00e1rio-geral da Funda\u00e7\u00e3o Brigitte Bardot, evocou com emo\u00e7\u00e3o a atriz, que nos \u00faltimos anos se dedicou \u00e0 causa animal: &#8220;A tristeza \u00e9 avassaladora. Todos os animais que ela salvou e amou formam uma prociss\u00e3o atr\u00e1s dela&#8230; Milhares de animais dizem: Brigitte, vamos sentir a tua falta, n\u00f3s te amamos muito, obrigada.&#8221;<\/p>\n<p><img decoding=\"async\" class=\"ngx-body\" guid=\"a68ff704-d7ab-4f68-8b93-6608605d94ae\" src=\"https:\/\/www.europesays.com\/pt\/wp-content\/uploads\/2026\/01\/1767822013_772_image.webp.webp\" width=\"100%\"\/><br \/><img decoding=\"async\" class=\"ngx-body\" guid=\"2d430e40-3440-44e5-b824-b2e51b199b4e\" src=\"https:\/\/www.europesays.com\/pt\/wp-content\/uploads\/2026\/01\/1767822013_632_image.webp.webp\" width=\"100%\"\/><br \/>Centenas de f\u00e3s despediram-se de Bardot (Foto: Sebastien Nogier \/ EPA)<\/p>\n<p>Depois de uma homenagem aberta a moradores e admiradores numa pra\u00e7a junto ao porto da cidade, Brigitte Bardot foi, esta quarta-feira, sepultada em total privacidade no cemit\u00e9rio mar\u00edtimo de Saint-Tropez, junto aos seus pais. As flores na igreja, simples e coloridas, seguiram o gosto da atriz, sem rosas. Entre os presentes estiveram a l\u00edder da extrema-direita francesa, Marine Le Pen, e o ativista pelos direitos dos animais Paul Watson, enquanto o presidente franc\u00eas, Emmanuel Macron, n\u00e3o compareceu, apesar de ter proposto um tributo oficial. Nos \u00faltimos anos, Bardot abra\u00e7ou o ide\u00e1rio da extrema-direita, visando sobretudo a comunidade mu\u00e7ulmana.<\/p>\n<p data-remotead-prev-elm=\"true\" data-remotead-elm-id=\"centro2\"><img decoding=\"async\" class=\"ngx-body\" guid=\"3207486d-8389-436c-8fa5-31f648cace51\" src=\"https:\/\/www.europesays.com\/pt\/wp-content\/uploads\/2026\/01\/1767822014_576_image.webp.webp\" width=\"100%\"\/>Marine Le Pen na chegada ao funeral (Foto: Sebastien Nogier \/ EPA)<\/p>\n<p>Despedida na cidade de elei\u00e7\u00e3o<\/p>\n<p>Nos \u00faltimos dias, pequenos rituais mantiveram-se junto da atriz em La Madrague, a sua casa em Saint-Tropez. O marido, Bernard d&#8217;Ormale, revelou \u00e0 revista &#8220;Paris Match&#8221; que Bardot faleceu de cancro, ap\u00f3s ter sido submetida a duas cirurgias e meses de sofrimento f\u00edsico. &#8220;Nunca a deixei sozinha. Estive sempre ao lado dela, com o apoio discreto de enfermeiras que vinham todos os dias&#8221;, contou, recordando a serenidade da atriz nos momentos finais. Na manh\u00e3 da morte, Bardot pronunciou &#8220;Pioupiou&#8221;, o apelido carinhoso que usavam entre si. &#8220;Depois disso, acabou. Um sentimento de paz tomou conta do seu rosto. Estava incrivelmente bonita, como na juventude.&#8221;<\/p>\n<p>\u00cdcone do cinema franc\u00eas e s\u00edmbolo de sensualidade dos anos 50 e 60, Brigitte Bardot retirou-se do cinema em 1973, aos 39 anos, para se dedicar \u00e0 defesa dos direitos dos animais. Apesar de pol\u00e9micas, Saint-Tropez continuar\u00e1 a v\u00ea-la como a sua mais deslumbrante embaixadora e como a mulher que encontrou ali um ref\u00fagio da fama que a tornou conhecida mundialmente.<\/p>\n","protected":false},"excerpt":{"rendered":"O \u00faltimo ato de Brigitte Bardot em Saint-Tropez reuniu familiares, amigos e admiradores numa despedida marcada por m\u00fasica,&hellip;\n","protected":false},"author":2,"featured_media":219688,"comment_status":"","ping_status":"","sticky":false,"template":"","format":"standard","meta":{"footnotes":""},"categories":[145],"tags":[23212,211,210,114,115,208,3562,32,33],"class_list":{"0":"post-219687","1":"post","2":"type-post","3":"status-publish","4":"format-standard","5":"has-post-thumbnail","7":"category-celebridades","8":"tag-brigitte-bardot","9":"tag-celebridades","10":"tag-celebrities","11":"tag-entertainment","12":"tag-entretenimento","13":"tag-franca","14":"tag-funeral","15":"tag-portugal","16":"tag-pt"},"share_on_mastodon":{"url":"https:\/\/pubeurope.com\/@pt\/115855990704109879","error":""},"_links":{"self":[{"href":"https:\/\/www.europesays.com\/pt\/wp-json\/wp\/v2\/posts\/219687","targetHints":{"allow":["GET"]}}],"collection":[{"href":"https:\/\/www.europesays.com\/pt\/wp-json\/wp\/v2\/posts"}],"about":[{"href":"https:\/\/www.europesays.com\/pt\/wp-json\/wp\/v2\/types\/post"}],"author":[{"embeddable":true,"href":"https:\/\/www.europesays.com\/pt\/wp-json\/wp\/v2\/users\/2"}],"replies":[{"embeddable":true,"href":"https:\/\/www.europesays.com\/pt\/wp-json\/wp\/v2\/comments?post=219687"}],"version-history":[{"count":0,"href":"https:\/\/www.europesays.com\/pt\/wp-json\/wp\/v2\/posts\/219687\/revisions"}],"wp:featuredmedia":[{"embeddable":true,"href":"https:\/\/www.europesays.com\/pt\/wp-json\/wp\/v2\/media\/219688"}],"wp:attachment":[{"href":"https:\/\/www.europesays.com\/pt\/wp-json\/wp\/v2\/media?parent=219687"}],"wp:term":[{"taxonomy":"category","embeddable":true,"href":"https:\/\/www.europesays.com\/pt\/wp-json\/wp\/v2\/categories?post=219687"},{"taxonomy":"post_tag","embeddable":true,"href":"https:\/\/www.europesays.com\/pt\/wp-json\/wp\/v2\/tags?post=219687"}],"curies":[{"name":"wp","href":"https:\/\/api.w.org\/{rel}","templated":true}]}}