{"id":219700,"date":"2026-01-07T21:59:16","date_gmt":"2026-01-07T21:59:16","guid":{"rendered":"https:\/\/www.europesays.com\/pt\/219700\/"},"modified":"2026-01-07T21:59:16","modified_gmt":"2026-01-07T21:59:16","slug":"ja-pode-ver-o-louco-trailer-da-nova-serie-de-ryan-murphy-nit","status":"publish","type":"post","link":"https:\/\/www.europesays.com\/pt\/219700\/","title":{"rendered":"J\u00e1 pode ver o louco trailer da nova s\u00e9rie de Ryan Murphy \u2014 NiT"},"content":{"rendered":"<p>J\u00e1 n\u00e3o h\u00e1 d\u00favidas: Ryan Murphy est\u00e1 mesmo de volta. A sua pr\u00f3xima s\u00e9rie, \u201cThe Beauty\u201d, protagonizada por Ashton Kutcher, acaba de ter direito a um novo trailer, antes da estreia em Portugal a 22 de janeiro, na Disney+.<\/p>\n<p>Logo nos primeiros segundos, Kutcher apresenta-se como The Corporation, um bilion\u00e1rio da tecnologia que se assume como \u201ca melhor publicidade\u201d de uma nova superdroga capaz de tornar qualquer pessoa irresistivelmente bonita. O problema \u00e9 que o milagre tem um custo alto e rapidamente se transforma num pesadelo.<\/p>\n<p><strong>Criada por Ryan Murphy e Matthew Hodgson, \u201cThe Beauty\u201d adapta a banda desenhada hom\u00f3nima de Jeremy Haun e Jason A. Hurley. A hist\u00f3ria come\u00e7a no mundo da alta-costura, quando supermodelos internacionais come\u00e7am a morrer de forma violenta e inexplic\u00e1vel.<\/strong> O caso leva dois agentes do FBI, Cooper Madsen (Evan Peters) e Jordan Bennett (Rebecca Hall), at\u00e9 Paris, onde descobrem que tudo est\u00e1 ligado a um v\u00edrus sexualmente transmiss\u00edvel que transforma pessoas comuns em vers\u00f5es fisicamente perfeitas de si mesmas.<\/p>\n<p>\u00c0 medida que a epidemia se espalha por cidades como Paris, Veneza, Roma e Nova Iorque, a investiga\u00e7\u00e3o conduz diretamente a The Corporation, a figura sombria interpretada por Kutcher, que criou a droga conhecida como \u201cThe Beauty\u201d e est\u00e1 disposto a tudo para proteger o seu imp\u00e9rio milion\u00e1rio. Pelo caminho surge ainda The Assassin (Anthony Ramos), o bra\u00e7o armado do magnata, e Jeremy (Jeremy Pope), um outsider que acaba apanhado no caos.<\/p>\n<p>Carregue na galeria para conhecer as melhores s\u00e9ries e temporadas que estreiam em janeiro nas plataformas de streaming e canais de televis\u00e3o.<\/p>\n","protected":false},"excerpt":{"rendered":"J\u00e1 n\u00e3o h\u00e1 d\u00favidas: Ryan Murphy est\u00e1 mesmo de volta. A sua pr\u00f3xima s\u00e9rie, \u201cThe Beauty\u201d, protagonizada por&hellip;\n","protected":false},"author":2,"featured_media":219701,"comment_status":"","ping_status":"","sticky":false,"template":"","format":"standard","meta":{"footnotes":""},"categories":[142],"tags":[114,115,32,33,151],"class_list":{"0":"post-219700","1":"post","2":"type-post","3":"status-publish","4":"format-standard","5":"has-post-thumbnail","7":"category-tv","8":"tag-entertainment","9":"tag-entretenimento","10":"tag-portugal","11":"tag-pt","12":"tag-tv"},"share_on_mastodon":{"url":"https:\/\/pubeurope.com\/@pt\/115856065313390623","error":""},"_links":{"self":[{"href":"https:\/\/www.europesays.com\/pt\/wp-json\/wp\/v2\/posts\/219700","targetHints":{"allow":["GET"]}}],"collection":[{"href":"https:\/\/www.europesays.com\/pt\/wp-json\/wp\/v2\/posts"}],"about":[{"href":"https:\/\/www.europesays.com\/pt\/wp-json\/wp\/v2\/types\/post"}],"author":[{"embeddable":true,"href":"https:\/\/www.europesays.com\/pt\/wp-json\/wp\/v2\/users\/2"}],"replies":[{"embeddable":true,"href":"https:\/\/www.europesays.com\/pt\/wp-json\/wp\/v2\/comments?post=219700"}],"version-history":[{"count":0,"href":"https:\/\/www.europesays.com\/pt\/wp-json\/wp\/v2\/posts\/219700\/revisions"}],"wp:featuredmedia":[{"embeddable":true,"href":"https:\/\/www.europesays.com\/pt\/wp-json\/wp\/v2\/media\/219701"}],"wp:attachment":[{"href":"https:\/\/www.europesays.com\/pt\/wp-json\/wp\/v2\/media?parent=219700"}],"wp:term":[{"taxonomy":"category","embeddable":true,"href":"https:\/\/www.europesays.com\/pt\/wp-json\/wp\/v2\/categories?post=219700"},{"taxonomy":"post_tag","embeddable":true,"href":"https:\/\/www.europesays.com\/pt\/wp-json\/wp\/v2\/tags?post=219700"}],"curies":[{"name":"wp","href":"https:\/\/api.w.org\/{rel}","templated":true}]}}