{"id":219789,"date":"2026-01-07T23:23:07","date_gmt":"2026-01-07T23:23:07","guid":{"rendered":"https:\/\/www.europesays.com\/pt\/219789\/"},"modified":"2026-01-07T23:23:07","modified_gmt":"2026-01-07T23:23:07","slug":"trump-retira-estados-unidos-de-mais-de-60-organizacoes-internacionais","status":"publish","type":"post","link":"https:\/\/www.europesays.com\/pt\/219789\/","title":{"rendered":"Trump retira Estados Unidos de mais de 60 organiza\u00e7\u00f5es internacionais"},"content":{"rendered":"<p>&#13;<br \/>\n<b>O presidente Donald Trump assinou esta quarta-feira uma proclama\u00e7\u00e3o que retira os Estados Unidos de 35 organiza\u00e7\u00f5es que n\u00e3o fazem parte das Na\u00e7\u00f5es Unidas e de 31 entidades da ONU que &#8220;operam em sentido contr\u00e1rio aos interesses nacionais dos EUA&#8221;.&#13;<br \/>\n<\/b>&#13;\n<\/p>\n<p>&#13;<br \/>\nO an\u00fancio foi feito pela Casa Branca em comunicado, mas n\u00e3o foi especificado quais s\u00e3o essas organiza\u00e7\u00f5es.&#13;<br \/>\n<b>A Casa Branca adiantou, no entanto, que as organiza\u00e7\u00f5es em causa promovem &#8220;pol\u00edticas clim\u00e1ticas radicais, governa\u00e7\u00e3o global e programas ideol\u00f3gicos que entram em conflito com a soberania e a for\u00e7a econ\u00f3mica dos EUA&#8221;.<\/b>&#13;\n<\/p>\n<blockquote class=\"twitter-tweet\"><p>&#13;<\/p>\n<p lang=\"en\" dir=\"ltr\">&#13;<br \/>\n\tAMERICA FIRST \ud83c\uddfa\ud83c\uddf8<\/p>\n<p>Today, President Donald J. Trump signed a Presidential Memorandum directing the withdrawal of the United States from 66 international organizations that no longer serve American interests including:<\/p>\n<p>\ud83d\udd3435-non UN organizations<br \/>&#13;<br \/>\n\t\ud83d\udd3431 UN entities <a href=\"https:\/\/t.co\/72pTyV811N\" rel=\"nofollow\">pic.twitter.com\/72pTyV811N<\/a>&#13;\n\t<\/p>\n<p>&#13;<br \/>\n\t\u2014 The White House (@WhiteHouse) <a href=\"https:\/\/twitter.com\/WhiteHouse\/status\/2009025328065466665?ref_src=twsrc%5Etfw\" rel=\"nofollow noopener\" target=\"_blank\">January 7, 2026<\/a>&#13;\n<\/p><\/blockquote>\n<p><\/p>\n<p>O <a href=\"https:\/\/www.washingtonpost.com\/politics\/2026\/01\/07\/united-nations-trump-international-organizations-withdrawal\/e2f3f882-ec15-11f0-91a9-9928b22be817_story.html\" target=\"_blank\" rel=\"nofollow noopener\">Washington Post<\/a> avan\u00e7a que esta lista inclui a ag\u00eancia da ONU para a popula\u00e7\u00e3o e o tratado das Na\u00e7\u00f5es Unidas que estabelece as negocia\u00e7\u00f5es clim\u00e1ticas internacionais.<br \/>\n<b><br \/>&#13;<br \/>\n\u201cA administra\u00e7\u00e3o Trump constatou que estas institui\u00e7\u00f5es s\u00e3o redundantes no seu \u00e2mbito, mal geridas, desnecess\u00e1rias, dispendiosas, capturadas pelos interesses de atores que promovem as suas pr\u00f3prias agendas contr\u00e1rias \u00e0s nossas, ou uma amea\u00e7a \u00e0 soberania, \u00e0s liberdades e \u00e0 prosperidade geral da nossa na\u00e7\u00e3o\u201d<\/b>, afirmou o Departamento de Estado em comunicado.<\/p>\n<p>&#8220;Estes cortes acabar\u00e3o com o financiamento e o envolvimento dos contribuintes americanos em entidades que promovem agendas globalistas em detrimento das prioridades dos EUA, ou que abordam quest\u00f5es importantes de forma ineficiente ou ineficaz, de modo a que o dinheiro dos contribuintes americanos seja melhor alocado de outras formas para apoiar as miss\u00f5es relevantes&#8221;, argumentou a Casa Branca.<\/p>\n<p>Esta \u00e9 a mais recente retirada dos EUA de ag\u00eancias globais e acontece numa altura em que Donald Trump lan\u00e7ou esfor\u00e7os militares ou emitiu amea\u00e7as que abalaram aliados e advers\u00e1rios, incluindo a captura do presidente venezuelano Nicol\u00e1s Maduro e a indica\u00e7\u00e3o de uma inten\u00e7\u00e3o de adquirir a Gronel\u00e2ndia.&#13;\n<\/p>\n<p><b>Desde o in\u00edcio do seu segundo mandato, h\u00e1 um ano, Trump tem procurado cortar drasticamente o financiamento dos EUA \u00e0 ONU.<\/b> A sua administra\u00e7\u00e3o suspendeu o envolvimento dos EUA com o Conselho de Direitos Humanos da ONU, alargou a suspens\u00e3o do financiamento \u00e0 Ag\u00eancia da ONU para Refugiados da Palestina (UNRWA) e deixou a UNESCO, a ag\u00eancia cultural da ONU. Trump anunciou tamb\u00e9m planos para deixar a Organiza\u00e7\u00e3o Mundial de Sa\u00fade (OMS) e o Acordo de Paris sobre o clima.<br \/>\n            <script async src=\"https:\/\/platform.twitter.com\/widgets.js\" charset=\"utf-8\"><\/script><\/p>\n","protected":false},"excerpt":{"rendered":"&#13; O presidente Donald Trump assinou esta quarta-feira uma proclama\u00e7\u00e3o que retira os Estados Unidos de 35 organiza\u00e7\u00f5es&hellip;\n","protected":false},"author":2,"featured_media":219790,"comment_status":"","ping_status":"","sticky":false,"template":"","format":"standard","meta":{"footnotes":""},"categories":[50],"tags":[27,28,413,15,16,14,25,26,21,22,62,12,13,19,20,910,23,24,17,18,2183,29,30,31,63,64,65],"class_list":{"0":"post-219789","1":"post","2":"type-post","3":"status-publish","4":"format-standard","5":"has-post-thumbnail","7":"category-mundo","8":"tag-breaking-news","9":"tag-breakingnews","10":"tag-eua","11":"tag-featured-news","12":"tag-featurednews","13":"tag-headlines","14":"tag-latest-news","15":"tag-latestnews","16":"tag-main-news","17":"tag-mainnews","18":"tag-mundo","19":"tag-news","20":"tag-noticias","21":"tag-noticias-principais","22":"tag-noticiasprincipais","23":"tag-onu","24":"tag-principais-noticias","25":"tag-principaisnoticias","26":"tag-top-stories","27":"tag-topstories","28":"tag-trump","29":"tag-ultimas","30":"tag-ultimas-noticias","31":"tag-ultimasnoticias","32":"tag-world","33":"tag-world-news","34":"tag-worldnews"},"share_on_mastodon":{"url":"https:\/\/pubeurope.com\/@pt\/115856395698621201","error":""},"_links":{"self":[{"href":"https:\/\/www.europesays.com\/pt\/wp-json\/wp\/v2\/posts\/219789","targetHints":{"allow":["GET"]}}],"collection":[{"href":"https:\/\/www.europesays.com\/pt\/wp-json\/wp\/v2\/posts"}],"about":[{"href":"https:\/\/www.europesays.com\/pt\/wp-json\/wp\/v2\/types\/post"}],"author":[{"embeddable":true,"href":"https:\/\/www.europesays.com\/pt\/wp-json\/wp\/v2\/users\/2"}],"replies":[{"embeddable":true,"href":"https:\/\/www.europesays.com\/pt\/wp-json\/wp\/v2\/comments?post=219789"}],"version-history":[{"count":0,"href":"https:\/\/www.europesays.com\/pt\/wp-json\/wp\/v2\/posts\/219789\/revisions"}],"wp:featuredmedia":[{"embeddable":true,"href":"https:\/\/www.europesays.com\/pt\/wp-json\/wp\/v2\/media\/219790"}],"wp:attachment":[{"href":"https:\/\/www.europesays.com\/pt\/wp-json\/wp\/v2\/media?parent=219789"}],"wp:term":[{"taxonomy":"category","embeddable":true,"href":"https:\/\/www.europesays.com\/pt\/wp-json\/wp\/v2\/categories?post=219789"},{"taxonomy":"post_tag","embeddable":true,"href":"https:\/\/www.europesays.com\/pt\/wp-json\/wp\/v2\/tags?post=219789"}],"curies":[{"name":"wp","href":"https:\/\/api.w.org\/{rel}","templated":true}]}}