{"id":219797,"date":"2026-01-07T23:29:08","date_gmt":"2026-01-07T23:29:08","guid":{"rendered":"https:\/\/www.europesays.com\/pt\/219797\/"},"modified":"2026-01-07T23:29:08","modified_gmt":"2026-01-07T23:29:08","slug":"barbara-parada-vive-momentos-de-aflicao-com-a-nova-bebe-da-familia-tinha-convulcoes-espumava-se-secret-story","status":"publish","type":"post","link":"https:\/\/www.europesays.com\/pt\/219797\/","title":{"rendered":"B\u00e1rbara Parada vive momentos de afli\u00e7\u00e3o com a nova \u00abbeb\u00e9\u00bb da fam\u00edlia: \u00abTinha convul\u00e7\u00f5es, espumava-se&#8230;\u00bb &#8211; Secret Story"},"content":{"rendered":"<p>A fam\u00edlia de <strong>B\u00e1rbara Parada<\/strong> aumentou! A <a href=\"https:\/\/tvi.iol.pt\/secretstory\/marcia-soares\/francisco-monteiro\/apos-fim-do-namoro-com-barbara-parada-francisco-monteiro-tem-encontro-com-marcia-soares-e-nao-faltaram-as-indiretas\" rel=\"nofollow noopener\" target=\"_blank\">ex-concorrente do <strong>Big Brother<\/strong><\/a> adotou uma cadelinha, Clarinha, no passado dia 27 de dezembro e, agora, decidiu apresent\u00e1-la aos f\u00e3s.<\/p>\n<p>Numa partilha nas redes sociais, B\u00e1rbara explicou que n\u00e3o apresentou a sua nova beb\u00e9 antes porque a cadelinha passou por alguns momentos muito dif\u00edceis. <strong>\u00abEla nasceu a 27 de novembro e fomos busc\u00e1-la a 27 de dezembro. Sei que ela devia ter estado mais tempo com a m\u00e3e, mas a m\u00e3e teve 14 cachorrinhos e n\u00e3o tinha leite para todos. Ela foi rejeitada e estava super magrinha<\/strong>\u00bb, come\u00e7ou por contar.<\/p>\n<p>Na primeira noite em casa da jovem,<a href=\"https:\/\/tvi.iol.pt\/secretstory\/barbara-parada\/22-12-2025\/barbara-parada-teve-o-pior-ano-da-sua-vida-mas-isto-fe-la-sorrir-e-nao-e-o-que-esta-a-pensar\" rel=\"nofollow noopener\" target=\"_blank\"> a cadelinha come\u00e7ou a preocupar os donos.<\/a> <strong>\u00abEla tinha convuls\u00f5es e espumava-se (&#8230;). No hospital veterin\u00e1rio, disseram que tinha poucas chances de sobreviver. Veio para casa e continuou a ter convuls\u00f5es, ent\u00e3o decidimos ir com ela ao veterin\u00e1rio onde costumamos ir\u00bb<\/strong>, confidenciou.<\/p>\n<p>\u00abDisseram que podia ser d\u00e9fice de a\u00e7\u00facar ou por n\u00e3o se alimentar bem h\u00e1 muito tempo. <strong>Deram-nos leitinho para c\u00e3es beb\u00e9s e ela tem estado super bem e a evoluir imenso<\/strong>\u00bb, acrescentou.<\/p>\n<p>Por esse mesmo motivo, B\u00e1rbara Parada deu um &#8220;cognome&#8221; \u00e0 sua nova beb\u00e9, que se junta agora a Martim, o outro c\u00e3o da influencer. <strong>\u00abClarinha, a Guerreira\u00bb<\/strong>, foi assim que a jovem apresentou a nova amiguinha de quatro patas aos f\u00e3s.<\/p>\n<p><strong>Veja tudo aqui:<\/strong><\/p>\n<blockquote class=\"instagram-media\" data-instgrm-captioned=\"\" data-instgrm-permalink=\"https:\/\/www.instagram.com\/p\/DTLgqr0jAZ5\/?utm_source=ig_embed&amp;utm_campaign=loading\" data-instgrm-version=\"14\" style=\" background:#FFF; border:0; border-radius:3px; box-shadow:0 0 1px 0 rgba(0,0,0,0.5),0 1px 10px 0 rgba(0,0,0,0.15); margin: 1px; max-width:540px; min-width:326px; padding:0; width:99.375%; width:-webkit-calc(100% - 2px); width:calc(100% - 2px);\">\n<\/blockquote>\n<p>                        <script async src=\"\/\/www.instagram.com\/embed.js\"><\/script><\/p>\n","protected":false},"excerpt":{"rendered":"A fam\u00edlia de B\u00e1rbara Parada aumentou! A ex-concorrente do Big Brother adotou uma cadelinha, Clarinha, no passado dia&hellip;\n","protected":false},"author":2,"featured_media":195236,"comment_status":"","ping_status":"","sticky":false,"template":"","format":"standard","meta":{"footnotes":""},"categories":[142],"tags":[2151,18706,114,115,18705,32,33,11076,151,18704],"class_list":{"0":"post-219797","1":"post","2":"type-post","3":"status-publish","4":"format-standard","5":"has-post-thumbnail","7":"category-tv","8":"tag-barbara-parada","9":"tag-bastidores-secret-story","10":"tag-entertainment","11":"tag-entretenimento","12":"tag-entrevistas-concorrentes-tvi","13":"tag-portugal","14":"tag-pt","15":"tag-susto","16":"tag-tv","17":"tag-vida-fora-da-casa"},"share_on_mastodon":{"url":"https:\/\/pubeurope.com\/@pt\/115856419620636247","error":""},"_links":{"self":[{"href":"https:\/\/www.europesays.com\/pt\/wp-json\/wp\/v2\/posts\/219797","targetHints":{"allow":["GET"]}}],"collection":[{"href":"https:\/\/www.europesays.com\/pt\/wp-json\/wp\/v2\/posts"}],"about":[{"href":"https:\/\/www.europesays.com\/pt\/wp-json\/wp\/v2\/types\/post"}],"author":[{"embeddable":true,"href":"https:\/\/www.europesays.com\/pt\/wp-json\/wp\/v2\/users\/2"}],"replies":[{"embeddable":true,"href":"https:\/\/www.europesays.com\/pt\/wp-json\/wp\/v2\/comments?post=219797"}],"version-history":[{"count":0,"href":"https:\/\/www.europesays.com\/pt\/wp-json\/wp\/v2\/posts\/219797\/revisions"}],"wp:featuredmedia":[{"embeddable":true,"href":"https:\/\/www.europesays.com\/pt\/wp-json\/wp\/v2\/media\/195236"}],"wp:attachment":[{"href":"https:\/\/www.europesays.com\/pt\/wp-json\/wp\/v2\/media?parent=219797"}],"wp:term":[{"taxonomy":"category","embeddable":true,"href":"https:\/\/www.europesays.com\/pt\/wp-json\/wp\/v2\/categories?post=219797"},{"taxonomy":"post_tag","embeddable":true,"href":"https:\/\/www.europesays.com\/pt\/wp-json\/wp\/v2\/tags?post=219797"}],"curies":[{"name":"wp","href":"https:\/\/api.w.org\/{rel}","templated":true}]}}