{"id":219798,"date":"2026-01-07T23:30:10","date_gmt":"2026-01-07T23:30:10","guid":{"rendered":"https:\/\/www.europesays.com\/pt\/219798\/"},"modified":"2026-01-07T23:30:10","modified_gmt":"2026-01-07T23:30:10","slug":"k-pop-stray-kids-lanca-documentario-veja-ingressos-07-01-2026-cinema","status":"publish","type":"post","link":"https:\/\/www.europesays.com\/pt\/219798\/","title":{"rendered":"K-pop: Stray Kids lan\u00e7a document\u00e1rio; veja ingressos &#8211; 07\/01\/2026 &#8211; Cinema"},"content":{"rendered":"<p>  S\u00e3o Paulo<\/p>\n<p>      Um document\u00e1rio sobre o grupo coreano <a href=\"https:\/\/www1.folha.uol.com.br\/ilustrada\/2025\/11\/stray-kids-sucesso-do-k-pop-marcara-a-estreia-do-genero-no-rock-in-rio-em-2026.shtml\" rel=\"nofollow noopener\" target=\"\">Stray Kids<\/a> chega aos cinemas brasileiros no dia 5 de fevereiro. A produ\u00e7\u00e3o, narrada pelos oito integrantes da banda, apresenta um filme-concerto gravado durante os shows do grupo no <a href=\"https:\/\/www1.folha.uol.com.br\/esporte\/2024\/06\/los-angeles-2028-colocara-piscina-em-estadio-da-nfl-e-natacao-olimpica-tera-publico-de-38-mil.shtml\" rel=\"nofollow noopener\" target=\"\">SoFi Stadium,<\/a> nos Estados Unidos, e cenas de bastidores.\n    <\/p>\n<p>    <img decoding=\"async\" src=\"https:\/\/www.europesays.com\/pt\/wp-content\/uploads\/2026\/01\/174397565367f2f4e54fa9a_1743975653_3x2_md.jpg\" alt=\"A imagem mostra um palco de show com uma estrutura grande e futurista, que se assemelha a uma boca aberta. Sete artistas vestidos de branco est\u00e3o em p\u00e9 no centro do palco, com luzes azuis e brancas iluminando a cena. O fundo \u00e9 escuro, destacando a ilumina\u00e7\u00e3o do palco.\"  loading=\"lazy\" class=\"c-image\"\/><\/p>\n<p>    Show do grupo coreano Stray Kids no est\u00e1dio Morumbis, em S\u00e3o Paulo<\/p>\n<p>          &#8211;<br \/>\n          Diego Castanho\/Divulga\u00e7\u00e3o<\/p>\n<p>Com distribui\u00e7\u00e3o da Universal Pictures, a exibi\u00e7\u00e3o de &#8220;Stray Kids: The dominATE Experience&#8221; acontece em grandes redes de <a href=\"https:\/\/guia.folha.uol.com.br\/cinema\" rel=\"nofollow noopener\" target=\"\">cinema<\/a> como UCI, Cin\u00e9polis, Kinoplex e Cinesystem. As sess\u00f5es j\u00e1 est\u00e3o em pr\u00e9-venda. No site <a href=\"https:\/\/www.ingresso.com\/filme\/stray-kids-the-dominate-experience\/sessoes\" rel=\"nofollow noopener\" target=\"_blank\">Ingresso.com<\/a>, est\u00e3o dispon\u00edveis entradas inteiras por a partir de R$ 68,39.<\/p>\n<p>O grupo, formado por Bang Chan, Changbin, Han, Lee Know, Hyunjin, Felix, Seungmin e I.N., cantou no est\u00e1dio Morumbis, em S\u00e3o Paulo, em abril. A banda, atra\u00e7\u00e3o <a href=\"https:\/\/www1.folha.uol.com.br\/ilustrada\/2025\/11\/stray-kids-sucesso-do-k-pop-marcara-a-estreia-do-genero-no-rock-in-rio-em-2026.shtml\" rel=\"nofollow noopener\" target=\"_blank\">do Rock in Rio 2026<\/a>, assina faixas como &#8220;Wolfgang&#8221; e &#8220;Miroh&#8221;.<\/p>\n<p>      <a href=\"https:\/\/tools.folha.com.br\/send?url=https%3A%2F%2Ffotografia.folha.uol.com.br%2Fgalerias%2F1822436754294266-veja-shows-de-k-pop-exibidos-no-cinema-no-brasil%26utm_source%3Demail%26utm_medium%3Dsocial%26utm_campaign%3Dcompemail%26site%3Demcimadahora\" class=\"c-button -filled c-button-social -brand -email\" aria-label=\"E-mail\" data-slug=\"email\" slug=\"email\" title=\"E-mail\" data-metrics=\"click\" data-metric-category=\"botoes\" data-metric-label=\"share-galeriafim-email\" rel=\"nofollow noopener\" target=\"_blank\"><\/p>\n<p>      <\/a><\/p>\n","protected":false},"excerpt":{"rendered":"S\u00e3o Paulo Um document\u00e1rio sobre o grupo coreano Stray Kids chega aos cinemas brasileiros no dia 5 de&hellip;\n","protected":false},"author":2,"featured_media":219799,"comment_status":"","ping_status":"","sticky":false,"template":"","format":"standard","meta":{"footnotes":""},"categories":[141],"tags":[207,470,3092,114,115,761,1688,149,150,214,32,33,15054,600],"class_list":{"0":"post-219798","1":"post","2":"type-post","3":"status-publish","4":"format-standard","5":"has-post-thumbnail","7":"category-musica","8":"tag-arte","9":"tag-cinema","10":"tag-coreia-do-sul","11":"tag-entertainment","12":"tag-entretenimento","13":"tag-guia-folha","14":"tag-k-pop","15":"tag-music","16":"tag-musica","17":"tag-pop","18":"tag-portugal","19":"tag-pt","20":"tag-stray-kids","21":"tag-veja-video"},"share_on_mastodon":{"url":"https:\/\/pubeurope.com\/@pt\/115856423427013826","error":""},"_links":{"self":[{"href":"https:\/\/www.europesays.com\/pt\/wp-json\/wp\/v2\/posts\/219798","targetHints":{"allow":["GET"]}}],"collection":[{"href":"https:\/\/www.europesays.com\/pt\/wp-json\/wp\/v2\/posts"}],"about":[{"href":"https:\/\/www.europesays.com\/pt\/wp-json\/wp\/v2\/types\/post"}],"author":[{"embeddable":true,"href":"https:\/\/www.europesays.com\/pt\/wp-json\/wp\/v2\/users\/2"}],"replies":[{"embeddable":true,"href":"https:\/\/www.europesays.com\/pt\/wp-json\/wp\/v2\/comments?post=219798"}],"version-history":[{"count":0,"href":"https:\/\/www.europesays.com\/pt\/wp-json\/wp\/v2\/posts\/219798\/revisions"}],"wp:featuredmedia":[{"embeddable":true,"href":"https:\/\/www.europesays.com\/pt\/wp-json\/wp\/v2\/media\/219799"}],"wp:attachment":[{"href":"https:\/\/www.europesays.com\/pt\/wp-json\/wp\/v2\/media?parent=219798"}],"wp:term":[{"taxonomy":"category","embeddable":true,"href":"https:\/\/www.europesays.com\/pt\/wp-json\/wp\/v2\/categories?post=219798"},{"taxonomy":"post_tag","embeddable":true,"href":"https:\/\/www.europesays.com\/pt\/wp-json\/wp\/v2\/tags?post=219798"}],"curies":[{"name":"wp","href":"https:\/\/api.w.org\/{rel}","templated":true}]}}