{"id":219806,"date":"2026-01-07T23:35:42","date_gmt":"2026-01-07T23:35:42","guid":{"rendered":"https:\/\/www.europesays.com\/pt\/219806\/"},"modified":"2026-01-07T23:35:42","modified_gmt":"2026-01-07T23:35:42","slug":"microsoft-prepara-demissao-massiva-para-investir-ainda-mais-em-ia-rumor","status":"publish","type":"post","link":"https:\/\/www.europesays.com\/pt\/219806\/","title":{"rendered":"Microsoft prepara demiss\u00e3o massiva para investir ainda mais em IA [RUMOR]"},"content":{"rendered":"<p>\t\t\t    <img data-perfmatters-preload=\"\" width=\"910\" height=\"568\" src=\"https:\/\/www.europesays.com\/pt\/wp-content\/uploads\/2026\/01\/Microsoft-Demissao-Massiva-Custos-IA-912x569.jpg\" class=\"attachment-910x568 size-910x568\" alt=\"Microsoft prepara demiss\u00e3o massiva para lidar com aumentos de custos da IA [RUMOR]\"   decoding=\"async\" fetchpriority=\"high\"\/>Cr\u00e9ditos: Divulga\u00e7\u00e3o\/Microsoft\t    <\/p>\n<p>Ap\u00f3s demitir <a href=\"https:\/\/www.adrenaline.com.br\/microsoft\/microsoft-anuncia-demissao-de-3-de-sua-forca-de-trabalho-global\/\" rel=\"nofollow noopener\" target=\"_blank\">mais de 20 mil pessoas em 2025<\/a>, a <a href=\"https:\/\/www.adrenaline.com.br\/microsoft\/\" target=\"_blank\" title=\"Microsoft\" rel=\"nofollow noopener\">Microsoft<\/a> parece estrar se preparando para repetir a dose no come\u00e7o deste ano. Segundo o TipRanks, a companhia comandada por Satya Nadella <strong>j\u00e1 se prepara para eliminar entre 11 mil e 22 funcion\u00e1rios de diferentes divis\u00f5es e locais do mundo<\/strong>.<\/p>\n<p>Com isso, a empresa deve reduzir em um \u00fanico momento entre 5% e 10% de sua for\u00e7a de trabalho global. A expectativa \u00e9 que as demiss\u00f5es devem ser anunciadas oficialmente na terceira semana de janeiro, afetando divis\u00f5es como o Azure, a Xbox e o setor de vendas da corpora\u00e7\u00e3o.<\/p>\n<p><img loading=\"lazy\" decoding=\"async\" width=\"1200\" height=\"800\" alt=\"Microsoft prepara demiss\u00e3o massiva para lidar com aumentos de custos da IA [RUMOR]\" class=\"wp-image-642763 perfmatters-lazy\" src=\"https:\/\/www.europesays.com\/pt\/wp-content\/uploads\/2026\/01\/Microsoft-Demissao-Massiva-Custos-IA-02.jpg\"  data-\/>Sob Satya Nadella, demiss\u00f5es anuais viraram tradi\u00e7\u00e3o na Microsoft. Imagem: Divulga\u00e7\u00e3o\/Microsoft<\/p>\n<p>Segundo o TipRanks, <strong>a decis\u00e3o n\u00e3o acontece devido a uma queda nas receitas ou lucros da Microsoft<\/strong>, que seguem forte. Ela \u00e9 fruto do fato de que a companhia tem enfrentado custos crescentes em seu neg\u00f3cio de intelig\u00eancia artificial (IA) e, por isso, decidiu desinvestir de \u00e1reas consideradas menos importantes para concentrar seus fundos nesse segmento.<\/p>\n<p>Microsoft deve mais do que dobrar seus investimentos em IA<\/p>\n<p>Em 2025, a Microsoft investiu cerca de US$ 34,9 bilh\u00f5es no segmento de IA, e se prepara para intensificar ainda mais seus esfor\u00e7os na \u00e1rea. A previs\u00e3o \u00e9 que, nos pr\u00f3ximos meses, <strong>ela dedique US$ 80 bilh\u00f5es ao segmento<\/strong>, que v\u00ea como essencial para seu futuro e sobreviv\u00eancia.<\/p>\n<p>A maior parte desse valor vai ser investida no financiamento de centros de dados, chips de \u00faltima gera\u00e7\u00e3o e <a href=\"https:\/\/www.adrenaline.com.br\/microsoft\/windows\/alem-de-abrir-brechas-de-seguranca-agentes-de-ia-do-windows-11-alucinam\/\" rel=\"nofollow noopener\" target=\"_blank\">no desenvolvimento de novas ferramentas<\/a>. Assim, profissionais que trabalham na \u00e1rea devem ser os menos afetados pela decis\u00e3o da corpora\u00e7\u00e3o \u2014 j\u00e1 aqueles que trabalham em produtos mais antigos correm mais riscos.<\/p>\n<p><img loading=\"lazy\" decoding=\"async\" width=\"973\" height=\"532\" alt=\"Microsoft prepara demiss\u00e3o massiva para lidar com aumentos de custos da IA [RUMOR]\" class=\"wp-image-642762 perfmatters-lazy\" src=\"https:\/\/www.europesays.com\/pt\/wp-content\/uploads\/2026\/01\/Microsoft-Demissao-Massiva-Custos-IA-01.jpg\"  data-\/>A empresa vai dobrar seus investimentos em IA generativa. Imagem: Reprodu\u00e7\u00e3o\/TipRanks<\/p>\n<p>A Microsoft tamb\u00e9m deve tomar outras medidas que t\u00eam como objetivo pressionar alguns funcion\u00e1rios para que eles se demitam voluntariamente.<strong> Entre elas, est\u00e1 uma maior restri\u00e7\u00e3o ao trabalho remoto<\/strong>. A partir de fevereiro deste ano, aqueles que moram em dist\u00e2ncias de at\u00e9 80 quil\u00f4metros de um escrit\u00f3rio v\u00e3o ter que visit\u00e1-lo pelo menos tr\u00eas dias por semana.<\/p>\n<p>Caso a corpora\u00e7\u00e3o siga a \u201ctradi\u00e7\u00e3o\u201d que estabeleceu em anos anteriores, essa n\u00e3o deve ser seu \u00fanico grande corte nos pr\u00f3ximos meses. Em 2025, ela realizou rodadas de demiss\u00f5es em janeiro, maio e julho, que trouxeram grandes efeitos em divis\u00f5es como a Xbox, que<a href=\"https:\/\/www.adrenaline.com.br\/microsoft\/microsoft-inicia-demissao-massiva-de-9-mil-pessoas-estudios-xbox-vao-ser-bastante-afetados\/\" rel=\"nofollow noopener\" target=\"_blank\"> testemunhou o fechamento de est\u00fadios<\/a> e o cancelamento de v\u00e1rios projetos.<\/p>\n<p>Fonte: <a href=\"https:\/\/www.tipranks.com\/news\/microsoft-msft-eyes-major-january-layoffs-as-ai-costs-rise\" target=\"_blank\" rel=\"noreferrer noopener nofollow\">TipRanks<\/a><\/p>\n<p>\t\t<img loading=\"lazy\" width=\"210\" height=\"270\" class=\"attachment-210x270 size-210x270 perfmatters-lazy\" alt=\"Participe do grupo de ofertas do Adrenaline\" decoding=\"async\" src=\"https:\/\/www.europesays.com\/pt\/wp-content\/uploads\/2025\/12\/Banner-Adrena-Mobile-normal-210x270.png\"  data-\/>\t<\/p>\n<p>\t\t\tParticipe do grupo de ofertas do Adrenaline\t\t<\/p>\n<p class=\"single-text-informative-content-description mb-24 p-desk\">\n\t\t\tConfira as principais ofertas de hardware, componentes e outros eletr\u00f4nicos que encontramos pela internet. Placa de v\u00eddeo, placa-m\u00e3e, mem\u00f3ria RAM e tudo que voc\u00ea precisa para montar o seu PC. Ao participar do nosso grupo, voc\u00ea recebe promo\u00e7\u00f5es diariamente e tem acesso antecipado a cupons de desconto.\t\t<\/p>\n<p>\t\t<a class=\"btn-veja-mais btn-veja-mais-red\" href=\"https:\/\/adrena.click\/ofertas\" title=\"Conte\u00fado informativo\" target=\"_blank\" style=\"background: green;\" rel=\"nofollow noopener\"><br \/>\n\t\t\tEntre no grupo e aproveite as promo\u00e7\u00f5es\t\t<\/a><\/p>\n","protected":false},"excerpt":{"rendered":"Cr\u00e9ditos: Divulga\u00e7\u00e3o\/Microsoft Ap\u00f3s demitir mais de 20 mil pessoas em 2025, a Microsoft parece estrar se preparando para&hellip;\n","protected":false},"author":2,"featured_media":219807,"comment_status":"","ping_status":"","sticky":false,"template":"","format":"standard","meta":{"footnotes":""},"categories":[84],"tags":[109,107,108,11802,34482,933,42609,906,32,33,42610,105,103,104,106,110],"class_list":{"0":"post-219806","1":"post","2":"type-post","3":"status-publish","4":"format-standard","5":"has-post-thumbnail","7":"category-ciencia-e-tecnologia","8":"tag-ciencia","9":"tag-ciencia-e-tecnologia","10":"tag-cienciaetecnologia","11":"tag-demissoes","12":"tag-ia-generativa","13":"tag-inteligencia-artificial","14":"tag-mercado-de-tecnologia","15":"tag-microsoft","16":"tag-portugal","17":"tag-pt","18":"tag-satya-nadella","19":"tag-science","20":"tag-science-and-technology","21":"tag-scienceandtechnology","22":"tag-technology","23":"tag-tecnologia"},"share_on_mastodon":{"url":"https:\/\/pubeurope.com\/@pt\/115856442995042583","error":""},"_links":{"self":[{"href":"https:\/\/www.europesays.com\/pt\/wp-json\/wp\/v2\/posts\/219806","targetHints":{"allow":["GET"]}}],"collection":[{"href":"https:\/\/www.europesays.com\/pt\/wp-json\/wp\/v2\/posts"}],"about":[{"href":"https:\/\/www.europesays.com\/pt\/wp-json\/wp\/v2\/types\/post"}],"author":[{"embeddable":true,"href":"https:\/\/www.europesays.com\/pt\/wp-json\/wp\/v2\/users\/2"}],"replies":[{"embeddable":true,"href":"https:\/\/www.europesays.com\/pt\/wp-json\/wp\/v2\/comments?post=219806"}],"version-history":[{"count":0,"href":"https:\/\/www.europesays.com\/pt\/wp-json\/wp\/v2\/posts\/219806\/revisions"}],"wp:featuredmedia":[{"embeddable":true,"href":"https:\/\/www.europesays.com\/pt\/wp-json\/wp\/v2\/media\/219807"}],"wp:attachment":[{"href":"https:\/\/www.europesays.com\/pt\/wp-json\/wp\/v2\/media?parent=219806"}],"wp:term":[{"taxonomy":"category","embeddable":true,"href":"https:\/\/www.europesays.com\/pt\/wp-json\/wp\/v2\/categories?post=219806"},{"taxonomy":"post_tag","embeddable":true,"href":"https:\/\/www.europesays.com\/pt\/wp-json\/wp\/v2\/tags?post=219806"}],"curies":[{"name":"wp","href":"https:\/\/api.w.org\/{rel}","templated":true}]}}