{"id":219812,"date":"2026-01-07T23:38:20","date_gmt":"2026-01-07T23:38:20","guid":{"rendered":"https:\/\/www.europesays.com\/pt\/219812\/"},"modified":"2026-01-07T23:38:20","modified_gmt":"2026-01-07T23:38:20","slug":"casal-ferido-em-acidente-recorreu-ao-hospital-horas-depois","status":"publish","type":"post","link":"https:\/\/www.europesays.com\/pt\/219812\/","title":{"rendered":"Casal ferido em acidente recorreu ao hospital horas depois"},"content":{"rendered":"\n<p class=\"p_0\">Um homem e uma mulher ficaram feridos na sequ\u00eancia de um acidente de via\u00e7\u00e3o ocorrido na madrugada desta quarta-feira, apurou o JM. O sinistro deu-se ainda antes das 7 horas, no Caminho das Courelas, quando ambos seguiam numa viatura ligeira.<\/p>\n<p class=\"p_1\">Na altura do acidente, os dois ocupantes afirmaram n\u00e3o apresentar ferimentos, motivo pelo qual n\u00e3o receberam assist\u00eancia pr\u00e9-hospitalar imediata. Logo ap\u00f3s o acidente, seguiram para casa.<\/p>\n<p class=\"p_2\">No entanto, mais de duas horas depois, come\u00e7aram a manifestar sintomas associados ao impacto sofrido, o que levou ao acionamento dos meios de socorro, atrav\u00e9s do 112.<\/p>\n<p class=\"p_3\">Segundo fonte hospitalar, contactada pelo JM, os feridos deram entrada no servi\u00e7o de urg\u00eancia do Hospital Dr. N\u00e9lio Mendon\u00e7a j\u00e1 depois das 10 horas da manh\u00e3 desta quarta-feira, ap\u00f3s terem sido inicialmente assistidos nas suas resid\u00eancias devido a dores de origem traum\u00e1tica.<\/p>\n<p class=\"p_4\">O homem, de 34 anos, queixava-se de dores tor\u00e1cicas, alegadamente provocadas pelo impacto do cinto de seguran\u00e7a no momento da colis\u00e3o, enquanto a mulher, de 27 anos, apresentava traumatismos na face.<\/p>\n<p class=\"p_5\">Ambos foram socorridos no domic\u00edlio pela equipa de socorristas e transportados para a principal unidade hospitalar do Funchal numa ambul\u00e2ncia da Cruz Vermelha Portuguesa (CVP). Ficaram em observa\u00e7\u00e3o e tratamento no servi\u00e7o de urg\u00eancias do hospital Dr. N\u00e9lio Mendon\u00e7a.<\/p>\n","protected":false},"excerpt":{"rendered":"Um homem e uma mulher ficaram feridos na sequ\u00eancia de um acidente de via\u00e7\u00e3o ocorrido na madrugada desta&hellip;\n","protected":false},"author":2,"featured_media":219813,"comment_status":"","ping_status":"","sticky":false,"template":"","format":"standard","meta":{"footnotes":""},"categories":[10],"tags":[27,28,15,16,14,1789,25,26,21,22,12,13,19,20,32,23,24,33,17,18,29,30,31],"class_list":{"0":"post-219812","1":"post","2":"type-post","3":"status-publish","4":"format-standard","5":"has-post-thumbnail","7":"category-portugal","8":"tag-breaking-news","9":"tag-breakingnews","10":"tag-featured-news","11":"tag-featurednews","12":"tag-headlines","13":"tag-hospital","14":"tag-latest-news","15":"tag-latestnews","16":"tag-main-news","17":"tag-mainnews","18":"tag-news","19":"tag-noticias","20":"tag-noticias-principais","21":"tag-noticiasprincipais","22":"tag-portugal","23":"tag-principais-noticias","24":"tag-principaisnoticias","25":"tag-pt","26":"tag-top-stories","27":"tag-topstories","28":"tag-ultimas","29":"tag-ultimas-noticias","30":"tag-ultimasnoticias"},"share_on_mastodon":{"url":"https:\/\/pubeurope.com\/@pt\/115856455014833972","error":""},"_links":{"self":[{"href":"https:\/\/www.europesays.com\/pt\/wp-json\/wp\/v2\/posts\/219812","targetHints":{"allow":["GET"]}}],"collection":[{"href":"https:\/\/www.europesays.com\/pt\/wp-json\/wp\/v2\/posts"}],"about":[{"href":"https:\/\/www.europesays.com\/pt\/wp-json\/wp\/v2\/types\/post"}],"author":[{"embeddable":true,"href":"https:\/\/www.europesays.com\/pt\/wp-json\/wp\/v2\/users\/2"}],"replies":[{"embeddable":true,"href":"https:\/\/www.europesays.com\/pt\/wp-json\/wp\/v2\/comments?post=219812"}],"version-history":[{"count":0,"href":"https:\/\/www.europesays.com\/pt\/wp-json\/wp\/v2\/posts\/219812\/revisions"}],"wp:featuredmedia":[{"embeddable":true,"href":"https:\/\/www.europesays.com\/pt\/wp-json\/wp\/v2\/media\/219813"}],"wp:attachment":[{"href":"https:\/\/www.europesays.com\/pt\/wp-json\/wp\/v2\/media?parent=219812"}],"wp:term":[{"taxonomy":"category","embeddable":true,"href":"https:\/\/www.europesays.com\/pt\/wp-json\/wp\/v2\/categories?post=219812"},{"taxonomy":"post_tag","embeddable":true,"href":"https:\/\/www.europesays.com\/pt\/wp-json\/wp\/v2\/tags?post=219812"}],"curies":[{"name":"wp","href":"https:\/\/api.w.org\/{rel}","templated":true}]}}