{"id":219826,"date":"2026-01-07T23:48:09","date_gmt":"2026-01-07T23:48:09","guid":{"rendered":"https:\/\/www.europesays.com\/pt\/219826\/"},"modified":"2026-01-07T23:48:09","modified_gmt":"2026-01-07T23:48:09","slug":"ator-amigo-de-maycon-faz-partilha-de-partir-o-coracao-so-deus-sabe-o-que-nos-passamos-primeira-companhia","status":"publish","type":"post","link":"https:\/\/www.europesays.com\/pt\/219826\/","title":{"rendered":"Ator amigo de Maycon faz partilha de partir o cora\u00e7\u00e3o: \u00abS\u00f3 Deus sabe o que n\u00f3s passamos\u00bb &#8211; Primeira Companhia"},"content":{"rendered":"<p><strong>Diogo Carmona<\/strong>, amigo de <strong>Maycon Douglas<\/strong> recorreu ao Instagram para fazer uma partilha emotiva depois de tomar conhecimento do falecimento do colega.<\/p>\n<p>O ator dos Morangos com A\u00e7\u00facar era amigo de Maycon e n\u00e3o hesitou em prestar uma \u00faltima homenagem ao ex concorrente do Secret Story 9: <strong>\u00abS\u00f3 Deus sabe o que n\u00f3s passamos. Nunca ser\u00e1s esquecido \u2764\ufe0f\u00bb<\/strong>.<\/p>\n<p>Diogo Carmona e Maycon Douglas tinham em comum o gosto pelo skate.<\/p>\n<p>A confirma\u00e7\u00e3o da morte do jovem foi comunicada esta tarde e as primeiras mensagens por parte de quem lhe era mais pr\u00f3ximo j\u00e1 come\u00e7aram a surgir.\u00a0<\/p>\n<p>Veja a imagem.<\/p>\n<p><img loading=\"lazy\" decoding=\"async\" alt=\"\" height=\"500\" src=\"https:\/\/www.europesays.com\/pt\/wp-content\/uploads\/2026\/01\/695ea08ed34e0ec52ec1cfb0.webp\" width=\"282\"\/><\/p>\n","protected":false},"excerpt":{"rendered":"Diogo Carmona, amigo de Maycon Douglas recorreu ao Instagram para fazer uma partilha emotiva depois de tomar conhecimento&hellip;\n","protected":false},"author":2,"featured_media":219827,"comment_status":"","ping_status":"","sticky":false,"template":"","format":"standard","meta":{"footnotes":""},"categories":[85],"tags":[41536,42615,114,115,18705,41187,32,33,41535],"class_list":{"0":"post-219826","1":"post","2":"type-post","3":"status-publish","4":"format-standard","5":"has-post-thumbnail","7":"category-entretenimento","8":"tag-bastidores-da-recruta","9":"tag-diogo-carmona","10":"tag-entertainment","11":"tag-entretenimento","12":"tag-entrevistas-concorrentes-tvi","13":"tag-maycon","14":"tag-portugal","15":"tag-pt","16":"tag-vida-fora-da-base"},"share_on_mastodon":{"url":"https:\/\/pubeurope.com\/@pt\/115856494241177235","error":""},"_links":{"self":[{"href":"https:\/\/www.europesays.com\/pt\/wp-json\/wp\/v2\/posts\/219826","targetHints":{"allow":["GET"]}}],"collection":[{"href":"https:\/\/www.europesays.com\/pt\/wp-json\/wp\/v2\/posts"}],"about":[{"href":"https:\/\/www.europesays.com\/pt\/wp-json\/wp\/v2\/types\/post"}],"author":[{"embeddable":true,"href":"https:\/\/www.europesays.com\/pt\/wp-json\/wp\/v2\/users\/2"}],"replies":[{"embeddable":true,"href":"https:\/\/www.europesays.com\/pt\/wp-json\/wp\/v2\/comments?post=219826"}],"version-history":[{"count":0,"href":"https:\/\/www.europesays.com\/pt\/wp-json\/wp\/v2\/posts\/219826\/revisions"}],"wp:featuredmedia":[{"embeddable":true,"href":"https:\/\/www.europesays.com\/pt\/wp-json\/wp\/v2\/media\/219827"}],"wp:attachment":[{"href":"https:\/\/www.europesays.com\/pt\/wp-json\/wp\/v2\/media?parent=219826"}],"wp:term":[{"taxonomy":"category","embeddable":true,"href":"https:\/\/www.europesays.com\/pt\/wp-json\/wp\/v2\/categories?post=219826"},{"taxonomy":"post_tag","embeddable":true,"href":"https:\/\/www.europesays.com\/pt\/wp-json\/wp\/v2\/tags?post=219826"}],"curies":[{"name":"wp","href":"https:\/\/api.w.org\/{rel}","templated":true}]}}