{"id":219842,"date":"2026-01-08T00:00:20","date_gmt":"2026-01-08T00:00:20","guid":{"rendered":"https:\/\/www.europesays.com\/pt\/219842\/"},"modified":"2026-01-08T00:00:20","modified_gmt":"2026-01-08T00:00:20","slug":"sp-braga-derrota-benfica-e-final-da-taca-da-liga-sera-minhota-cronica-de-jogo","status":"publish","type":"post","link":"https:\/\/www.europesays.com\/pt\/219842\/","title":{"rendered":"Sp. Braga derrota Benfica e final da Ta\u00e7a da Liga ser\u00e1 minhota | Cr\u00f3nica de jogo"},"content":{"rendered":"<p>Espanhol de nascimento, uruguaio como nacionalidade futebol\u00edstica, Rodrigo Zalazar j\u00e1 n\u00e3o \u00e9 nenhuma novidade no futebol portugu\u00eas. Ele j\u00e1 anda a animar o ataque do Sp. Braga h\u00e1 duas \u00e9pocas e meia, discretamente a afirmar-se como um dos melhores jogadores estrangeiros em Portugal \u2013 se algu\u00e9m perguntar por ele, Ant\u00f3nio Salvador vai pedir muito. De certeza que Jos\u00e9 Mourinho gostaria de ter um jogador destes no Benfica. N\u00e3o s\u00f3 faria a diferen\u00e7a nos \u201cencarnados\u201d, como n\u00e3o estaria do outro lado a fazer o que fez nesta quarta-feira em Leiria. Um golo e uma assist\u00eancia no triunfo por 3-1 do Sp. Braga que valeu o bilhete para uma in\u00e9dita final minhota da Ta\u00e7a da Liga com o Vit\u00f3ria de Guimar\u00e3es.<\/p>\n<p>Dez dias depois do confronto para o campeonato que deu empate (2-2), Sp. Braga e Benfica voltavam a defrontar-se, desta vez para aceder a uma final, e o plano parecia igual em ambos, Sp. Braga a apostar num controlo do jogo atrav\u00e9s da posse, Benfica a povoar o jogo com m\u00e9dios (nada menos que cinco), esperando que pudesse ser o suficiente para provocar o erro dos minhotos na constru\u00e7\u00e3o. E era aqui que estava a diferen\u00e7a \u2013 Carlos Vincens tinha criatividade para meter em pr\u00e1tica o seu plano, Mourinho s\u00f3 tinha m\u00fasculo.<\/p>\n<p>A primeira aproxima\u00e7\u00e3o com perigo at\u00e9 foi do Benfica, logo aos 4\u2019, com uma incurs\u00e3o de Dedic pela direita que resultou num cruzamento para Pavlidis \u2013 o grego visou a baliza, Hornicek fez uma grande defesa. Foi o \u00fanico grande momento ofensivo do Benfica na primeira parte. Depois, s\u00f3 deu Sp. Braga, ou melhor, s\u00f3 deu Zalazar. O primeiro grande susto provocado pelo internacional uruguaio aconteceu aos 9\u2019. Furou pela defesa \u201cencarnada\u201d e, \u00e0 entrada da \u00e1rea, foi derrubado por Otamendi \u2013 a primeira decis\u00e3o de Jo\u00e3o Pinheiro foi assinalar pen\u00e1lti, mas as imagens mostraram que a falta (clara) foi fora da \u00e1rea.<\/p>\n<p>        &#13;<br \/>\n            &#13;<\/p>\n<p>O golo n\u00e3o iria demorar muito mais. Aos 19\u2019, Zalazar, lan\u00e7ado por Lagerbielke, disparou pelo flanco direito, encarou Otamendi com descaramento e meteu a bola na \u00e1rea. Tom\u00e1s Ara\u00fajo estava na patrulha, leu mal o lance e deixou Pau Victor \u00e0 vontade para fazer o 1-0 com um remate cruzado sem hip\u00f3tese para Trubin. Mais um golo do ex-Barcelona, o seu oitavo da \u00e9poca, mas todo o m\u00e9rito da jogada doi do criativo uruguaio. E ele n\u00e3o iria ficar por aqui.<\/p>\n<p>        &#13;<br \/>\n            &#13;<\/p>\n<p>Aos 33\u2019, foi o pr\u00f3prio Zalazar que pegou na bola e decidiu que tinha de ser ele a decidir sozinho. A partir do seu pr\u00f3prio meio-campo, o sul-americano desenhou uma rota at\u00e9 \u00e0 baliza do Benfica e ningu\u00e9m o conseguiu parar. Sudakov foi pendurado nas costas dele, mas nunca conseguiu fazer nada, nem Otamendi, que estava condicionado por um amarelo. Zalazar chegou \u00e0 \u00e1rea e fez o 2-0 para o Sp. Braga. Justo para o que o Sp. Braga tinha feito e para o que o Benfica n\u00e3o tinha arte para fazer.<\/p>\n<p>        &#13;<br \/>\n            &#13;<\/p>\n<p>Alguma coisa ter\u00e1 dito Mourinho ao intervalo, que o Benfica entrou com outra urg\u00eancia. E com Prestianni (um avan\u00e7ado!) no lugar de Manu. Essa vontade aproximou o Benfica da baliza de Hornicek e do golo. Aos 62\u2019, depois de uma falta de Paulo Oliveira sobre Pavlidis castigada com pen\u00e1lti, foi o grego a assumir a convers\u00e3o e a marcar o 2-1, dando uma vida extra ao Benfica nesta meia-final. Mas os \u201cencarnados\u201d n\u00e3o fizeram nada com ela.<\/p>\n<p>        &#13;<br \/>\n            &#13;<\/p>\n<p>Foi o Sp. Braga a chegar ao 3-1, aos 81&#8242;, numa recarga de Lagerbielke a uma defesa de Trubin ao que seria um autogolo de Ara\u00fajo. E o Benfica, que j\u00e1 n\u00e3o tinha muito para dar, deixou o jogo seguir o seu curso &#8211; e ainda perdeu Otamendi, expulso com segundo amarelo aos 89&#8242;, para o jogo da Ta\u00e7a com o FC Porto. Este jogo Mourinho n\u00e3o vai dizer que ganhou. Perdeu e perdeu bem.<\/p>\n","protected":false},"excerpt":{"rendered":"Espanhol de nascimento, uruguaio como nacionalidade futebol\u00edstica, Rodrigo Zalazar j\u00e1 n\u00e3o \u00e9 nenhuma novidade no futebol portugu\u00eas. Ele&hellip;\n","protected":false},"author":2,"featured_media":219843,"comment_status":"","ping_status":"","sticky":false,"template":"","format":"standard","meta":{"footnotes":""},"categories":[87],"tags":[135,524,280,32,33,3099,1233,134,5344],"class_list":{"0":"post-219842","1":"post","2":"type-post","3":"status-publish","4":"format-standard","5":"has-post-thumbnail","7":"category-desporto","8":"tag-desporto","9":"tag-futebol","10":"tag-futebol-nacional","11":"tag-portugal","12":"tag-pt","13":"tag-sl-benfica","14":"tag-sp-braga","15":"tag-sports","16":"tag-taca-da-liga"},"share_on_mastodon":{"url":"https:\/\/pubeurope.com\/@pt\/115856541676394871","error":""},"_links":{"self":[{"href":"https:\/\/www.europesays.com\/pt\/wp-json\/wp\/v2\/posts\/219842","targetHints":{"allow":["GET"]}}],"collection":[{"href":"https:\/\/www.europesays.com\/pt\/wp-json\/wp\/v2\/posts"}],"about":[{"href":"https:\/\/www.europesays.com\/pt\/wp-json\/wp\/v2\/types\/post"}],"author":[{"embeddable":true,"href":"https:\/\/www.europesays.com\/pt\/wp-json\/wp\/v2\/users\/2"}],"replies":[{"embeddable":true,"href":"https:\/\/www.europesays.com\/pt\/wp-json\/wp\/v2\/comments?post=219842"}],"version-history":[{"count":0,"href":"https:\/\/www.europesays.com\/pt\/wp-json\/wp\/v2\/posts\/219842\/revisions"}],"wp:featuredmedia":[{"embeddable":true,"href":"https:\/\/www.europesays.com\/pt\/wp-json\/wp\/v2\/media\/219843"}],"wp:attachment":[{"href":"https:\/\/www.europesays.com\/pt\/wp-json\/wp\/v2\/media?parent=219842"}],"wp:term":[{"taxonomy":"category","embeddable":true,"href":"https:\/\/www.europesays.com\/pt\/wp-json\/wp\/v2\/categories?post=219842"},{"taxonomy":"post_tag","embeddable":true,"href":"https:\/\/www.europesays.com\/pt\/wp-json\/wp\/v2\/tags?post=219842"}],"curies":[{"name":"wp","href":"https:\/\/api.w.org\/{rel}","templated":true}]}}