{"id":219849,"date":"2026-01-08T00:04:11","date_gmt":"2026-01-08T00:04:11","guid":{"rendered":"https:\/\/www.europesays.com\/pt\/219849\/"},"modified":"2026-01-08T00:04:11","modified_gmt":"2026-01-08T00:04:11","slug":"tecnologica-portuguesa-compra-brasileira-fenix-com-eua-na-bagagem-tecnologias","status":"publish","type":"post","link":"https:\/\/www.europesays.com\/pt\/219849\/","title":{"rendered":"Tecnol\u00f3gica portuguesa compra brasileira F\u00eanix com EUA na bagagem &#8211; Tecnologias"},"content":{"rendered":"<p class=\"\">&#13;<br \/>\n        \u201cApesar de estarmos sob NDA [acordo de confidencialidade], podemos adiantar que as geografias onde estamos em processo de M&amp;A s\u00e3o Brasil, Col\u00f4mbia, Rep\u00fablica Dominicana e Egito\u201d, revelava ao Neg\u00f3cios o CEO da Arquiconsult, em maio do ano passado.&#13;\n    <\/p>\n<p class=\"\">&#13;<br \/>\n        Oito meses depois, a tecnol\u00f3gica anuncia que refor\u00e7ou a sua estrat\u00e9gia de internacionaliza\u00e7\u00e3o com a entrada no mercado brasileiro, decis\u00e3o que surge da \u201cnecessidade de explorar geografias com maior valor acrescentado e diversifica\u00e7\u00e3o, face \u00e0s limita\u00e7\u00f5es do mercado portugu\u00eas\u201d, explica a empresa, em comunicado.&#13;\n    <\/p>\n<p class=\"\">&#13;<br \/>\n        Para garantir \u201cuma entrada s\u00f3lida\u201d no Brasil, a Aquiconsult adquiriu uma \u201cposi\u00e7\u00e3o maiorit\u00e1ria\u201d na F\u00eanix, parceira local \u201ccom quem mant\u00e9m uma rela\u00e7\u00e3o de confian\u00e7a\u201d h\u00e1 mais de 15 anos.&#13;\n    <\/p>\n<p class=\"\">&#13;<br \/>\n        \u201cO Brasil, pela l\u00edngua comum e pelo estatuto de d\u00e9cima maior economia mundial, representa um destino natural para a empresa portuguesa\u201d, afirma, considerando que o pa\u00eds \u201cvive um momento de crescimento no setor dos sistemas de gest\u00e3o e est\u00e1 a implementar uma reforma fiscal profunda, criando oportunidades para implementa\u00e7\u00e3o de solu\u00e7\u00f5es internacionais\u201d.&#13;\n    <\/p>\n<p class=\"\">&#13;<br \/>\n        O foco inicial do neg\u00f3cio ser\u00e1 o Brasil, \u201csobretudo em empresas de grande dimens\u00e3o nas \u00e1reas de produ\u00e7\u00e3o, agricultura e transportes\u201d. &#13;\n    <\/p>\n<p class=\"\">&#13;<br \/>\n        Para al\u00e9m disso, o facto da F\u00e9nix possuir atividade nos Estados Unidos, atrav\u00e9s de uma empresa em Miami, \u201cir\u00e1 permitir a abertura de portas deste mercado\u201d, sinaliza a tecnol\u00f3gica portuguesa. &#13;\n    <\/p>\n<p class=\"\">&#13;<br \/>\n        \u201cA entrada no Brasil \u00e9 um marco estrat\u00e9gico para a Arquiconsult. Este passo refor\u00e7a a nossa miss\u00e3o de levar solu\u00e7\u00f5es inovadoras a mercados com grande potencial e de apoiar empresas europeias na sua expans\u00e3o internacional\u201d, enfatiza Miguel Tiago de Almeida, COO da empresa, sublinhando que \u201ca parceria com a F\u00eanix \u00e9 um exemplo de confian\u00e7a e vis\u00e3o partilhada\u201d, que permitir\u00e1 \u00e0 Arquiconsult \u201ccrescer de forma sustent\u00e1vel e competitiva\u201d.&#13;\n    <\/p>\n<p class=\"\">&#13;<br \/>\n        Com cerca de 50 trabalhadores, \u201ce sendo o \u2018player\u2019 mais relevante do ecossistema Business Apps, no mercado SMB brasileiro, a F\u00eanix constitui uma base s\u00f3lida para o desenvolvimento do neg\u00f3cio\u201d, assinala a Arquiconsult, que tem a expectativa de \u201catingir 40% de crescimento em dois anos\u201d, sem adiantar indicadores financeiros da sua nova subsidi\u00e1ria nem o valor da transa\u00e7\u00e3o.&#13;\n    <\/p>\n<p class=\"\">&#13;<br \/>\n        Especializada no Dynamics Business Central, a F\u00eanix det\u00e9m a localiza\u00e7\u00e3o fiscal brasileira, \u201cessencial para operar no pa\u00eds\u201d. &#13;\n    <\/p>\n<p class=\"\">&#13;<br \/>\n        \u201cEsta integra\u00e7\u00e3o permitir\u00e1 \u00e0 Arquiconsult crescer numa nova geografia, oferecendo suporte a empresas europeias que pretendam expandir-se para o Brasil\u201d, remata a empresa, que \u00e9 especializada em solu\u00e7\u00f5es de gest\u00e3o empresarial, nomeadamente Microsoft Dynamic 365.&#13;\n    <\/p>\n<p class=\"\">&#13;<br \/>\n        A Arquiconsult, que tem escrit\u00f3rios em Portugal, Espanha, Angola, Ar\u00e1bia Saudita e, agora, no Brasil e nos Estados Unidos, emprega mais de 300 pessoas e fechou 2024 com uma fatura\u00e7\u00e3o de 28,8 milh\u00f5es de euros, tendo as receitas gerados nos mercados externos representado 57% do total. &#13;\n    <\/p>\n<p class=\"\">&#13;<br \/>\n        (Not\u00edcia atualizada \u00e0s 10:12)&#13;\n    <\/p>\n","protected":false},"excerpt":{"rendered":"&#13; \u201cApesar de estarmos sob NDA [acordo de confidencialidade], podemos adiantar que as geografias onde estamos em processo&hellip;\n","protected":false},"author":2,"featured_media":219850,"comment_status":"","ping_status":"","sticky":false,"template":"","format":"standard","meta":{"footnotes":""},"categories":[83],"tags":[1145,88,89,90,235,32,33,2326,654,849],"class_list":{"0":"post-219849","1":"post","2":"type-post","3":"status-publish","4":"format-standard","5":"has-post-thumbnail","7":"category-empresas","8":"tag-arabia-saudita","9":"tag-business","10":"tag-economy","11":"tag-empresas","12":"tag-estados-unidos","13":"tag-portugal","14":"tag-pt","15":"tag-rio-de-janeiro","16":"tag-sao-paulo","17":"tag-trabalho"},"share_on_mastodon":{"url":"https:\/\/pubeurope.com\/@pt\/115856557011455124","error":""},"_links":{"self":[{"href":"https:\/\/www.europesays.com\/pt\/wp-json\/wp\/v2\/posts\/219849","targetHints":{"allow":["GET"]}}],"collection":[{"href":"https:\/\/www.europesays.com\/pt\/wp-json\/wp\/v2\/posts"}],"about":[{"href":"https:\/\/www.europesays.com\/pt\/wp-json\/wp\/v2\/types\/post"}],"author":[{"embeddable":true,"href":"https:\/\/www.europesays.com\/pt\/wp-json\/wp\/v2\/users\/2"}],"replies":[{"embeddable":true,"href":"https:\/\/www.europesays.com\/pt\/wp-json\/wp\/v2\/comments?post=219849"}],"version-history":[{"count":0,"href":"https:\/\/www.europesays.com\/pt\/wp-json\/wp\/v2\/posts\/219849\/revisions"}],"wp:featuredmedia":[{"embeddable":true,"href":"https:\/\/www.europesays.com\/pt\/wp-json\/wp\/v2\/media\/219850"}],"wp:attachment":[{"href":"https:\/\/www.europesays.com\/pt\/wp-json\/wp\/v2\/media?parent=219849"}],"wp:term":[{"taxonomy":"category","embeddable":true,"href":"https:\/\/www.europesays.com\/pt\/wp-json\/wp\/v2\/categories?post=219849"},{"taxonomy":"post_tag","embeddable":true,"href":"https:\/\/www.europesays.com\/pt\/wp-json\/wp\/v2\/tags?post=219849"}],"curies":[{"name":"wp","href":"https:\/\/api.w.org\/{rel}","templated":true}]}}