{"id":219851,"date":"2026-01-08T00:05:07","date_gmt":"2026-01-08T00:05:07","guid":{"rendered":"https:\/\/www.europesays.com\/pt\/219851\/"},"modified":"2026-01-08T00:05:07","modified_gmt":"2026-01-08T00:05:07","slug":"agente-do-ice-mata-mulher-a-tiro-durante-operacao-policial-observador","status":"publish","type":"post","link":"https:\/\/www.europesays.com\/pt\/219851\/","title":{"rendered":"Agente do ICE mata mulher a tiro durante opera\u00e7\u00e3o policial \u2013 Observador"},"content":{"rendered":"<p>Um agente do Servi\u00e7o de Imigra\u00e7\u00e3o e Alf\u00e2ndega dos EUA (ICE) matou uma mulher de 37 anos durante uma opera\u00e7\u00e3o policial esta quarta-feira em Minneapolis, avan\u00e7ou o Departamento de Seguran\u00e7a Interna. A mulher\u00a0ter\u00e1 tentado atropelar os agentes no local.<\/p>\n<p>Segundo o <a href=\"https:\/\/www.nytimes.com\/live\/2026\/01\/07\/us\/minnesota-shooting-ice\" rel=\"nofollow noopener\" target=\"_blank\">New York Times<\/a>, o tiroteio aconteceu quando os agentes estavam a realizar \u201copera\u00e7\u00f5es direcionadas\u201d e foram confrontados por manifestantes. A v\u00edtima, mulher de um ativista proeminente, ter\u00e1 usado \u201co seu ve\u00edculo como arma, tentando atropelar os nossos agentes com o objetivo de mat\u00e1-los\u201d, afirmou a porta-voz do Departamento de Seguran\u00e7a Interna. J\u00e1 a deputada Ilhan Omar descreveu a pessoa como uma \u201cobservadora legal\u201d.<\/p>\n<blockquote class=\"twitter-tweet\" data-width=\"500\" data-dnt=\"true\">\n<p lang=\"en\" dir=\"ltr\">Three video angles of the Minneapolis shooting, all slowed down and zoomed in.<\/p>\n<p>The Department of Homeland Security says the officer acted in self-defense.<\/p>\n<p>Minneapolis mayor Jacob Frey and now Minnesota Governor Tim Walz say they have &#8220;seen the video&#8221; and are telling people not\u2026 <a href=\"https:\/\/t.co\/LdadsX6HNm\" rel=\"nofollow\">pic.twitter.com\/LdadsX6HNm<\/a><\/p>\n<p>\u2014 Collin Rugg (@CollinRugg) <a href=\"https:\/\/twitter.com\/CollinRugg\/status\/2008984798271094791?ref_src=twsrc%5Etfw\" rel=\"nofollow noopener\" target=\"_blank\">January 7, 2026<\/a><\/p>\n<\/blockquote>\n<p>Na Truth Social, Donald Trump comentou o incidente, revelenado que viu um v\u00eddeo do mesmo, que descreveu como \u201cuma coisa horr\u00edvel de ver\u201d: \u201cA mulher a gritar era, obviamente, um agitador profissional, e a mulher a conduzir o carro estava muito desordeira, obstruindo e resistindo, que de ent\u00e3o violentamente, deliberadamente e cruelmente atropelou o agente do ICE, que parece ter disparado contra ela em leg\u00edtima defesa\u201d, come\u00e7ou por escrever o Presidente dos EUA, que d\u00e1 ainda conta de que o agente est\u00e1 a recuperar no hospital.<\/p>\n<blockquote class=\"twitter-tweet\" data-width=\"500\" data-dnt=\"true\">\n<p lang=\"zxx\" dir=\"ltr\"><a href=\"https:\/\/t.co\/VzwK434dHt\" rel=\"nofollow\">pic.twitter.com\/VzwK434dHt<\/a><\/p>\n<p>\u2014 Rapid Response 47 (@RapidResponse47) <a href=\"https:\/\/twitter.com\/RapidResponse47\/status\/2008999473989484826?ref_src=twsrc%5Etfw\" rel=\"nofollow noopener\" target=\"_blank\">January 7, 2026<\/a><\/p>\n<\/blockquote>\n<p>\u201cA raz\u00e3o pela qual estes incidentes est\u00e3o a acontecer \u00e9 porque a esquerda radical est\u00e1 a amea\u00e7ar, a agredir e a atacar os nossos agentes de autoridade e do ICE diariamente. Eles est\u00e3o s\u00f3 a tentar fazer o seu trabalho de manter os EUA seguros\u201d, acrescentou.<\/p>\n<p>Em comunicado, o autarca de Minneapolis, Jacob Frey, confirmou ter tido conhecimento do tiroteio, <strong>acusando os agentes do ICE de estar a \u201ccausar caos na cidade\u201d e exigindo que o servi\u00e7o \u201cdeixe a cidade imediatamente\u201d<\/strong>. \u201cDefendemos integralmente nossas comunidades de imigrantes e refugiados\u201d, acrescentou.<\/p>\n<blockquote class=\"twitter-tweet\" data-width=\"500\" data-dnt=\"true\">\n<p lang=\"en\" dir=\"ltr\">I am aware of a shooting involving an ICE agent at 34th Street &amp; Portland. The presence of federal immigration enforcement agents is causing chaos in our city. We\u2019re demanding ICE to leave the city immediately. We stand rock solid with our immigrant and refugee communities.<\/p>\n<p>\u2014 Mayor Jacob Frey (@MayorFrey) <a href=\"https:\/\/twitter.com\/MayorFrey\/status\/2008945355925364762?ref_src=twsrc%5Etfw\" rel=\"nofollow noopener\" target=\"_blank\">January 7, 2026<\/a><\/p>\n<\/blockquote>\n<p>Na mesma linha est\u00e1 o comunicado da cidade de Minneapolis, citado no <a href=\"https:\/\/abcnews.go.com\/US\/ice-related-shooting-occurred-minnesota-governor\/story?id=128984401\" rel=\"nofollow noopener\" target=\"_blank\">ABC News<\/a>, que pede \u00e0s pessoas para evitarem a \u00e1rea: \u201cEstamos a trabalhar para confirmar informa\u00e7\u00f5es adicionais, mas o que sabemos \u00e9 que a presen\u00e7a de agentes federais de imigra\u00e7\u00e3o <strong>est\u00e1 a causar caos na nossa cidade e a tornar a nossa comunidade menos segura<\/strong>\u201c.<\/p>\n<p>Por sua vez, o governador do Minnesota, Tim Walz, disse que o seu gabinete est\u00e1 a trabalhar para \u201creunir informa\u00e7\u00f5es sobre um tiroteio relacionado com o ICE\u201d da manh\u00e3 desta quarta. \u201cPartilharemos informa\u00e7\u00f5es \u00e0 medida que soubermos mais. Entretanto, pe\u00e7o \u00e0s pessoas que mantenham a calma\u201d, <a href=\"https:\/\/twitter.com\/GovTimWalz\/status\/2008943209091879005\" rel=\"nofollow noopener\" target=\"_blank\">publicou no X.<\/a><\/p>\n<p>Em rea\u00e7\u00e3o \u00e0 morte da mulher de 37 anos, centenas pessoas juntaram-se na Foley Square, em Manhattan, para <a href=\"https:\/\/x.com\/MDiamond8\/status\/2009044891394035857\" rel=\"nofollow\">protestar contra o ICE<\/a> esta quarta-feira \u00e0 noite.<\/p>\n<p>Not\u00edcia atualizada \u00e0s 23h22 com o v\u00eddeo do incidente<\/p>\n<p>            <script async src=\"https:\/\/platform.twitter.com\/widgets.js\" charset=\"utf-8\"><\/script><\/p>\n","protected":false},"excerpt":{"rendered":"Um agente do Servi\u00e7o de Imigra\u00e7\u00e3o e Alf\u00e2ndega dos EUA (ICE) matou uma mulher de 37 anos durante&hellip;\n","protected":false},"author":2,"featured_media":219852,"comment_status":"","ping_status":"","sticky":false,"template":"","format":"standard","meta":{"footnotes":""},"categories":[50],"tags":[624,27,28,623,15,16,14,25,26,21,22,62,12,13,19,20,23,24,17,18,29,30,31,63,64,65],"class_list":{"0":"post-219851","1":"post","2":"type-post","3":"status-publish","4":"format-standard","5":"has-post-thumbnail","7":"category-mundo","8":"tag-amu00e9rica","9":"tag-breaking-news","10":"tag-breakingnews","11":"tag-estados-unidos-da-amu00e9rica","12":"tag-featured-news","13":"tag-featurednews","14":"tag-headlines","15":"tag-latest-news","16":"tag-latestnews","17":"tag-main-news","18":"tag-mainnews","19":"tag-mundo","20":"tag-news","21":"tag-noticias","22":"tag-noticias-principais","23":"tag-noticiasprincipais","24":"tag-principais-noticias","25":"tag-principaisnoticias","26":"tag-top-stories","27":"tag-topstories","28":"tag-ultimas","29":"tag-ultimas-noticias","30":"tag-ultimasnoticias","31":"tag-world","32":"tag-world-news","33":"tag-worldnews"},"share_on_mastodon":{"url":"https:\/\/pubeurope.com\/@pt\/115856560854002596","error":""},"_links":{"self":[{"href":"https:\/\/www.europesays.com\/pt\/wp-json\/wp\/v2\/posts\/219851","targetHints":{"allow":["GET"]}}],"collection":[{"href":"https:\/\/www.europesays.com\/pt\/wp-json\/wp\/v2\/posts"}],"about":[{"href":"https:\/\/www.europesays.com\/pt\/wp-json\/wp\/v2\/types\/post"}],"author":[{"embeddable":true,"href":"https:\/\/www.europesays.com\/pt\/wp-json\/wp\/v2\/users\/2"}],"replies":[{"embeddable":true,"href":"https:\/\/www.europesays.com\/pt\/wp-json\/wp\/v2\/comments?post=219851"}],"version-history":[{"count":0,"href":"https:\/\/www.europesays.com\/pt\/wp-json\/wp\/v2\/posts\/219851\/revisions"}],"wp:featuredmedia":[{"embeddable":true,"href":"https:\/\/www.europesays.com\/pt\/wp-json\/wp\/v2\/media\/219852"}],"wp:attachment":[{"href":"https:\/\/www.europesays.com\/pt\/wp-json\/wp\/v2\/media?parent=219851"}],"wp:term":[{"taxonomy":"category","embeddable":true,"href":"https:\/\/www.europesays.com\/pt\/wp-json\/wp\/v2\/categories?post=219851"},{"taxonomy":"post_tag","embeddable":true,"href":"https:\/\/www.europesays.com\/pt\/wp-json\/wp\/v2\/tags?post=219851"}],"curies":[{"name":"wp","href":"https:\/\/api.w.org\/{rel}","templated":true}]}}