{"id":219985,"date":"2026-01-08T01:55:10","date_gmt":"2026-01-08T01:55:10","guid":{"rendered":"https:\/\/www.europesays.com\/pt\/219985\/"},"modified":"2026-01-08T01:55:10","modified_gmt":"2026-01-08T01:55:10","slug":"belle-silva-mostra-presente-de-r-59-milhoes-que-ganhou-do-marido-thiago-silva","status":"publish","type":"post","link":"https:\/\/www.europesays.com\/pt\/219985\/","title":{"rendered":"Belle Silva mostra presente de R$ 5,9 milh\u00f5es que ganhou do marido, Thiago Silva"},"content":{"rendered":"<p>A influenciadora digital <strong>Belle Silva<\/strong> surpreendeu os internautas ao exibir os detalhes do presente milion\u00e1rio que ganhou do seu marido, o jogador de futebol <strong>Thiago Silva<\/strong>. Ele presenteou a amada com um iate avaliado em R$ 5,9 milh\u00f5es para que eles pudessem passar as f\u00e9rias em Angra dos Reis, sendo que moram na Europa.<\/p>\n<p>Nesta semana, ela passou alguns dias \u00e0 bordo de seu iate e gravou um v\u00eddeo nos stories do Instagram com os detalhes da embarca\u00e7\u00e3o. Nas imagens, ela mostrou o estilo luxuoso do barco, com su\u00edtes e estofados de luxo.<\/p>\n<p>\u201cMeu lar\u201d, disse ela. O iate de Belle e Thiago \u00e9 um modelo Azimut 56, que tem 3 andares, 3 su\u00edtes, \u00e1rea de estar e espa\u00e7o gourmet. O barco foi comprado pelo jogador em 2019 como um presente de Natal para a esposa e os filhos.<\/p>\n<p> <img loading=\"lazy\" decoding=\"async\" class=\"wp-image-1054480 size-full img-fluid lazy\" alt=\"Iate de Belle Silva e Thiago Silva - Foto: Reprodu\u00e7\u00e3o \/ Instagram\" width=\"766\" height=\"1370\" src=\"https:\/\/www.europesays.com\/pt\/wp-content\/uploads\/2026\/01\/iate-de-belle-silva-e-thiago-silva-4.jpg\"  \/>Iate de Belle Silva e Thiago Silva \u2013 Foto: Reprodu\u00e7\u00e3o \/ Instagram <img loading=\"lazy\" decoding=\"async\" class=\"wp-image-1054483 size-full img-fluid lazy\" alt=\"Iate de Belle Silva e Thiago Silva - Foto: Reprodu\u00e7\u00e3o \/ Instagram\" width=\"772\" height=\"1372\" src=\"https:\/\/www.europesays.com\/pt\/wp-content\/uploads\/2026\/01\/iate-de-belle-silva-e-thiago-silva.jpg\"  \/>Iate de Belle Silva e Thiago Silva \u2013 Foto: Reprodu\u00e7\u00e3o \/ Instagram <img loading=\"lazy\" decoding=\"async\" class=\"wp-image-1054481 size-full img-fluid lazy\" alt=\"Iate de Belle Silva e Thiago Silva - Foto: Reprodu\u00e7\u00e3o \/ Instagram\" width=\"768\" height=\"1360\" src=\"https:\/\/www.europesays.com\/pt\/wp-content\/uploads\/2026\/01\/iate-de-belle-silva-e-thiago-silva-5.jpg\"  \/>Iate de Belle Silva e Thiago Silva \u2013 Foto: Reprodu\u00e7\u00e3o \/ Instagram <img loading=\"lazy\" decoding=\"async\" class=\"wp-image-1054478 size-full img-fluid lazy\" alt=\"Iate de Belle Silva e Thiago Silva - Foto: Reprodu\u00e7\u00e3o \/ Instagram\" width=\"760\" height=\"1356\" src=\"https:\/\/www.europesays.com\/pt\/wp-content\/uploads\/2026\/01\/iate-de-belle-silva-e-thiago-silva-2.jpg\"  \/>Iate de Belle Silva e Thiago Silva \u2013 Foto: Reprodu\u00e7\u00e3o \/ Instagram <img loading=\"lazy\" decoding=\"async\" class=\"wp-image-1054482 size-full img-fluid lazy\" alt=\"Iate de Belle Silva e Thiago Silva - Foto: Reprodu\u00e7\u00e3o \/ Instagram\" width=\"774\" height=\"1368\" src=\"https:\/\/www.europesays.com\/pt\/wp-content\/uploads\/2026\/01\/iate-de-belle-silva-e-thiago-silva-6.jpg\"  \/>Iate de Belle Silva e Thiago Silva \u2013 Foto: Reprodu\u00e7\u00e3o \/ Instagram <img loading=\"lazy\" decoding=\"async\" class=\"wp-image-1054479 size-full img-fluid lazy\" alt=\"Iate de Belle Silva e Thiago Silva - Foto: Reprodu\u00e7\u00e3o \/ Instagram\" width=\"756\" height=\"1368\" src=\"https:\/\/www.europesays.com\/pt\/wp-content\/uploads\/2026\/01\/iate-de-belle-silva-e-thiago-silva-3.jpg\"  \/>Iate de Belle Silva e Thiago Silva \u2013 Foto: Reprodu\u00e7\u00e3o \/ Instagram O amor de Belle Silva e Thiago Silva <\/p>\n<p>A trajet\u00f3ria de Thiago Silva nos gramados \u00e9 digna de um roteiro de cinema, mas fora das quatro linhas, sua vida pessoal guarda uma narrativa igualmente poderosa. Ao lado de Isabelle Silva, popularmente conhecida como Belle Silva, o zagueiro construiu n\u00e3o apenas uma fam\u00edlia, mas uma parceria s\u00f3lida que resistiu a desafios extremos, desde a pobreza no Rio de Janeiro at\u00e9 uma grave doen\u00e7a na R\u00fassia.<\/p>\n<p>A hist\u00f3ria do casal come\u00e7ou muito antes da fama e dos t\u00edtulos internacionais. Naturais do Rio de Janeiro, Thiago e Belle se conhecem desde a inf\u00e2ncia. Thiago era amigo pr\u00f3ximo do irm\u00e3o de Belle e os dois cresceram no mesmo bairro, na Zona Oeste carioca. Naquela \u00e9poca, o futuro capit\u00e3o da Sele\u00e7\u00e3o Brasileira ainda n\u00e3o desfrutava da estabilidade financeira que o futebol proporciona.<\/p>\n<p>Belle relembra com frequ\u00eancia em suas redes sociais que, no in\u00edcio do namoro, em 2004, Thiago n\u00e3o tinha dinheiro e a realidade era de muita simplicidade. Eles come\u00e7aram a namorar quando ela tinha 17 anos e ele j\u00e1 buscava seu espa\u00e7o no futebol profissional, passando por clubes como o Juventude, no Rio Grande do Sul.<\/p>\n<p> Vida em fam\u00edlia e os herdeiros em Londres <\/p>\n<p>O casal \u00e9 pai de dois meninos, Isago e Iago. Seguindo os passos do pai, os jovens iniciaram suas trajet\u00f3rias no futebol nas categorias de base do Chelsea, em Londres, onde a fam\u00edlia estabeleceu ra\u00edzes profundas durante a passagem do zagueiro pelo clube ingl\u00eas.<\/p>\n<p>Em 2024, com o retorno de Thiago Silva ao Fluminense, o casal tomou uma decis\u00e3o moderna e focada no futuro dos filhos: viver temporariamente em pa\u00edses diferentes. Enquanto o Monstro retornou ao Rio de Janeiro para atuar pelo Tricolor, Belle e os filhos permaneceram em Londres para n\u00e3o interromper os estudos e a rotina esportiva dos meninos.<\/p>\n<p>\t Retorno \u00e0 Europa em 2026 e novos horizontes <\/p>\n<p>Recentemente, a din\u00e2mica familiar passou por uma nova mudan\u00e7a. No in\u00edcio de 2026, Thiago Silva encerrou seu ciclo no Fluminense para retornar \u00e0 Europa, assinando com o Porto, de Portugal. A decis\u00e3o foi amplamente motivada pelo desejo do jogador de estar geograficamente mais pr\u00f3ximo da esposa e dos filhos, que continuam baseados no continente europeu.<\/p>\n<p>Belle Silva, hoje uma influenciadora de sucesso com milh\u00f5es de seguidores, segue sendo a maior defensora do marido. Conhecida por n\u00e3o ter papas na l\u00edngua, ela utiliza suas plataformas para mostrar os bastidores da vida de atleta, defender Thiago de cr\u00edticas e compartilhar a rotina de uma das fam\u00edlias mais queridas do esporte brasileiro.<\/p>\n<p>        <a href=\"https:\/\/caras.com.br\/autor\/priscilla-comoti\" rel=\"nofollow noopener\" target=\"_blank\">&#13;<br \/>\n          <img alt=\"Priscilla Comoti\" src=\"https:\/\/www.europesays.com\/pt\/wp-content\/uploads\/2026\/01\/1767837310_95_e53883bdf02c542f6517b68879e8cb08b27a1d55c4dfd53577e47d3ab6331a06.png\"  class=\"avatar avatar-115 photo rounded-circle mr-3\" height=\"115\" width=\"115\" loading=\"lazy\" decoding=\"async\"\/>        <\/a><\/p>\n<p>Priscilla Comoti \u00e9 editora de conte\u00fado do site CARAS. Ela \u00e9 formada em jornalismo e em audiovisual, j\u00e1 passou pelos sites Contigo!, Minha Novela, TiTiTi, Mais Novela e Portal M\u00e1rcia Piovesan. Escreve sobre celebridades, not\u00edcias sobre a fam\u00edlia real brit\u00e2nica, TV, reality show e novelas.<\/p>\n","protected":false},"excerpt":{"rendered":"A influenciadora digital Belle Silva surpreendeu os internautas ao exibir os detalhes do presente milion\u00e1rio que ganhou do&hellip;\n","protected":false},"author":2,"featured_media":219986,"comment_status":"","ping_status":"","sticky":false,"template":"","format":"standard","meta":{"footnotes":"","_share_on_mastodon":"0"},"categories":[145],"tags":[42631,211,210,114,115,18145,32,33,39129],"class_list":["post-219985","post","type-post","status-publish","format-standard","has-post-thumbnail","category-celebridades","tag-belle-silva","tag-celebridades","tag-celebrities","tag-entertainment","tag-entretenimento","tag-iate","tag-portugal","tag-pt","tag-thiago-silva"],"share_on_mastodon":{"url":"https:\/\/pubeurope.com\/@pt\/115856993444150187","error":""},"_links":{"self":[{"href":"https:\/\/www.europesays.com\/pt\/wp-json\/wp\/v2\/posts\/219985","targetHints":{"allow":["GET"]}}],"collection":[{"href":"https:\/\/www.europesays.com\/pt\/wp-json\/wp\/v2\/posts"}],"about":[{"href":"https:\/\/www.europesays.com\/pt\/wp-json\/wp\/v2\/types\/post"}],"author":[{"embeddable":true,"href":"https:\/\/www.europesays.com\/pt\/wp-json\/wp\/v2\/users\/2"}],"replies":[{"embeddable":true,"href":"https:\/\/www.europesays.com\/pt\/wp-json\/wp\/v2\/comments?post=219985"}],"version-history":[{"count":0,"href":"https:\/\/www.europesays.com\/pt\/wp-json\/wp\/v2\/posts\/219985\/revisions"}],"wp:featuredmedia":[{"embeddable":true,"href":"https:\/\/www.europesays.com\/pt\/wp-json\/wp\/v2\/media\/219986"}],"wp:attachment":[{"href":"https:\/\/www.europesays.com\/pt\/wp-json\/wp\/v2\/media?parent=219985"}],"wp:term":[{"taxonomy":"category","embeddable":true,"href":"https:\/\/www.europesays.com\/pt\/wp-json\/wp\/v2\/categories?post=219985"},{"taxonomy":"post_tag","embeddable":true,"href":"https:\/\/www.europesays.com\/pt\/wp-json\/wp\/v2\/tags?post=219985"}],"curies":[{"name":"wp","href":"https:\/\/api.w.org\/{rel}","templated":true}]}}