{"id":220008,"date":"2026-01-08T02:23:16","date_gmt":"2026-01-08T02:23:16","guid":{"rendered":"https:\/\/www.europesays.com\/pt\/220008\/"},"modified":"2026-01-08T02:23:16","modified_gmt":"2026-01-08T02:23:16","slug":"dois-autocarros-portugueses-envolvidos-em-acidente-grave-com-100-viaturas-em-franca","status":"publish","type":"post","link":"https:\/\/www.europesays.com\/pt\/220008\/","title":{"rendered":"Dois autocarros portugueses envolvidos em acidente grave com 100 viaturas em Fran\u00e7a"},"content":{"rendered":"<p>Um acidente grave na autoestrada A63, entre Bord\u00e9us e a fronteira com Espanha, causou, esta ter\u00e7a-feira, pelo menos dois mortos e entre 50 e 70 feridos, avan\u00e7a a <a href=\"https:\/\/sicnoticias.pt\/mundo\/2026-01-06-autocarro-portugues-envolvido-em-acidente-grave-com-100-carros-em-franca-67f4ebef\" target=\"_blank\" rel=\"noopener noreferrer nofollow\">SIC Not\u00edcias.<\/a><\/p>\n<p>Segundo a imprensa gaulesa, o acidente ocorreu por volta das 07:00 locais (06:00 em Portugal continental), junto a Saint-Geours-de-Maremne &#8211; na regi\u00e3o de Landes, sudoeste de Fran\u00e7a &#8211; e originou um choque em cadeia com cerca de 100 viaturas, entre cami\u00f5es, autocarros e ligeiros.<\/p>\n<p>Pelo menos dois dos autocarros envolvidos no choque em cadeia t\u00eam matr\u00edcula portuguesa: um da FlixBus e outro da Ovnitur.<\/p>\n<p>A imprensa francesa adianta que o choque em cadeia aconteceu na sequ\u00eancia do despiste de um cami\u00e3o semirreboque contra o separador central da A63, em dire\u00e7\u00e3o a Bayonne. Em simult\u00e2neo, um cami\u00e3o que transportava mat\u00e9rias inflam\u00e1veis tombou na mesma estrada.<\/p>\n<p>Este duplo acidente obrigou centenas de ve\u00edculos a abrandar. Um autocarro da FlixBus, com matr\u00edcula portuguesa, que viajava entre Paris e Madrid, encostou na berma e foi atingido por outro autocarro.<\/p>\n<p>Numa nota enviada \u00e0s reda\u00e7\u00f5es, a FlixBus explica que &#8220;o ve\u00edculo travou para evitar tr\u00e2nsito parado na via, tendo sido posteriormente atingido na retaguarda por um autocarro de uma outra empresa, o que levou \u00e0 colis\u00e3o com o cami\u00e3o que inicialmente tentava evitar&#8221;.<\/p>\n<p>D.R.<\/p>\n<p>A empresa adianta ainda que a viatura transportava 43 passageiros e dois motoristas no momento do acidente. Um dos passageiros morreu; um dos motoristas e v\u00e1rios passageiros sofreram ferimentos.<\/p>\n<p>As causas do acidente s\u00e3o ainda desconhecidas, mas a chuva e o gelo na estrada ter\u00e3o estado na origem: &#8220;Est\u00e1 tanto frio e com tanto gelo que mal se consegue ficar em p\u00e9 na estrada&#8221;, disse um dos elementos da Prote\u00e7\u00e3o Civil local, citado pela France3.<\/p>\n<p>Uma terceira pessoa morreu num outro acidente, que tamb\u00e9m ocorreu esta manh\u00e3 na regi\u00e3o de Landes, mas na estrada RD824, perto de Saint-Paul-l\u00e8s-Dax.<\/p>\n","protected":false},"excerpt":{"rendered":"Um acidente grave na autoestrada A63, entre Bord\u00e9us e a fronteira com Espanha, causou, esta ter\u00e7a-feira, pelo menos&hellip;\n","protected":false},"author":2,"featured_media":217578,"comment_status":"","ping_status":"","sticky":false,"template":"","format":"standard","meta":{"footnotes":""},"categories":[10],"tags":[27,28,15,16,14,25,26,21,22,12,13,19,20,32,23,24,33,17,18,29,30,31],"class_list":{"0":"post-220008","1":"post","2":"type-post","3":"status-publish","4":"format-standard","5":"has-post-thumbnail","7":"category-portugal","8":"tag-breaking-news","9":"tag-breakingnews","10":"tag-featured-news","11":"tag-featurednews","12":"tag-headlines","13":"tag-latest-news","14":"tag-latestnews","15":"tag-main-news","16":"tag-mainnews","17":"tag-news","18":"tag-noticias","19":"tag-noticias-principais","20":"tag-noticiasprincipais","21":"tag-portugal","22":"tag-principais-noticias","23":"tag-principaisnoticias","24":"tag-pt","25":"tag-top-stories","26":"tag-topstories","27":"tag-ultimas","28":"tag-ultimas-noticias","29":"tag-ultimasnoticias"},"share_on_mastodon":{"url":"https:\/\/pubeurope.com\/@pt\/115857103472239741","error":""},"_links":{"self":[{"href":"https:\/\/www.europesays.com\/pt\/wp-json\/wp\/v2\/posts\/220008","targetHints":{"allow":["GET"]}}],"collection":[{"href":"https:\/\/www.europesays.com\/pt\/wp-json\/wp\/v2\/posts"}],"about":[{"href":"https:\/\/www.europesays.com\/pt\/wp-json\/wp\/v2\/types\/post"}],"author":[{"embeddable":true,"href":"https:\/\/www.europesays.com\/pt\/wp-json\/wp\/v2\/users\/2"}],"replies":[{"embeddable":true,"href":"https:\/\/www.europesays.com\/pt\/wp-json\/wp\/v2\/comments?post=220008"}],"version-history":[{"count":0,"href":"https:\/\/www.europesays.com\/pt\/wp-json\/wp\/v2\/posts\/220008\/revisions"}],"wp:featuredmedia":[{"embeddable":true,"href":"https:\/\/www.europesays.com\/pt\/wp-json\/wp\/v2\/media\/217578"}],"wp:attachment":[{"href":"https:\/\/www.europesays.com\/pt\/wp-json\/wp\/v2\/media?parent=220008"}],"wp:term":[{"taxonomy":"category","embeddable":true,"href":"https:\/\/www.europesays.com\/pt\/wp-json\/wp\/v2\/categories?post=220008"},{"taxonomy":"post_tag","embeddable":true,"href":"https:\/\/www.europesays.com\/pt\/wp-json\/wp\/v2\/tags?post=220008"}],"curies":[{"name":"wp","href":"https:\/\/api.w.org\/{rel}","templated":true}]}}